{"id":6879,"date":"2014-07-29T08:22:44","date_gmt":"2014-07-29T11:22:44","guid":{"rendered":"http:\/\/www.sincomam.org.br\/?p=6879"},"modified":"2014-07-28T22:28:24","modified_gmt":"2014-07-29T01:28:24","slug":"lancado-edital-de-dragagem-para-porto-do-rio","status":"publish","type":"post","link":"https:\/\/www.sincomam.org.br\/index.php\/lancado-edital-de-dragagem-para-porto-do-rio\/","title":{"rendered":"Lan\u00e7ado edital de dragagem para Porto do Rio"},"content":{"rendered":"<p>A Secretaria de Portos da Presid\u00eancia da Rep\u00fablica publica nesta segunda-feira (28) aviso de licita\u00e7\u00e3o para contrata\u00e7\u00e3o de empresa para a execu\u00e7\u00e3o de obras de dragagem por resultado do complexo portu\u00e1rio do Rio de Janeiro.<\/p>\n<p>A licita\u00e7\u00e3o ser\u00e1 feita pelo Regime de Contrata\u00e7\u00e3o Integrada (RDC), previsto no artigo 9\u00ba da Lei 12.462\/2011. O certame compreender\u00e1 a elabora\u00e7\u00e3o do projeto b\u00e1sico e executivo, a execu\u00e7\u00e3o das obras de dragagem, al\u00e9m dos servi\u00e7os de fornecimento e instala\u00e7\u00e3o de novos cabos submarinos de energia el\u00e9trica, incluindo instala\u00e7\u00e3o do Sistema de Gera\u00e7\u00e3o de Energia em Emerg\u00eancia, fornecimento e instala\u00e7\u00e3o de novos alimentadores de energia el\u00e9trica e nova adutora de \u00e1gua pot\u00e1vel.<\/p>\n<p>O edital estar\u00e1 dispon\u00edvel a partir de quarta-feira (30), no s\u00edtio da SEP\/PR.<\/p>\n<p>As obras do porto do Rio de Janeiro fazem parte da segunda fase do Plano Nacional de Dragagem (PND-2), institu\u00eddo pelo novo marco regulat\u00f3rio do setor. O PND2, lan\u00e7ado em 2012 pela presidenta Dilma Rousseff, integra o Programa de Investimento em Log\u00edstica \u2013 Portos.<\/p>\n<p>A licita\u00e7\u00e3o para dragagem do porto de Santos, cujas propostas foram apresentadas no dia 27 de junho, est\u00e1 em etapa de negocia\u00e7\u00e3o com o primeiro colocado, uma vez que os valores apresentados estavam acima do proposto no edital. O resultado dever\u00e1 ser anunciado at\u00e9 o m\u00eas de agosto.<\/p>\n<p>Os pr\u00f3ximos editais previstos no PND2 s\u00e3o para os portos de Paranagu\u00e1 (PR), Rio Grande (RS), Mucuripe (CE) e Macei\u00f3 (AL).<\/p>\n<p>Fonte: Portos e Navios<\/p>\n","protected":false},"excerpt":{"rendered":"<p>A Secretaria de Portos da Presid\u00eancia da Rep\u00fablica publica nesta segunda-feira (28) aviso de licita\u00e7\u00e3o para contrata\u00e7\u00e3o de empresa para a execu\u00e7\u00e3o de obras de&#8230;<\/p>\n","protected":false},"author":1182,"featured_media":3259,"comment_status":"closed","ping_status":"closed","sticky":false,"template":"","format":"standard","meta":{"footnotes":""},"categories":[6],"tags":[],"class_list":["post-6879","post","type-post","status-publish","format-standard","has-post-thumbnail","hentry","category-noticias"],"_links":{"self":[{"href":"https:\/\/www.sincomam.org.br\/index.php\/wp-json\/wp\/v2\/posts\/6879","targetHints":{"allow":["GET"]}}],"collection":[{"href":"https:\/\/www.sincomam.org.br\/index.php\/wp-json\/wp\/v2\/posts"}],"about":[{"href":"https:\/\/www.sincomam.org.br\/index.php\/wp-json\/wp\/v2\/types\/post"}],"author":[{"embeddable":true,"href":"https:\/\/www.sincomam.org.br\/index.php\/wp-json\/wp\/v2\/users\/1182"}],"replies":[{"embeddable":true,"href":"https:\/\/www.sincomam.org.br\/index.php\/wp-json\/wp\/v2\/comments?post=6879"}],"version-history":[{"count":1,"href":"https:\/\/www.sincomam.org.br\/index.php\/wp-json\/wp\/v2\/posts\/6879\/revisions"}],"predecessor-version":[{"id":6880,"href":"https:\/\/www.sincomam.org.br\/index.php\/wp-json\/wp\/v2\/posts\/6879\/revisions\/6880"}],"wp:featuredmedia":[{"embeddable":true,"href":"https:\/\/www.sincomam.org.br\/index.php\/wp-json\/wp\/v2\/media\/3259"}],"wp:attachment":[{"href":"https:\/\/www.sincomam.org.br\/index.php\/wp-json\/wp\/v2\/media?parent=6879"}],"wp:term":[{"taxonomy":"category","embeddable":true,"href":"https:\/\/www.sincomam.org.br\/index.php\/wp-json\/wp\/v2\/categories?post=6879"},{"taxonomy":"post_tag","embeddable":true,"href":"https:\/\/www.sincomam.org.br\/index.php\/wp-json\/wp\/v2\/tags?post=6879"}],"curies":[{"name":"wp","href":"https:\/\/api.w.org\/{rel}","templated":true}]}}