{"id":6819,"date":"2014-07-25T08:43:15","date_gmt":"2014-07-25T11:43:15","guid":{"rendered":"http:\/\/www.sincomam.org.br\/?p=6819"},"modified":"2014-07-24T16:47:27","modified_gmt":"2014-07-24T19:47:27","slug":"petrobras-e-eleita-pela-firjan-como-a-maior-exportadora-do-estado-do-rio-em-2013","status":"publish","type":"post","link":"https:\/\/www.sincomam.org.br\/index.php\/petrobras-e-eleita-pela-firjan-como-a-maior-exportadora-do-estado-do-rio-em-2013\/","title":{"rendered":"Petrobras \u00e9 eleita pela Firjan como a maior exportadora do estado do Rio em 2013"},"content":{"rendered":"<p>A Federa\u00e7\u00e3o das Ind\u00fastrias do Estado do Rio de Janeiro (Firjan) concedeu \u00e0 Petrobras, na ter\u00e7a-feira (22), o Pr\u00eamio Rio Export, na categoria Hors Concours das Exporta\u00e7\u00f5es, por ter sido a principal empresa exportadora do estado do Rio, em 2013. O gerente executivo de Marketing e Comercializa\u00e7\u00e3o do Abastecimento da Petrobras, Abilio Ramos, recebeu o pr\u00eamio em nome da companhia, durante a realiza\u00e7\u00e3o do semin\u00e1rio \u2018Mercosul: Cen\u00e1rio Atual e Futuro do Bloco\u2019, na sede da Firjan, no Centro do Rio.<\/p>\n<p>A Petrobras \u00e9 contemplada com a premia\u00e7\u00e3o de forma consecutiva desde 2003, totalizando 12 edi\u00e7\u00f5es. A partir de 2008, por conta do seu destaque no com\u00e9rcio exterior fluminense, o Centro Internacional de Neg\u00f3cios da Firjan criou a categoria Hors Concours das Exporta\u00e7\u00f5es.<\/p>\n<p>O Pr\u00eamio Rio Export est\u00e1 em sua 17\u00aa edi\u00e7\u00e3o e tem como objetivo valorizar e estimular o desempenho das ind\u00fastrias do Rio de Janeiro em suas rela\u00e7\u00f5es com o mercado externo. O pr\u00eamio avaliou o desempenho das ind\u00fastrias em 2013 a partir de dados da Secretaria de Com\u00e9rcio Exterior, do Minist\u00e9rio do Desenvolvimento, Ind\u00fastria e Com\u00e9rcio Exterior (Secex\/MDIC).<\/p>\n<p>O semin\u00e1rio contou com a participa\u00e7\u00e3o do vice-presidente da Firjan, Carlos Mariani Bittencourt; do diretor do Departamento de Negocia\u00e7\u00f5es Internacionais da Secex, M\u00e1rcio Luiz de Lima; da diretora do Centro de Estudos de Integra\u00e7\u00e3o Internacional (Cindes), Sandra Rios; do diretor do Centro Internacional de Neg\u00f3cios, Amaury Temporal, do MDIC; de Lucia Maduro, membro do Conselho Empresarial de Rela\u00e7\u00f5es Internacionais e consultora da Confedera\u00e7\u00e3o Nacional da Ind\u00fastria (CNI), e de Jean-Marc Lucenet, diretor financeiro da Peugeot-Citro\u00ebn do Brasil.<\/p>\n<p><em>*Na foto: o Gerente executivo de Marketing e Comercializa\u00e7\u00e3o do Abastecimento, Ab\u00edlio Ramos; e o vice-presidente da Firjan, Carlos Mariani Bittencourt, no no 17\u00ba Pr\u00eamio Rio Export, na sede da Firjan, no Rio de Janeiro.<\/em><\/p>\n<p>Fonte: Portal Naval<\/p>\n","protected":false},"excerpt":{"rendered":"<p>A Federa\u00e7\u00e3o das Ind\u00fastrias do Estado do Rio de Janeiro (Firjan) concedeu \u00e0 Petrobras, na ter\u00e7a-feira (22), o Pr\u00eamio Rio Export, na categoria Hors Concours&#8230;<\/p>\n","protected":false},"author":1182,"featured_media":6820,"comment_status":"closed","ping_status":"closed","sticky":false,"template":"","format":"standard","meta":{"footnotes":""},"categories":[6],"tags":[],"class_list":["post-6819","post","type-post","status-publish","format-standard","has-post-thumbnail","hentry","category-noticias"],"_links":{"self":[{"href":"https:\/\/www.sincomam.org.br\/index.php\/wp-json\/wp\/v2\/posts\/6819","targetHints":{"allow":["GET"]}}],"collection":[{"href":"https:\/\/www.sincomam.org.br\/index.php\/wp-json\/wp\/v2\/posts"}],"about":[{"href":"https:\/\/www.sincomam.org.br\/index.php\/wp-json\/wp\/v2\/types\/post"}],"author":[{"embeddable":true,"href":"https:\/\/www.sincomam.org.br\/index.php\/wp-json\/wp\/v2\/users\/1182"}],"replies":[{"embeddable":true,"href":"https:\/\/www.sincomam.org.br\/index.php\/wp-json\/wp\/v2\/comments?post=6819"}],"version-history":[{"count":1,"href":"https:\/\/www.sincomam.org.br\/index.php\/wp-json\/wp\/v2\/posts\/6819\/revisions"}],"predecessor-version":[{"id":6821,"href":"https:\/\/www.sincomam.org.br\/index.php\/wp-json\/wp\/v2\/posts\/6819\/revisions\/6821"}],"wp:featuredmedia":[{"embeddable":true,"href":"https:\/\/www.sincomam.org.br\/index.php\/wp-json\/wp\/v2\/media\/6820"}],"wp:attachment":[{"href":"https:\/\/www.sincomam.org.br\/index.php\/wp-json\/wp\/v2\/media?parent=6819"}],"wp:term":[{"taxonomy":"category","embeddable":true,"href":"https:\/\/www.sincomam.org.br\/index.php\/wp-json\/wp\/v2\/categories?post=6819"},{"taxonomy":"post_tag","embeddable":true,"href":"https:\/\/www.sincomam.org.br\/index.php\/wp-json\/wp\/v2\/tags?post=6819"}],"curies":[{"name":"wp","href":"https:\/\/api.w.org\/{rel}","templated":true}]}}