{"id":6817,"date":"2014-07-25T08:40:54","date_gmt":"2014-07-25T11:40:54","guid":{"rendered":"http:\/\/www.sincomam.org.br\/?p=6817"},"modified":"2014-07-24T16:43:07","modified_gmt":"2014-07-24T19:43:07","slug":"tcu-condena-diretores-da-petrobras-por-perdas-por-pasadena","status":"publish","type":"post","link":"https:\/\/www.sincomam.org.br\/index.php\/tcu-condena-diretores-da-petrobras-por-perdas-por-pasadena\/","title":{"rendered":"TCU condena diretores da Petrobras por perdas por Pasadena"},"content":{"rendered":"<p>Ap\u00f3s um pedido de vista seguido de um recuo por parte do ministro Benjamin Zymler, o plen\u00e1rio do TCU aprovou por unanimidade o relat\u00f3rio do ministro Jos\u00e9 Jorge sobre a compra da refinaria de Pasadena pela Petrobras. O relat\u00f3rio isentou de responsabilidade o conselho de administra\u00e7\u00e3o da estatal, \u00e0 \u00e9poca comandado pela presidente Dilma Rousseff.<\/p>\n<p>Primeiro a votar depois do relator, Zymler disse ter dificuldades em acatar os valores de preju\u00edzo apontados por Jos\u00e9 Jorge, que determinou a devolu\u00e7\u00e3o de US$ 792,3 milh\u00f5es aos cofres da Petrobras. Em seguida, voltou atr\u00e1s e votou com o relator, com a ressalva de que o tema voltasse \u00e0 pauta da corte mais \u00e0 frente.<\/p>\n<p>O relat\u00f3rio determinou a devolu\u00e7\u00e3o pelos preju\u00edzos causados ao patrim\u00f4nio da empresa. O tribunal isentou de responsabilidade os membros do Conselho de Administra\u00e7\u00e3o da empresa, que na \u00e9poca era presidido pela ent\u00e3o ministra da Casa Civil, Dilma Rousseff, hoje presidente da Rep\u00fablica.<\/p>\n<p>Os valores dever\u00e3o ser devolvidos por membros da diretoria executiva da Petrobras, que aprovaram a ata de compra da refinaria, entre eles o ex-presidente da estatal Jos\u00e9 Sergio Gabrielli, al\u00e9m de Nestor Cerver\u00f3, Almir Barbassa, Paulo Roberto Costa, Guilherme Estrella, Renato Duque, Ildo Sauer e Lu\u00eds Carlos Moreira da Silva. Eles ter\u00e3o prazo de 15 dias para apresentar defesa.<\/p>\n<p>Todos os citados ter\u00e3o os bens indispon\u00edveis por um ano para garantir o ressarcimento dos preju\u00edzos. O processo ser\u00e1 convertido em tomada de contas especial, para permitir a apura\u00e7\u00e3o dos danos e a responsabiliza\u00e7\u00e3o dos agentes, al\u00e9m do direito ao contradit\u00f3rio e \u00e0 ampla defesa. Depois dessa etapa, ser\u00e1 feito um novo relat\u00f3rio, que pode mudar valores e at\u00e9 os citados no processo.<\/p>\n<p>Fonte: Valor Econ\u00f4mico\/Murillo Camarotto | Valor, com Ag\u00eancia Brasil<\/p>\n","protected":false},"excerpt":{"rendered":"<p>Ap\u00f3s um pedido de vista seguido de um recuo por parte do ministro Benjamin Zymler, o plen\u00e1rio do TCU aprovou por unanimidade o relat\u00f3rio do&#8230;<\/p>\n","protected":false},"author":1182,"featured_media":5612,"comment_status":"closed","ping_status":"closed","sticky":false,"template":"","format":"standard","meta":{"footnotes":""},"categories":[6],"tags":[],"class_list":["post-6817","post","type-post","status-publish","format-standard","has-post-thumbnail","hentry","category-noticias"],"_links":{"self":[{"href":"https:\/\/www.sincomam.org.br\/index.php\/wp-json\/wp\/v2\/posts\/6817","targetHints":{"allow":["GET"]}}],"collection":[{"href":"https:\/\/www.sincomam.org.br\/index.php\/wp-json\/wp\/v2\/posts"}],"about":[{"href":"https:\/\/www.sincomam.org.br\/index.php\/wp-json\/wp\/v2\/types\/post"}],"author":[{"embeddable":true,"href":"https:\/\/www.sincomam.org.br\/index.php\/wp-json\/wp\/v2\/users\/1182"}],"replies":[{"embeddable":true,"href":"https:\/\/www.sincomam.org.br\/index.php\/wp-json\/wp\/v2\/comments?post=6817"}],"version-history":[{"count":1,"href":"https:\/\/www.sincomam.org.br\/index.php\/wp-json\/wp\/v2\/posts\/6817\/revisions"}],"predecessor-version":[{"id":6818,"href":"https:\/\/www.sincomam.org.br\/index.php\/wp-json\/wp\/v2\/posts\/6817\/revisions\/6818"}],"wp:featuredmedia":[{"embeddable":true,"href":"https:\/\/www.sincomam.org.br\/index.php\/wp-json\/wp\/v2\/media\/5612"}],"wp:attachment":[{"href":"https:\/\/www.sincomam.org.br\/index.php\/wp-json\/wp\/v2\/media?parent=6817"}],"wp:term":[{"taxonomy":"category","embeddable":true,"href":"https:\/\/www.sincomam.org.br\/index.php\/wp-json\/wp\/v2\/categories?post=6817"},{"taxonomy":"post_tag","embeddable":true,"href":"https:\/\/www.sincomam.org.br\/index.php\/wp-json\/wp\/v2\/tags?post=6817"}],"curies":[{"name":"wp","href":"https:\/\/api.w.org\/{rel}","templated":true}]}}