{"id":6809,"date":"2014-07-25T08:24:28","date_gmt":"2014-07-25T11:24:28","guid":{"rendered":"http:\/\/www.sincomam.org.br\/?p=6809"},"modified":"2014-07-24T16:27:10","modified_gmt":"2014-07-24T19:27:10","slug":"dragagem-do-porto-de-recife-so-sera-realizada-em-2015","status":"publish","type":"post","link":"https:\/\/www.sincomam.org.br\/index.php\/dragagem-do-porto-de-recife-so-sera-realizada-em-2015\/","title":{"rendered":"Dragagem do Porto de Recife s\u00f3 ser\u00e1 realizada em 2015"},"content":{"rendered":"<p><strong><em>Com licita\u00e7\u00e3o para ocorrer em 2013, expectativa era que a SEP enviasse os recursos no come\u00e7o desse ano<\/em><\/strong><\/p>\n<p>A dragagem do Porto de Recife que j\u00e1 estava com licita\u00e7\u00e3o pronta para realiza\u00e7\u00e3o da obra desde 2013, agora s\u00f3 vai acontecer em 2015. Com o custo de R$ 170 milh\u00f5es a previs\u00e3o era de realiza\u00e7\u00e3o de uma nova dragagem, implanta\u00e7\u00e3o de novas defensas (material que protege o atrito do cais com o casco dos navios) e expans\u00e3o da \u00e1rea de atraca\u00e7\u00e3o, entre outras melhorias.<\/p>\n<p>\u201cPelo que nos informaram, esses recursos foram contingenciados at\u00e9 o fim deste ano e isso significa que s\u00f3 devem ser liberados em 2015\u201d, explicou Schebna Machad, presidente do porto.<\/p>\n<p>A administra\u00e7\u00e3o do Porto de Recife tinha a expectativa na \u00e9poca que a SEP (Secretaria Especial de Portos) enviasse os recursos no come\u00e7o desse ano, o que n\u00e3o aconteceu. Segundo Machado, a primeira parte que \u00e9 a batimetria (medi\u00e7\u00e3o da profundidade dos oceanos, mares e rios) j\u00e1 foi feita e os locais que necessitar\u00e3o da dragagem tamb\u00e9m j\u00e1 foram constatados.<\/p>\n<p>Com o contingenciamento dos recursos da SEP, a mesma aconselhou o porto a escrever a demanda no PAC 3 (Programa de Acelera\u00e7\u00e3o do Crescimento), recurso que s\u00f3 est\u00e1 previsto para o ano que vem. \u201cEnquanto isso estamos esperando o posicionamento da SEP\u201d.<\/p>\n<p>Segundo a assessoria de imprensa da SEP, uma verba dentro do PAC havia sido destinada a esse recurso e o governo do estado informou que assumiria esse projeto. Ainda segundo a secretaria, a decis\u00e3o do governo em n\u00e3o mais assumir a obra foi comunicada somente em junho desse ano. Agora, o projeto est\u00e1 previsto para 2015 e segundo a Secretaria dos Portos n\u00e3o ser\u00e1 necess\u00e1ria uma nova licita\u00e7\u00e3o.<\/p>\n<p>Fonte: Guia Mar\u00edtimo<\/p>\n","protected":false},"excerpt":{"rendered":"<p>Com licita\u00e7\u00e3o para ocorrer em 2013, expectativa era que a SEP enviasse os recursos no come\u00e7o desse ano A dragagem do Porto de Recife que&#8230;<\/p>\n","protected":false},"author":1182,"featured_media":5108,"comment_status":"closed","ping_status":"closed","sticky":false,"template":"","format":"standard","meta":{"footnotes":""},"categories":[6],"tags":[],"class_list":["post-6809","post","type-post","status-publish","format-standard","has-post-thumbnail","hentry","category-noticias"],"_links":{"self":[{"href":"https:\/\/www.sincomam.org.br\/index.php\/wp-json\/wp\/v2\/posts\/6809","targetHints":{"allow":["GET"]}}],"collection":[{"href":"https:\/\/www.sincomam.org.br\/index.php\/wp-json\/wp\/v2\/posts"}],"about":[{"href":"https:\/\/www.sincomam.org.br\/index.php\/wp-json\/wp\/v2\/types\/post"}],"author":[{"embeddable":true,"href":"https:\/\/www.sincomam.org.br\/index.php\/wp-json\/wp\/v2\/users\/1182"}],"replies":[{"embeddable":true,"href":"https:\/\/www.sincomam.org.br\/index.php\/wp-json\/wp\/v2\/comments?post=6809"}],"version-history":[{"count":1,"href":"https:\/\/www.sincomam.org.br\/index.php\/wp-json\/wp\/v2\/posts\/6809\/revisions"}],"predecessor-version":[{"id":6810,"href":"https:\/\/www.sincomam.org.br\/index.php\/wp-json\/wp\/v2\/posts\/6809\/revisions\/6810"}],"wp:featuredmedia":[{"embeddable":true,"href":"https:\/\/www.sincomam.org.br\/index.php\/wp-json\/wp\/v2\/media\/5108"}],"wp:attachment":[{"href":"https:\/\/www.sincomam.org.br\/index.php\/wp-json\/wp\/v2\/media?parent=6809"}],"wp:term":[{"taxonomy":"category","embeddable":true,"href":"https:\/\/www.sincomam.org.br\/index.php\/wp-json\/wp\/v2\/categories?post=6809"},{"taxonomy":"post_tag","embeddable":true,"href":"https:\/\/www.sincomam.org.br\/index.php\/wp-json\/wp\/v2\/tags?post=6809"}],"curies":[{"name":"wp","href":"https:\/\/api.w.org\/{rel}","templated":true}]}}