{"id":6793,"date":"2014-07-24T08:24:38","date_gmt":"2014-07-24T11:24:38","guid":{"rendered":"http:\/\/www.sincomam.org.br\/?p=6793"},"modified":"2014-07-23T12:25:30","modified_gmt":"2014-07-23T15:25:30","slug":"colisao-entre-o-submarino-ss-carrera-e-a-fragata-ff-condell-da-armada-do-chile","status":"publish","type":"post","link":"https:\/\/www.sincomam.org.br\/index.php\/colisao-entre-o-submarino-ss-carrera-e-a-fragata-ff-condell-da-armada-do-chile\/","title":{"rendered":"Colis\u00e3o entre o submarino SS \u2018Carrera\u2019 e a fragata FF \u2018Condell\u2019 da Armada do Chile"},"content":{"rendered":"<p>A Armada do Chile informa que no \u00faltimo dia 18, durante exerc\u00edcios regulares na regi\u00e3o de Valpara\u00edso, ocorreu uma colis\u00e3o entre o submarino SS Carrera e a fragata FF Condell, sem registrar feridos em ambas as unidades. Ambos, fragata e submarino, se dirigiram ao porto de destino por seus pr\u00f3prios meios, para reparar os danos resultantes do acidente.<\/p>\n<p>A Armada do Chile iniciou investiga\u00e7\u00e3o para determinar as causas do acidente. A Comiss\u00e3o de Defesa do Senado ir\u00e1 analisar as causas do acidente. Parlamentares citaram o Ministro de Defesa, Jorge Burgos e o Comandante em Chefe da Armada, Enrique Larra\u00f1aga para que expliquem o ocorrido.<\/p>\n<p>O tempo estimado para reparar o submarino \u00e9 de aproximadamente 1 ano.<\/p>\n<p>Fonte: Armada de Chile<\/p>\n","protected":false},"excerpt":{"rendered":"<p>A Armada do Chile informa que no \u00faltimo dia 18, durante exerc\u00edcios regulares na regi\u00e3o de Valpara\u00edso, ocorreu uma colis\u00e3o entre o submarino SS Carrera&#8230;<\/p>\n","protected":false},"author":1182,"featured_media":6794,"comment_status":"closed","ping_status":"closed","sticky":false,"template":"","format":"standard","meta":{"footnotes":""},"categories":[6],"tags":[],"class_list":["post-6793","post","type-post","status-publish","format-standard","has-post-thumbnail","hentry","category-noticias"],"_links":{"self":[{"href":"https:\/\/www.sincomam.org.br\/index.php\/wp-json\/wp\/v2\/posts\/6793","targetHints":{"allow":["GET"]}}],"collection":[{"href":"https:\/\/www.sincomam.org.br\/index.php\/wp-json\/wp\/v2\/posts"}],"about":[{"href":"https:\/\/www.sincomam.org.br\/index.php\/wp-json\/wp\/v2\/types\/post"}],"author":[{"embeddable":true,"href":"https:\/\/www.sincomam.org.br\/index.php\/wp-json\/wp\/v2\/users\/1182"}],"replies":[{"embeddable":true,"href":"https:\/\/www.sincomam.org.br\/index.php\/wp-json\/wp\/v2\/comments?post=6793"}],"version-history":[{"count":1,"href":"https:\/\/www.sincomam.org.br\/index.php\/wp-json\/wp\/v2\/posts\/6793\/revisions"}],"predecessor-version":[{"id":6795,"href":"https:\/\/www.sincomam.org.br\/index.php\/wp-json\/wp\/v2\/posts\/6793\/revisions\/6795"}],"wp:featuredmedia":[{"embeddable":true,"href":"https:\/\/www.sincomam.org.br\/index.php\/wp-json\/wp\/v2\/media\/6794"}],"wp:attachment":[{"href":"https:\/\/www.sincomam.org.br\/index.php\/wp-json\/wp\/v2\/media?parent=6793"}],"wp:term":[{"taxonomy":"category","embeddable":true,"href":"https:\/\/www.sincomam.org.br\/index.php\/wp-json\/wp\/v2\/categories?post=6793"},{"taxonomy":"post_tag","embeddable":true,"href":"https:\/\/www.sincomam.org.br\/index.php\/wp-json\/wp\/v2\/tags?post=6793"}],"curies":[{"name":"wp","href":"https:\/\/api.w.org\/{rel}","templated":true}]}}