{"id":6789,"date":"2014-07-24T08:38:50","date_gmt":"2014-07-24T11:38:50","guid":{"rendered":"http:\/\/www.sincomam.org.br\/?p=6789"},"modified":"2014-07-23T12:10:49","modified_gmt":"2014-07-23T15:10:49","slug":"petrobras-tem-ate-2017-para-construir-usina-termica-diz-anp","status":"publish","type":"post","link":"https:\/\/www.sincomam.org.br\/index.php\/petrobras-tem-ate-2017-para-construir-usina-termica-diz-anp\/","title":{"rendered":"Petrobras tem at\u00e9 2017 para construir usina t\u00e9rmica, diz ANP"},"content":{"rendered":"<p><strong><em>Estatal poder\u00e1 perder a concess\u00e3o do campo de g\u00e1s caso n\u00e3o inicie a opera\u00e7\u00e3o da termel\u00e9trica Azul\u00e3o no per\u00edodo<\/em><\/strong><\/p>\n<p>A Petrobras tem at\u00e9 2017 para construir e iniciar a opera\u00e7\u00e3o da termel\u00e9trica a g\u00e1s Azul\u00e3o, no munic\u00edpio de Silves, no Amazonas, sob pena de perder o contrato de concess\u00e3o do campo de g\u00e1s de Azul\u00e3o, descoberto h\u00e1 15 anos na floresta amaz\u00f4nica.<\/p>\n<p>A informa\u00e7\u00e3o est\u00e1 na ata de reuni\u00e3o da Ag\u00eancia Nacional do Petr\u00f3leo, G\u00e1s Natural e Biocombust\u00edveis (ANP) realizada neste m\u00eas.<\/p>\n<p>A autarquia, a pedido da estatal, revisou o plano de desenvolvimento do campo de g\u00e1s.<\/p>\n<p>A t\u00e9rmica, que ter\u00e1 pot\u00eancia instalada de 102 megawatts, utilizar\u00e1 a produ\u00e7\u00e3o de g\u00e1s do campo, localizado na Bacia do Amazonas, para a gera\u00e7\u00e3o de energia, que ser\u00e1 escoada pela linha de transmiss\u00e3o Tucuru\u00ed-Macap\u00e1-Manaus, conclu\u00edda no ano passado.<\/p>\n<p>A comercializa\u00e7\u00e3o da energia da usina por meio de leil\u00f5es do governo dever\u00e1 come\u00e7ar em 2019.<\/p>\n<p>&#8220;Devido as caracter\u00edsticas do projeto e do Leil\u00e3o A-5 (com entrega da energia em cinco anos) de 2014, a Petrobras direcionou o projeto para este Leil\u00e3o A-5&#8221;, informou a estatal \u00e0 Reuters.<\/p>\n<p>O pr\u00f3ximo leil\u00e3o A-5 est\u00e1 previsto para 30 de setembro. A Petrobras n\u00e3o divulgou o valor do projeto, observando que o custo da usina \u00e9 um dos fatores que demonstram o n\u00edvel de competitividade para o leil\u00e3o &#8211;o total a ser investido s\u00f3 ser\u00e1 anunciado se o projeto vencer o certame.<\/p>\n<p>Caso o projeto contrate energia no A-5 e seja conclu\u00eddo no prazo determinado pela ANP, at\u00e9 janeiro de 2017, a t\u00e9rmica permanecer\u00e1 descontratada por dois anos. A solu\u00e7\u00e3o seria vender energia de forma antecipada no mercado livre.<\/p>\n<p>Na mesma reuni\u00e3o, a autarquia tamb\u00e9m determinou prazo at\u00e9 mar\u00e7o do pr\u00f3ximo ano para a empresa apresentar revis\u00e3o do plano de desenvolvimento do campo Japiim, tamb\u00e9m na bacia do Amazonas, descoberto em 2001, que dever\u00e1 ser integrado ao Azul\u00e3o.<\/p>\n<p>Aprovado em 2010, o primeiro plano de desenvolvimento de Azul\u00e3o previa in\u00edcio da produ\u00e7\u00e3o de g\u00e1s em 2011. Entretanto, a gera\u00e7\u00e3o de energia no local, que fica a mais de 200 km de Manaus, foi considerada mais oportuna para a empresa.<\/p>\n<p>Essa modalidade de aproveitamento de g\u00e1s em regi\u00f5es remotas, por meio da constru\u00e7\u00e3o de t\u00e9rmicas, ganhou destaque no pa\u00eds com projeto da ent\u00e3o empresa de energia de Eike Batista, MPX (hoje Eneva).<\/p>\n<p>A Eneva gera energia pr\u00f3ximo a reservas do campo de Gavi\u00e3o Real, no Maranh\u00e3o, no qual tem participa\u00e7\u00e3o. O pa\u00eds tem malha de gasodutos ainda pouco distribu\u00edda, o que traz obst\u00e1culos para a comercializa\u00e7\u00e3o do g\u00e1s.<\/p>\n<p>Um exemplo \u00e9 o problema enfrentando pela brasileira HRT, que fez descobertas de g\u00e1s importantes na Bacia do Solim\u00f5es, tamb\u00e9m no Amazonas, mas n\u00e3o encontrou ainda meios comerciais para o aproveitamento do insumo.<\/p>\n<p>Fonte: Exame \/ Reuters<\/p>\n","protected":false},"excerpt":{"rendered":"<p>Estatal poder\u00e1 perder a concess\u00e3o do campo de g\u00e1s caso n\u00e3o inicie a opera\u00e7\u00e3o da termel\u00e9trica Azul\u00e3o no per\u00edodo A Petrobras tem at\u00e9 2017 para&#8230;<\/p>\n","protected":false},"author":1182,"featured_media":0,"comment_status":"closed","ping_status":"closed","sticky":false,"template":"","format":"standard","meta":{"footnotes":""},"categories":[6],"tags":[],"class_list":["post-6789","post","type-post","status-publish","format-standard","hentry","category-noticias"],"_links":{"self":[{"href":"https:\/\/www.sincomam.org.br\/index.php\/wp-json\/wp\/v2\/posts\/6789","targetHints":{"allow":["GET"]}}],"collection":[{"href":"https:\/\/www.sincomam.org.br\/index.php\/wp-json\/wp\/v2\/posts"}],"about":[{"href":"https:\/\/www.sincomam.org.br\/index.php\/wp-json\/wp\/v2\/types\/post"}],"author":[{"embeddable":true,"href":"https:\/\/www.sincomam.org.br\/index.php\/wp-json\/wp\/v2\/users\/1182"}],"replies":[{"embeddable":true,"href":"https:\/\/www.sincomam.org.br\/index.php\/wp-json\/wp\/v2\/comments?post=6789"}],"version-history":[{"count":1,"href":"https:\/\/www.sincomam.org.br\/index.php\/wp-json\/wp\/v2\/posts\/6789\/revisions"}],"predecessor-version":[{"id":6790,"href":"https:\/\/www.sincomam.org.br\/index.php\/wp-json\/wp\/v2\/posts\/6789\/revisions\/6790"}],"wp:attachment":[{"href":"https:\/\/www.sincomam.org.br\/index.php\/wp-json\/wp\/v2\/media?parent=6789"}],"wp:term":[{"taxonomy":"category","embeddable":true,"href":"https:\/\/www.sincomam.org.br\/index.php\/wp-json\/wp\/v2\/categories?post=6789"},{"taxonomy":"post_tag","embeddable":true,"href":"https:\/\/www.sincomam.org.br\/index.php\/wp-json\/wp\/v2\/tags?post=6789"}],"curies":[{"name":"wp","href":"https:\/\/api.w.org\/{rel}","templated":true}]}}