{"id":6785,"date":"2014-07-24T08:20:15","date_gmt":"2014-07-24T11:20:15","guid":{"rendered":"http:\/\/www.sincomam.org.br\/?p=6785"},"modified":"2014-07-23T11:24:19","modified_gmt":"2014-07-23T14:24:19","slug":"senai-tem-17-mil-vagas-gratuitas-para-cursos-tecnicos-dentro-do-sisutec","status":"publish","type":"post","link":"https:\/\/www.sincomam.org.br\/index.php\/senai-tem-17-mil-vagas-gratuitas-para-cursos-tecnicos-dentro-do-sisutec\/","title":{"rendered":"Senai tem 17 mil vagas gratuitas para cursos t\u00e9cnicos dentro do Sisutec"},"content":{"rendered":"<p>Quem j\u00e1 concluiu o ensino m\u00e9dio pretende fazer um dos cursos oferecidos pelo Programa Nacional de Acesso ao Ensino T\u00e9cnico e Emprego (Pronatec) tem at\u00e9 a pr\u00f3xima sexta-feira (25) para se candidatar \u00e0s oportunidades do Servi\u00e7o Nacional de Aprendizagem Industrial (Senai) via Sistema de Sele\u00e7\u00e3o Unificada da Educa\u00e7\u00e3o Profissional e Tecnol\u00f3gica (Sisutec). O Senai oferece, nesta terceira edi\u00e7\u00e3o do programa, um total de 17.304 vagas para cursos t\u00e9cnicos em todo o Brasil.<\/p>\n<p>O Senai \u00e9 um dos principais parceiros do Minist\u00e9rio da Educa\u00e7\u00e3o na oferta de vagas pelo Pronatec. Com dura\u00e7\u00e3o de 800 a 1,4 mil horas\/aula (at\u00e9 dois anos), os cursos t\u00e9cnicos oferecem conhecimentos te\u00f3ricos e pr\u00e1ticos em diversos setores produtivos e preparam para a entrada no mercado de trabalho.<\/p>\n<p>As vagas ser\u00e3o ocupadas, prioritariamente, por estudantes que tenham cursado o ensino m\u00e9dio completo em escolas da rede p\u00fablica ou, se em institui\u00e7\u00f5es privadas, na condi\u00e7\u00e3o de bolsista integral. O aluno tamb\u00e9m dever\u00e1 ter se submetido \u00e0 edi\u00e7\u00e3o do Exame Nacional do Ensino M\u00e9dio (Enem) referente ao ano de 2013 e ter obtido nota acima de zero na prova de reda\u00e7\u00e3o.<\/p>\n<p>Nesta edi\u00e7\u00e3o, 289.341 vagas s\u00e3o oferecidas pelos institutos federais de educa\u00e7\u00e3o, pela rede estadual, pelas institui\u00e7\u00f5es do Sistema S e por escolas privadas. Os estudantes que obtiverem notas para as vagas nas escolas do Senai ter\u00e3o isen\u00e7\u00e3o das taxas de matr\u00edcula e mensalidade, al\u00e9m de material escolar e material did\u00e1tico. H\u00e1 ofertas em diversos cursos, como t\u00e9cnico em manuten\u00e7\u00e3o e suporte em inform\u00e1tica; eletrot\u00e9cnica; log\u00edstica; seguran\u00e7a do trabalho e mec\u00e2nica.<\/p>\n<p><strong>Matr\u00edculas<\/strong><\/p>\n<p>A rela\u00e7\u00e3o dos aprovados na primeira chamada ser\u00e1 divulgada no dia 29 de julho. Para garantir a vaga, o candidato deve fazer a matr\u00edcula, na institui\u00e7\u00e3o em que pretende estudar, no dia 30 pr\u00f3ximo e em 1\u00ba de agosto. A segunda chamada est\u00e1 prevista para 5 de agosto, com matr\u00edcula no per\u00edodo de 6 a 8 do mesmo m\u00eas.<\/p>\n<p><strong>Parceria<\/strong><\/p>\n<p>O SENAI \u00e9 um dos principais parceiros do Minist\u00e9rio da Educa\u00e7\u00e3o na oferta de vagas pelo Pronatec. Em 2013, foram 560 mil matr\u00edculas em cursos t\u00e9cnicos e de forma\u00e7\u00e3o inicial e continuada. A previs\u00e3o \u00e9 que esse mesmo n\u00famero de vagas seja alcan\u00e7ado ainda no primeiro semestre de 2014.<\/p>\n<p><strong>O que \u00e9<\/strong><\/p>\n<p>O Sisutec \u00e9 o sistema informatizado, gerenciado pelo Minist\u00e9rio da Educa\u00e7\u00e3o (MEC), no qual institui\u00e7\u00f5es p\u00fablicas e privadas de ensino superior e de educa\u00e7\u00e3o profissional e tecnol\u00f3gica oferecem vagas gratuitas em cursos t\u00e9cnicos na forma subsequente para candidatos participantes do Exame Nacional do Ensino M\u00e9dio (Enem).<\/p>\n<p>A inscri\u00e7\u00e3o para a terceira edi\u00e7\u00e3o do Sisutec deve ser feita na p\u00e1gina do sistema na internet. O candidato deve informar o n\u00famero da inscri\u00e7\u00e3o e a senha usados no Enem de 2013.<\/p>\n","protected":false},"excerpt":{"rendered":"<p>Quem j\u00e1 concluiu o ensino m\u00e9dio pretende fazer um dos cursos oferecidos pelo Programa Nacional de Acesso ao Ensino T\u00e9cnico e Emprego (Pronatec) tem at\u00e9&#8230;<\/p>\n","protected":false},"author":1182,"featured_media":4562,"comment_status":"closed","ping_status":"closed","sticky":false,"template":"","format":"standard","meta":{"footnotes":""},"categories":[6],"tags":[],"class_list":["post-6785","post","type-post","status-publish","format-standard","has-post-thumbnail","hentry","category-noticias"],"_links":{"self":[{"href":"https:\/\/www.sincomam.org.br\/index.php\/wp-json\/wp\/v2\/posts\/6785","targetHints":{"allow":["GET"]}}],"collection":[{"href":"https:\/\/www.sincomam.org.br\/index.php\/wp-json\/wp\/v2\/posts"}],"about":[{"href":"https:\/\/www.sincomam.org.br\/index.php\/wp-json\/wp\/v2\/types\/post"}],"author":[{"embeddable":true,"href":"https:\/\/www.sincomam.org.br\/index.php\/wp-json\/wp\/v2\/users\/1182"}],"replies":[{"embeddable":true,"href":"https:\/\/www.sincomam.org.br\/index.php\/wp-json\/wp\/v2\/comments?post=6785"}],"version-history":[{"count":1,"href":"https:\/\/www.sincomam.org.br\/index.php\/wp-json\/wp\/v2\/posts\/6785\/revisions"}],"predecessor-version":[{"id":6786,"href":"https:\/\/www.sincomam.org.br\/index.php\/wp-json\/wp\/v2\/posts\/6785\/revisions\/6786"}],"wp:featuredmedia":[{"embeddable":true,"href":"https:\/\/www.sincomam.org.br\/index.php\/wp-json\/wp\/v2\/media\/4562"}],"wp:attachment":[{"href":"https:\/\/www.sincomam.org.br\/index.php\/wp-json\/wp\/v2\/media?parent=6785"}],"wp:term":[{"taxonomy":"category","embeddable":true,"href":"https:\/\/www.sincomam.org.br\/index.php\/wp-json\/wp\/v2\/categories?post=6785"},{"taxonomy":"post_tag","embeddable":true,"href":"https:\/\/www.sincomam.org.br\/index.php\/wp-json\/wp\/v2\/tags?post=6785"}],"curies":[{"name":"wp","href":"https:\/\/api.w.org\/{rel}","templated":true}]}}