{"id":6768,"date":"2014-07-24T08:07:47","date_gmt":"2014-07-24T11:07:47","guid":{"rendered":"http:\/\/www.sincomam.org.br\/?p=6768"},"modified":"2014-07-23T11:00:47","modified_gmt":"2014-07-23T14:00:47","slug":"porto-do-recife-registra-aumento-no-faturamento","status":"publish","type":"post","link":"https:\/\/www.sincomam.org.br\/index.php\/porto-do-recife-registra-aumento-no-faturamento\/","title":{"rendered":"Porto do Recife registra aumento no faturamento"},"content":{"rendered":"<p>O Porto do Recife aumentou o faturamento em 50% no primeiro semestre deste ano. O resultado foi superior a meta estabelecida pela diretoria no in\u00edcio do ano, que era de um incremento de 40% no per\u00edodo. Em janeiro do ano passado, o ancoradouro recifense trabalhava com o d\u00e9ficit de cerca de R$ 10 milh\u00f5es. No mesmo per\u00edodo deste ano, o montante caiu para R$ 5 milh\u00f5es.<\/p>\n<p>&#8220;A cada m\u00eas nos aproximamos mais do objetivo principal que \u00e9 voltar a ser uma empresa superavit\u00e1ria. O resultado s\u00f3 \u00e9 poss\u00edvel porque mudamos as carcater\u00edsticas dos neg\u00f3cios realizados pela empresa. Come\u00e7amos, por exemplo, a atrair cargas de projeto, clientes em arrendamento de \u00e1reas e armazenamento de produtos&#8221;, afirmou o presidente do Porto do Recife, Schebna Machado.<\/p>\n<p>Entre os novos neg\u00f3cios conquistados est\u00e1 o Dep\u00f3sito Alfandegado Certificado (DAC) e de dois Entrepostos Aduaneiro. O DAC abrange uma \u00e1rea de 500 metros quadrados do p\u00e1tio de estocagem. Al\u00e9m disso, o Armaz\u00e9m 5 (com 7.500 metros quadrados) e o p\u00e1tio 5 (com 18.500 metros quadrados) viraram um entroposto. As \u00e1reas atendem ao projeto GE\/Navalmare permitindo que a carga operada saia do Porto do Recife evirtualmente.<\/p>\n<p>&#8220;Desde o final do ano passado, as empresas est\u00e3o montando, com pe\u00e7as importadas via Porto do Recife os chamados skids, que s\u00e3o pe\u00e7as utilizadas pela Petrobras. Com a conquista do DAC, depois de montados os skids s\u00e3o exportados virtualmente para a Holanda e importados novamente para o Brasil, atrav\u00e9s do ancoradouro&#8221;, explicou Machado. A opera\u00e7\u00e3o gerou, de imediato, um aumento de R$ 176 milh\u00f5es na arrecada\u00e7\u00e3o.<\/p>\n<p>Fonte: Di\u00e1rio de Pernambuco(PE)\/Rochelli Dantas<\/p>\n","protected":false},"excerpt":{"rendered":"<p>O Porto do Recife aumentou o faturamento em 50% no primeiro semestre deste ano. O resultado foi superior a meta estabelecida pela diretoria no in\u00edcio&#8230;<\/p>\n","protected":false},"author":1182,"featured_media":6769,"comment_status":"closed","ping_status":"closed","sticky":false,"template":"","format":"standard","meta":{"footnotes":""},"categories":[6],"tags":[],"class_list":["post-6768","post","type-post","status-publish","format-standard","has-post-thumbnail","hentry","category-noticias"],"_links":{"self":[{"href":"https:\/\/www.sincomam.org.br\/index.php\/wp-json\/wp\/v2\/posts\/6768","targetHints":{"allow":["GET"]}}],"collection":[{"href":"https:\/\/www.sincomam.org.br\/index.php\/wp-json\/wp\/v2\/posts"}],"about":[{"href":"https:\/\/www.sincomam.org.br\/index.php\/wp-json\/wp\/v2\/types\/post"}],"author":[{"embeddable":true,"href":"https:\/\/www.sincomam.org.br\/index.php\/wp-json\/wp\/v2\/users\/1182"}],"replies":[{"embeddable":true,"href":"https:\/\/www.sincomam.org.br\/index.php\/wp-json\/wp\/v2\/comments?post=6768"}],"version-history":[{"count":1,"href":"https:\/\/www.sincomam.org.br\/index.php\/wp-json\/wp\/v2\/posts\/6768\/revisions"}],"predecessor-version":[{"id":6770,"href":"https:\/\/www.sincomam.org.br\/index.php\/wp-json\/wp\/v2\/posts\/6768\/revisions\/6770"}],"wp:featuredmedia":[{"embeddable":true,"href":"https:\/\/www.sincomam.org.br\/index.php\/wp-json\/wp\/v2\/media\/6769"}],"wp:attachment":[{"href":"https:\/\/www.sincomam.org.br\/index.php\/wp-json\/wp\/v2\/media?parent=6768"}],"wp:term":[{"taxonomy":"category","embeddable":true,"href":"https:\/\/www.sincomam.org.br\/index.php\/wp-json\/wp\/v2\/categories?post=6768"},{"taxonomy":"post_tag","embeddable":true,"href":"https:\/\/www.sincomam.org.br\/index.php\/wp-json\/wp\/v2\/tags?post=6768"}],"curies":[{"name":"wp","href":"https:\/\/api.w.org\/{rel}","templated":true}]}}