{"id":6744,"date":"2014-07-23T08:01:35","date_gmt":"2014-07-23T11:01:35","guid":{"rendered":"http:\/\/www.sincomam.org.br\/?p=6744"},"modified":"2014-07-22T17:52:53","modified_gmt":"2014-07-22T20:52:53","slug":"antaq-e-llx-celebram-contrato-de-adesao-adaptado-a-nova-lei","status":"publish","type":"post","link":"https:\/\/www.sincomam.org.br\/index.php\/antaq-e-llx-celebram-contrato-de-adesao-adaptado-a-nova-lei\/","title":{"rendered":"Antaq e LLX celebram contrato de ades\u00e3o adaptado \u00e0 nova lei"},"content":{"rendered":"<p>A Uni\u00e3o, por interm\u00e9dio da ANTAQ, celebrou com a empresa LLX Minas-Rio Log\u00edstica Comercial Exportadora S.A. contrato de ades\u00e3o adaptado \u00e0 Lei 12.815. A assinatura aconteceu, na \u00faltima quinta-feira (17), na sede da Ag\u00eancia, em Bras\u00edlia. Participaram da solenidade o diretor-geral da Ag\u00eancia, M\u00e1rio Povia, e os diretores Fernando Fonseca e Adalberto Tokarski. Os diretores da empresa, Alberto da Fonseca Guimar\u00e3es, Luiz Fernando Nogueira e Jos\u00e9 Castanon, estiveram presentes.<\/p>\n<p>Com a assinatura do contrato, a LLX fica autorizada a explorar a instala\u00e7\u00e3o portu\u00e1ria Terminal de Uso Privado Porto do A\u00e7u \u2013 Terminal de Min\u00e9rio, localizada em S\u00e3o Jo\u00e3o da Barra (RJ). A autoriza\u00e7\u00e3o compreende a movimenta\u00e7\u00e3o e armazenagem de gran\u00e9is s\u00f3lidos (min\u00e9rio de ferro), destinados ou provenientes de transporte aquavi\u00e1rio. A \u00e1rea autorizada para explora\u00e7\u00e3o da instala\u00e7\u00e3o portu\u00e1ria corresponde a 1.893.406,10 metros quadrados.<\/p>\n<p>Povia explicou que, ao sair do termo de autoriza\u00e7\u00e3o e migrar para o contrato de ades\u00e3o, a LLX ter\u00e1 mais seguran\u00e7a jur\u00eddica e poder\u00e1 captar mais investimentos. A autoriza\u00e7\u00e3o ter\u00e1 vig\u00eancia por 25 anos contados da data de assinatura do contrato de ades\u00e3o. \u201cEstabelece-se um horizonte de outorga definido\u201d, ressaltou o diretor-geral da ANTAQ.<\/p>\n<p>O prazo ser\u00e1 prorrog\u00e1vel por per\u00edodos sucessivos desde que a atividade seja mantida e a empresa promova os investimentos necess\u00e1rios para a expans\u00e3o e moderniza\u00e7\u00e3o das instala\u00e7\u00f5es portu\u00e1rias. Vale destacar que a LLX dever\u00e1 manifestar o interesse na prorroga\u00e7\u00e3o do contrato com anteced\u00eancia m\u00ednima de 18 meses de sua expira\u00e7\u00e3o.<\/p>\n<p>O diretor-presidente da LLX Minas-Rio, Alberto Guimar\u00e3es, disse que o terminal deve iniciar suas opera\u00e7\u00f5es at\u00e9 o final de outubro. \u201cEssa \u00e9 nossa expectativa\u201d, afirmou o executivo, informando que a instala\u00e7\u00e3o portu\u00e1ria poder\u00e1 movimentar at\u00e9 26 milh\u00f5es de toneladas de min\u00e9rio de ferro por ano.<\/p>\n<p>Guimar\u00e3es ressaltou que o min\u00e9rio de ferro chegar\u00e1 ao terminal atrav\u00e9s de um minerioduto, que tem 525km de extens\u00e3o, com origem em Concei\u00e7\u00e3o do Mato Dentro (MG).<\/p>\n<p>Fonte: Antaq<\/p>\n","protected":false},"excerpt":{"rendered":"<p>A Uni\u00e3o, por interm\u00e9dio da ANTAQ, celebrou com a empresa LLX Minas-Rio Log\u00edstica Comercial Exportadora S.A. contrato de ades\u00e3o adaptado \u00e0 Lei 12.815. A assinatura&#8230;<\/p>\n","protected":false},"author":1182,"featured_media":3815,"comment_status":"closed","ping_status":"closed","sticky":false,"template":"","format":"standard","meta":{"footnotes":""},"categories":[6],"tags":[],"class_list":["post-6744","post","type-post","status-publish","format-standard","has-post-thumbnail","hentry","category-noticias"],"_links":{"self":[{"href":"https:\/\/www.sincomam.org.br\/index.php\/wp-json\/wp\/v2\/posts\/6744","targetHints":{"allow":["GET"]}}],"collection":[{"href":"https:\/\/www.sincomam.org.br\/index.php\/wp-json\/wp\/v2\/posts"}],"about":[{"href":"https:\/\/www.sincomam.org.br\/index.php\/wp-json\/wp\/v2\/types\/post"}],"author":[{"embeddable":true,"href":"https:\/\/www.sincomam.org.br\/index.php\/wp-json\/wp\/v2\/users\/1182"}],"replies":[{"embeddable":true,"href":"https:\/\/www.sincomam.org.br\/index.php\/wp-json\/wp\/v2\/comments?post=6744"}],"version-history":[{"count":1,"href":"https:\/\/www.sincomam.org.br\/index.php\/wp-json\/wp\/v2\/posts\/6744\/revisions"}],"predecessor-version":[{"id":6745,"href":"https:\/\/www.sincomam.org.br\/index.php\/wp-json\/wp\/v2\/posts\/6744\/revisions\/6745"}],"wp:featuredmedia":[{"embeddable":true,"href":"https:\/\/www.sincomam.org.br\/index.php\/wp-json\/wp\/v2\/media\/3815"}],"wp:attachment":[{"href":"https:\/\/www.sincomam.org.br\/index.php\/wp-json\/wp\/v2\/media?parent=6744"}],"wp:term":[{"taxonomy":"category","embeddable":true,"href":"https:\/\/www.sincomam.org.br\/index.php\/wp-json\/wp\/v2\/categories?post=6744"},{"taxonomy":"post_tag","embeddable":true,"href":"https:\/\/www.sincomam.org.br\/index.php\/wp-json\/wp\/v2\/tags?post=6744"}],"curies":[{"name":"wp","href":"https:\/\/api.w.org\/{rel}","templated":true}]}}