{"id":6736,"date":"2014-07-22T08:27:51","date_gmt":"2014-07-22T11:27:51","guid":{"rendered":"http:\/\/www.sincomam.org.br\/?p=6736"},"modified":"2014-07-22T00:08:54","modified_gmt":"2014-07-22T03:08:54","slug":"prorrogacao-por-mais-50-anos-da-zona-franca-de-manaus-causa-discussao-e-novos-desafios","status":"publish","type":"post","link":"https:\/\/www.sincomam.org.br\/index.php\/prorrogacao-por-mais-50-anos-da-zona-franca-de-manaus-causa-discussao-e-novos-desafios\/","title":{"rendered":"Prorroga\u00e7\u00e3o por mais 50 anos da Zona Franca de Manaus causa discuss\u00e3o e novos desafios"},"content":{"rendered":"<p>Foi aprovada ontem, na Comiss\u00e3o de Constitui\u00e7\u00e3o e Justi\u00e7a (CCJ) e no plen\u00e1rio do Senado em dois turnos, a Proposta de Emenda a Constitui\u00e7\u00e3o (PEC), que estende os incentivos da Zona Franca de Manaus (ZFM) at\u00e9 2073. Aguardada desde 2010, a prorroga\u00e7\u00e3o dos incentivos promete, a partir de agora, \u201cvirar o jogo\u201d da economia amazonense, atraindo investimentos e garantindo mais emprego e renda para o Estado.<\/p>\n<p>Entretanto, os pr\u00f3ximos 50 anos implicam desafios que precisam ser solucionados em tempo h\u00e1bil. Empres\u00e1rios, consultores e estudiosos ouvidos por A Cr\u00edtica falaram sobre o assunto. Para eles, h\u00e1 que se comemorar a prorroga\u00e7\u00e3o, mas sabendo de que ela n\u00e3o \u00e9 suficiente para ativar todo o potencial da economia amazonense.<\/p>\n<p>Para o presidente do Centro da Ind\u00fastria do Estado do Amazonas (Cieam), Wilson P\u00e9rico, a prorroga\u00e7\u00e3o representa tempo suficiente para que o modelo amadure\u00e7a e desenvolva outras matrizes econ\u00f4micas de forma a desfazer a depend\u00eancia do Estado em rela\u00e7\u00e3o ao parque industrial. \u201cEm paralelo, n\u00e3o podemos deixar de trabalhar quest\u00f5es que historicamente afetam nossa competitividade como infraestrutura, log\u00edstica, comunica\u00e7\u00e3o e energia\u201d, relacionou.<\/p>\n<p>Outro ponto importante, segundo P\u00e9rico, passa pelo resgate da autonomia e da autoridade da Superintend\u00eancia da Zona Franca de Manaus (Suframa), dando-lhe mais independ\u00eancia do Governo Federal.<\/p>\n<p><strong>Gest\u00e3o<\/strong><\/p>\n<p>J\u00e1 na avalia\u00e7\u00e3o do economista e consultor empresarial Jos\u00e9 Laredo, a solu\u00e7\u00e3o, para n\u00e3o repetir os mesmo erros da primeira fase do projeto, \u00e9 a moderniza\u00e7\u00e3o da gest\u00e3o.<\/p>\n<p>\u201cA ZFM \u00e9 uma grande empresa. \u00c9 preciso estabelecer metas a cumprir por seus gestores, com sistem\u00e1tica, fiscaliza\u00e7\u00e3o e avalia\u00e7\u00e3o de resultados por meio, por exemplo, de um Conselho Especial Gestor Local que possa dar suporte com experi\u00eancia e recomenda\u00e7\u00f5es essenciais para redirecionar o modelo para os anos vindouros\u201d, sugeriu.<\/p>\n<p><strong>Efeito prorroga\u00e7\u00e3o<\/strong><\/p>\n<p>A vit\u00f3ria da prorroga\u00e7\u00e3o deve impactar diversos setores da economia local em curto prazo. Os novos investimentos, por exemplo, \u201ccongelados\u201d pela incerteza da perman\u00eancia do modelo, come\u00e7am a ser reativados. \u201cEm breve vamos anunciar projetos de grande porte que estavam aguardando a confirma\u00e7\u00e3o obtida hoje (ontem)\u201d, declarou o secret\u00e1rio de planejamento e desenvolvimento econ\u00f4mico do Amazonas, Airton Claudino.<\/p>\n<p>No com\u00e9rcio, os efeitos tamb\u00e9m ser\u00e3o positivos. Segundo o presidente da C\u00e2mara dos Dirigentes Lojistas de Manaus (CDL-Manaus), Ralph Assayag, com a prorroga\u00e7\u00e3o, a ind\u00fastria acelera, gera empregos, aumenta o consumo e aquece o com\u00e9rcio. \u201cApostamos que em menos de um ano, estaremos colhendo os frutos dessa boa not\u00edcia\u201d.<\/p>\n<p>Fonte: A Cr\u00edtica Manaus (AM) \/Juliana Geraldo<\/p>\n","protected":false},"excerpt":{"rendered":"<p>Foi aprovada ontem, na Comiss\u00e3o de Constitui\u00e7\u00e3o e Justi\u00e7a (CCJ) e no plen\u00e1rio do Senado em dois turnos, a Proposta de Emenda a Constitui\u00e7\u00e3o (PEC),&#8230;<\/p>\n","protected":false},"author":1182,"featured_media":6060,"comment_status":"closed","ping_status":"closed","sticky":false,"template":"","format":"standard","meta":{"footnotes":""},"categories":[6],"tags":[],"class_list":["post-6736","post","type-post","status-publish","format-standard","has-post-thumbnail","hentry","category-noticias"],"_links":{"self":[{"href":"https:\/\/www.sincomam.org.br\/index.php\/wp-json\/wp\/v2\/posts\/6736","targetHints":{"allow":["GET"]}}],"collection":[{"href":"https:\/\/www.sincomam.org.br\/index.php\/wp-json\/wp\/v2\/posts"}],"about":[{"href":"https:\/\/www.sincomam.org.br\/index.php\/wp-json\/wp\/v2\/types\/post"}],"author":[{"embeddable":true,"href":"https:\/\/www.sincomam.org.br\/index.php\/wp-json\/wp\/v2\/users\/1182"}],"replies":[{"embeddable":true,"href":"https:\/\/www.sincomam.org.br\/index.php\/wp-json\/wp\/v2\/comments?post=6736"}],"version-history":[{"count":1,"href":"https:\/\/www.sincomam.org.br\/index.php\/wp-json\/wp\/v2\/posts\/6736\/revisions"}],"predecessor-version":[{"id":6737,"href":"https:\/\/www.sincomam.org.br\/index.php\/wp-json\/wp\/v2\/posts\/6736\/revisions\/6737"}],"wp:featuredmedia":[{"embeddable":true,"href":"https:\/\/www.sincomam.org.br\/index.php\/wp-json\/wp\/v2\/media\/6060"}],"wp:attachment":[{"href":"https:\/\/www.sincomam.org.br\/index.php\/wp-json\/wp\/v2\/media?parent=6736"}],"wp:term":[{"taxonomy":"category","embeddable":true,"href":"https:\/\/www.sincomam.org.br\/index.php\/wp-json\/wp\/v2\/categories?post=6736"},{"taxonomy":"post_tag","embeddable":true,"href":"https:\/\/www.sincomam.org.br\/index.php\/wp-json\/wp\/v2\/tags?post=6736"}],"curies":[{"name":"wp","href":"https:\/\/api.w.org\/{rel}","templated":true}]}}