{"id":67172,"date":"2026-09-02T11:55:25","date_gmt":"2026-09-02T14:55:25","guid":{"rendered":"https:\/\/www.sincomam.org.br\/?p=67172"},"modified":"2026-09-02T11:55:25","modified_gmt":"2026-09-02T14:55:25","slug":"fim-da-6x1-ccj-do-senado-pode-votar-nesta-quarta-proposta-que-reduz-jornada-de-trabalho","status":"publish","type":"post","link":"https:\/\/www.sincomam.org.br\/index.php\/fim-da-6x1-ccj-do-senado-pode-votar-nesta-quarta-proposta-que-reduz-jornada-de-trabalho\/","title":{"rendered":"Fim da 6&#215;1: CCJ do Senado pode votar nesta quarta proposta que reduz jornada de trabalho"},"content":{"rendered":"<div id=\"chunk-9ttpb\">\n<div class=\"mc-column content-text active-extra-styles active-capital-letter\" data-block-type=\"unstyled\" data-block-weight=\"50\" data-block-id=\"1\">\n<p class=\" content-text__container theme-color-primary-first-letter\" data-track-category=\"Link no Texto\" data-track-links=\"\" data-mrf-recirculation=\"Mat\u00e9ria - Links no Texto\">A Comiss\u00e3o de Constitui\u00e7\u00e3o e Justi\u00e7a (CCJ) do\u00a0Senado\u00a0pode votar nesta quarta-feira (2) a Proposta de Emenda \u00e0 Constitui\u00e7\u00e3o (PEC) que acaba com a escala de trabalho 6&#215;1.\u00a0<strong>O texto prev\u00ea a redu\u00e7\u00e3o da jornada de trabalho de 44 horas para 40 horas por semana em at\u00e9 14 meses.<\/strong><\/p>\n<\/div>\n<\/div>\n<div class=\"wall protected-content\">\n<div id=\"chunk-4t1sk\">\n<div class=\"mc-column content-text active-extra-styles \" data-block-type=\"unstyled\" data-block-weight=\"31\" data-block-id=\"3\">\n<p class=\" content-text__container \" data-track-category=\"Link no Texto\" data-track-links=\"\" data-mrf-recirculation=\"Mat\u00e9ria - Links no Texto\">A proposta ser\u00e1 votada pela comiss\u00e3o,\u00a0ap\u00f3s ser destravada pelo presidente da Casa, Davi Alcolumbre (Uni\u00e3o Brasil-AP), que se reaproximou do presidente Luiz In\u00e1cio Lula da Silva (PT) nas \u00faltimas semanas.<\/p>\n<\/div>\n<\/div>\n<div id=\"chunk-62j38\">\n<div class=\"mc-column content-text active-extra-styles \" data-block-type=\"unstyled\" data-block-weight=\"50\" data-block-id=\"4\">\n<p class=\" content-text__container \" data-track-category=\"Link no Texto\" data-track-links=\"\" data-mrf-recirculation=\"Mat\u00e9ria - Links no Texto\"><em>&#x1f50e;A CCJ \u00e9 a principal comiss\u00e3o do Congresso, e funciona como uma &#8216;luz verde&#8217; para qualquer projeto que tramita no Legislativo. Ela consegue controlar o ritmo e dar peso de valida\u00e7\u00e3o a uma mat\u00e9ria para ser analisada pelo plen\u00e1rio. \u00c9 a comiss\u00e3o mais estrat\u00e9gica, que pode interromper previamente determinados projetos.<\/em><\/p>\n<\/div>\n<\/div>\n<div id=\"chunk-5882m\">\n<div class=\"mc-column content-text active-extra-styles \" data-block-type=\"unstyled\" data-block-weight=\"22\" data-block-id=\"5\">\n<p class=\" content-text__container \" data-track-category=\"Link no Texto\" data-track-links=\"\" data-mrf-recirculation=\"Mat\u00e9ria - Links no Texto\">Nesta ter\u00e7a-feira (1\u00ba), o relator da proposta, senador Omar Aziz, afirmou que n\u00e3o vai alterar o texto aprovado pela C\u00e2mara dos Deputados.<\/p>\n<\/div>\n<\/div>\n<div id=\"chunk-1u142\">\n<div class=\"mc-column content-text active-extra-styles \" data-block-type=\"unstyled\" data-block-weight=\"50\" data-block-id=\"6\">\n<p class=\" content-text__container \" data-track-category=\"Link no Texto\" data-track-links=\"\" data-mrf-recirculation=\"Mat\u00e9ria - Links no Texto\">&#8220;N\u00f3s vamos votar. Temos n\u00famero para aprovar na CCJ. Otto [Alencar, presidente da CCJ] pode dar vista por 1 hora, 2 horas. Pelo que eu conversei com Otto, ele quer votar amanh\u00e3. Vamos pedir calend\u00e1rio especial. Vamos tentar votar. Tem a oposi\u00e7\u00e3o que n\u00e3o quer votar, vai usar do regimento&#8221;.<\/p>\n<div id=\"chunk-6t0vc\">\n<div class=\"mc-column content-text active-extra-styles\" data-block-type=\"raw\" data-block-weight=\"2\" data-block-id=\"9\">\n<div class=\"content-intertitle\">\n<h2>A proposta<\/h2>\n<\/div>\n<\/div>\n<\/div>\n<div id=\"chunk-4kot4\">\n<div class=\"mc-column content-text active-extra-styles \" data-block-type=\"unstyled\" data-block-weight=\"39\" data-block-id=\"10\">\n<p class=\" content-text__container \" data-track-category=\"Link no Texto\" data-track-links=\"\" data-mrf-recirculation=\"Mat\u00e9ria - Links no Texto\">A Proposta de Emenda \u00e0 Constitui\u00e7\u00e3o (PEC) do fim da 6&#215;1 estipula uma jornada semanal de 40 horas de trabalho \u2013 atualmente, s\u00e3o 44 horas. Com a nova escala, seriam mantidos os limites de 8 horas di\u00e1rias de trabalho.<\/p>\n<\/div>\n<\/div>\n<div id=\"chunk-c4h9o\">\n<div class=\"mc-column content-text active-extra-styles \" data-block-type=\"unstyled\" data-block-weight=\"28\" data-block-id=\"11\">\n<p class=\" content-text__container \" data-track-category=\"Link no Texto\" data-track-links=\"\" data-mrf-recirculation=\"Mat\u00e9ria - Links no Texto\">A grande mudan\u00e7a \u00e9 garantir que os trabalhadores tenham dois dias de descanso semanal sem a possibilidade de redu\u00e7\u00e3o salarial. Preferencialmente, um desses dias deve ser o domingo.<\/p>\n<\/div>\n<\/div>\n<div id=\"chunk-11dk7\">\n<div class=\"mc-column content-text active-extra-styles \" data-block-type=\"unstyled\" data-block-weight=\"26\" data-block-id=\"12\">\n<p class=\" content-text__container \" data-track-category=\"Link no Texto\" data-track-links=\"\" data-mrf-recirculation=\"Mat\u00e9ria - Links no Texto\">Aziz manteve essas regras em seu parecer. O senador tamb\u00e9m n\u00e3o fez altera\u00e7\u00f5es no per\u00edodo de transi\u00e7\u00e3o.\u00a0<strong>Se aprovada, a PEC deve seguir a seguinte cronologia:<\/strong><\/p>\n<\/div>\n<\/div>\n<div id=\"chunk-d4r0b\">\n<div class=\"mc-column content-text active-extra-styles\" data-block-type=\"raw\" data-block-weight=\"26\" data-block-id=\"13\">\n<ul class=\"content-unordered-list\" data-mrf-recirculation=\"Mat\u00e9ria - Leia Tamb\u00e9m (Lista)\">\n<li><span class=\"highlight highlighted\">em dois meses, redu\u00e7\u00e3o da jornada semanal para 42 horas, com dois dias de repouso semanal;<\/span><\/li>\n<li><span class=\"highlight highlighted\">em um ano, redu\u00e7\u00e3o da jornada semanal para 40 horas.<\/span><\/li>\n<\/ul>\n<div id=\"chunk-4c93a\">\n<div class=\"mc-column content-text active-extra-styles \" data-block-type=\"unstyled\" data-block-weight=\"26\" data-block-id=\"15\">\n<p class=\" content-text__container \" data-track-category=\"Link no Texto\" data-track-links=\"\" data-mrf-recirculation=\"Mat\u00e9ria - Links no Texto\"><strong>O fim da escala 6&#215;1, com garantia de ao menos duas folgas semanais, preferencialmente aos domingos, entrar\u00e1 em vigor 60 dias ap\u00f3s a promulga\u00e7\u00e3o do texto.<\/strong><\/p>\n<\/div>\n<\/div>\n<div id=\"chunk-4lm2h\">\n<div class=\"mc-column content-text active-extra-styles \" data-block-type=\"unstyled\" data-block-weight=\"34\" data-block-id=\"16\">\n<p class=\" content-text__container \" data-track-category=\"Link no Texto\" data-track-links=\"\" data-mrf-recirculation=\"Mat\u00e9ria - Links no Texto\">Em seu relat\u00f3rio, o parlamentar do PSD defendeu a redu\u00e7\u00e3o da carga de trabalho. O senador chama a aten\u00e7\u00e3o para o fato de que as 44 horas semanais est\u00e3o em vigor h\u00e1 30 anos.<\/p>\n<\/div>\n<\/div>\n<div id=\"chunk-5g8f0\">\n<div class=\"mc-column content-text active-extra-styles \" data-block-type=\"unstyled\" data-block-weight=\"22\" data-block-id=\"17\">\n<p class=\" content-text__container \" data-track-category=\"Link no Texto\" data-track-links=\"\" data-mrf-recirculation=\"Mat\u00e9ria - Links no Texto\">E, segundo dados do Instituto de Pesquisa Econ\u00f4mica Aplicada (Ipea) a 6&#215;1 afeta mais os trabalhadores de menor renda e menor escolaridade.<\/p>\n<\/div>\n<\/div>\n<div id=\"chunk-7m08j\">\n<div class=\"mc-column content-text active-extra-styles \" data-block-type=\"unstyled\" data-block-weight=\"42\" data-block-id=\"18\">\n<p class=\" content-text__container \" data-track-category=\"Link no Texto\" data-track-links=\"\" data-mrf-recirculation=\"Mat\u00e9ria - Links no Texto\">&#8220;A jornada prolongada n\u00e3o \u00e9, portanto, fen\u00f4meno neutramente distribu\u00eddo na estrutura produtiva: recai de modo desproporcional sobre os trabalhadores de menor renda e menor escolaridade. Reduzi-la \u00e9, nessa exata medida, provid\u00eancia de justi\u00e7a distributiva, e n\u00e3o apenas de pol\u00edtica laboral&#8221;, afirmou Aziz.<\/p>\n<p data-track-category=\"Link no Texto\" data-track-links=\"\" data-mrf-recirculation=\"Mat\u00e9ria - Links no Texto\">Fonte: G1<\/p>\n<\/div>\n<\/div>\n<\/div>\n<\/div>\n<\/div>\n<\/div>\n<\/div>\n","protected":false},"excerpt":{"rendered":"<p>A Comiss\u00e3o de Constitui\u00e7\u00e3o e Justi\u00e7a (CCJ) do\u00a0Senado\u00a0pode votar nesta quarta-feira (2) a Proposta de Emenda \u00e0 Constitui\u00e7\u00e3o (PEC) que acaba com a escala de&#8230;<\/p>\n","protected":false},"author":1527,"featured_media":67173,"comment_status":"closed","ping_status":"closed","sticky":false,"template":"","format":"standard","meta":{"footnotes":""},"categories":[6],"tags":[],"class_list":["post-67172","post","type-post","status-publish","format-standard","has-post-thumbnail","hentry","category-noticias"],"_links":{"self":[{"href":"https:\/\/www.sincomam.org.br\/index.php\/wp-json\/wp\/v2\/posts\/67172","targetHints":{"allow":["GET"]}}],"collection":[{"href":"https:\/\/www.sincomam.org.br\/index.php\/wp-json\/wp\/v2\/posts"}],"about":[{"href":"https:\/\/www.sincomam.org.br\/index.php\/wp-json\/wp\/v2\/types\/post"}],"author":[{"embeddable":true,"href":"https:\/\/www.sincomam.org.br\/index.php\/wp-json\/wp\/v2\/users\/1527"}],"replies":[{"embeddable":true,"href":"https:\/\/www.sincomam.org.br\/index.php\/wp-json\/wp\/v2\/comments?post=67172"}],"version-history":[{"count":1,"href":"https:\/\/www.sincomam.org.br\/index.php\/wp-json\/wp\/v2\/posts\/67172\/revisions"}],"predecessor-version":[{"id":67174,"href":"https:\/\/www.sincomam.org.br\/index.php\/wp-json\/wp\/v2\/posts\/67172\/revisions\/67174"}],"wp:featuredmedia":[{"embeddable":true,"href":"https:\/\/www.sincomam.org.br\/index.php\/wp-json\/wp\/v2\/media\/67173"}],"wp:attachment":[{"href":"https:\/\/www.sincomam.org.br\/index.php\/wp-json\/wp\/v2\/media?parent=67172"}],"wp:term":[{"taxonomy":"category","embeddable":true,"href":"https:\/\/www.sincomam.org.br\/index.php\/wp-json\/wp\/v2\/categories?post=67172"},{"taxonomy":"post_tag","embeddable":true,"href":"https:\/\/www.sincomam.org.br\/index.php\/wp-json\/wp\/v2\/tags?post=67172"}],"curies":[{"name":"wp","href":"https:\/\/api.w.org\/{rel}","templated":true}]}}