{"id":67144,"date":"2026-09-01T10:29:54","date_gmt":"2026-09-01T13:29:54","guid":{"rendered":"https:\/\/www.sincomam.org.br\/?p=67144"},"modified":"2026-09-01T10:29:54","modified_gmt":"2026-09-01T13:29:54","slug":"xxxiii-cooperaportos-aborda-sustentabilidade-seguranca-e-gestao-ambiental-no-setor-portuario","status":"publish","type":"post","link":"https:\/\/www.sincomam.org.br\/index.php\/xxxiii-cooperaportos-aborda-sustentabilidade-seguranca-e-gestao-ambiental-no-setor-portuario\/","title":{"rendered":"XXXIII Cooperaportos aborda sustentabilidade, seguran\u00e7a e gest\u00e3o ambiental no setor portu\u00e1rio"},"content":{"rendered":"<p>O XXXIII Encontro Cooperaportos reuniu, de 26 a 28\/08, representantes do setor portu\u00e1rio, \u00f3rg\u00e3os p\u00fablicos, empresas e especialistas para discutir sustentabilidade, seguran\u00e7a e gest\u00e3o ambiental. Com o tema \u201cPortos na Fronteira ESG\u201d, o encontro, realizado no Esp\u00edrito Santo (ES), promoveu o compartilhamento de experi\u00eancias e solu\u00e7\u00f5es para o setor aquavi\u00e1rio.<\/p>\n<p>A Ag\u00eancia Nacional de Transportes Aquavi\u00e1rios (ANTAQ) apresentou iniciativas em desenvolvimento, como a revis\u00e3o e atualiza\u00e7\u00e3o do \u00cdndice de Desempenho Ambiental (IDA) 2027 e das cl\u00e1usulas de sustentabilidade dos contratos de arrendamentos e concess\u00f5es. Houve espa\u00e7o para contribui\u00e7\u00f5es.<\/p>\n<p>Entre os temas debatidos estiveram o novo marco do licenciamento ambiental, descarboniza\u00e7\u00e3o, emerg\u00eancias ambientais, seguran\u00e7a operacional, biodiversidade, gest\u00e3o de bioincrusta\u00e7\u00e3o, navega\u00e7\u00e3o segura, conserva\u00e7\u00e3o marinha e seguran\u00e7a ocupacional. Outro destaque foi a apresenta\u00e7\u00e3o de estudo desenvolvido pela ANTAQ em parceria com a Coopera\u00e7\u00e3o Alem\u00e3 para o Desenvolvimento Sustent\u00e1vel (GIZ), por meio do projeto ProAdapta, sobre a rela\u00e7\u00e3o porto-cidade e a promo\u00e7\u00e3o da resili\u00eancia clim\u00e1tica e da sustentabilidade.<\/p>\n<p>Participaram ainda institui\u00e7\u00f5es como o Instituto Brasileiro do Meio Ambiente e dos Recursos Naturais Renov\u00e1veis (Ibama) e a Marinha do Brasil, al\u00e9m de representantes de administra\u00e7\u00f5es portu\u00e1rias e empresas. Para o superintendente de ESG e Inova\u00e7\u00e3o da ANTAQ, Uir\u00e1 Oliveira, a edi\u00e7\u00e3o deste ano teve participa\u00e7\u00e3o presencial expressiva e intensa intera\u00e7\u00e3o entre os portos, com compartilhamento de experi\u00eancias e diferentes formas de tratar quest\u00f5es comuns ao setor.<\/p>\n<p>No \u00faltimo dia do encontro (28\/08), foi realizada visita t\u00e9cnica ao Porto de Vit\u00f3ria.<\/p>\n<p><b>Sobre o Cooperaportos<\/b><b><\/b><\/p>\n<p>Criado em 2000, o Cooperaportos \u00e9 um f\u00f3rum permanente de coopera\u00e7\u00e3o entre institui\u00e7\u00f5es p\u00fablicas e privadas voltado ao fortalecimento das a\u00e7\u00f5es socioambientais e de seguran\u00e7a no setor portu\u00e1rio. O primeiro encontro ocorreu em 29 de junho daquele ano, na ent\u00e3o Companhia Docas do Estado de S\u00e3o Paulo (Codesp).<\/p>\n<p>Realizado anualmente, o f\u00f3rum re\u00fane t\u00e9cnicos do setor portu\u00e1rio, representantes das entidades signat\u00e1rias do Protocolo de Inten\u00e7\u00f5es, administra\u00e7\u00f5es portu\u00e1rias, \u00f3rg\u00e3os p\u00fablicos e especialistas. A iniciativa promove a troca de informa\u00e7\u00f5es e experi\u00eancias, dissemina boas pr\u00e1ticas, contribui para o aperfei\u00e7oamento regulat\u00f3rio e incentiva o desenvolvimento sustent\u00e1vel do setor portu\u00e1rio brasileiro.<\/p>\n<p>O XXXIII Encontro Cooperaportos foi realizado no \u00e2mbito do Protocolo de Inten\u00e7\u00f5es firmado entre a ANTAQ, a Associa\u00e7\u00e3o Brasileira das Entidades Portu\u00e1rias e Hidrovi\u00e1rias (ABEPH), a Associa\u00e7\u00e3o Brasileira dos Terminais Portu\u00e1rios (ABTP) e a Associa\u00e7\u00e3o de Terminais Portu\u00e1rios (ATP). Neste ano, a Vports foi a anfitri\u00e3 do evento.<\/p>\n<p>Fonte: Antaq<\/p>\n","protected":false},"excerpt":{"rendered":"<p>O XXXIII Encontro Cooperaportos reuniu, de 26 a 28\/08, representantes do setor portu\u00e1rio, \u00f3rg\u00e3os p\u00fablicos, empresas e especialistas para discutir sustentabilidade, seguran\u00e7a e gest\u00e3o ambiental&#8230;.<\/p>\n","protected":false},"author":1527,"featured_media":67145,"comment_status":"closed","ping_status":"closed","sticky":false,"template":"","format":"standard","meta":{"footnotes":""},"categories":[6],"tags":[],"class_list":["post-67144","post","type-post","status-publish","format-standard","has-post-thumbnail","hentry","category-noticias"],"_links":{"self":[{"href":"https:\/\/www.sincomam.org.br\/index.php\/wp-json\/wp\/v2\/posts\/67144","targetHints":{"allow":["GET"]}}],"collection":[{"href":"https:\/\/www.sincomam.org.br\/index.php\/wp-json\/wp\/v2\/posts"}],"about":[{"href":"https:\/\/www.sincomam.org.br\/index.php\/wp-json\/wp\/v2\/types\/post"}],"author":[{"embeddable":true,"href":"https:\/\/www.sincomam.org.br\/index.php\/wp-json\/wp\/v2\/users\/1527"}],"replies":[{"embeddable":true,"href":"https:\/\/www.sincomam.org.br\/index.php\/wp-json\/wp\/v2\/comments?post=67144"}],"version-history":[{"count":1,"href":"https:\/\/www.sincomam.org.br\/index.php\/wp-json\/wp\/v2\/posts\/67144\/revisions"}],"predecessor-version":[{"id":67146,"href":"https:\/\/www.sincomam.org.br\/index.php\/wp-json\/wp\/v2\/posts\/67144\/revisions\/67146"}],"wp:featuredmedia":[{"embeddable":true,"href":"https:\/\/www.sincomam.org.br\/index.php\/wp-json\/wp\/v2\/media\/67145"}],"wp:attachment":[{"href":"https:\/\/www.sincomam.org.br\/index.php\/wp-json\/wp\/v2\/media?parent=67144"}],"wp:term":[{"taxonomy":"category","embeddable":true,"href":"https:\/\/www.sincomam.org.br\/index.php\/wp-json\/wp\/v2\/categories?post=67144"},{"taxonomy":"post_tag","embeddable":true,"href":"https:\/\/www.sincomam.org.br\/index.php\/wp-json\/wp\/v2\/tags?post=67144"}],"curies":[{"name":"wp","href":"https:\/\/api.w.org\/{rel}","templated":true}]}}