{"id":67141,"date":"2026-09-01T10:28:05","date_gmt":"2026-09-01T13:28:05","guid":{"rendered":"https:\/\/www.sincomam.org.br\/?p=67141"},"modified":"2026-09-01T10:28:05","modified_gmt":"2026-09-01T13:28:05","slug":"marinha-amplia-comunicacao-estrategica-e-aproxima-defesa-e-academia","status":"publish","type":"post","link":"https:\/\/www.sincomam.org.br\/index.php\/marinha-amplia-comunicacao-estrategica-e-aproxima-defesa-e-academia\/","title":{"rendered":"Marinha amplia Comunica\u00e7\u00e3o Estrat\u00e9gica e aproxima Defesa e academia"},"content":{"rendered":"<p>Depois de\u00a0<strong data-start=\"3945\" data-end=\"3989\">65 anos de atua\u00e7\u00e3o em Comunica\u00e7\u00e3o Social<\/strong>, a Marinha iniciou um processo para elevar a comunica\u00e7\u00e3o a um novo patamar institucional. O movimento ganhou uma nova etapa em Bras\u00edlia com o primeiro\u00a0<strong data-start=\"4141\" data-end=\"4180\">Simp\u00f3sio de Comunica\u00e7\u00e3o Estrat\u00e9gica<\/strong>, que reuniu militares, acad\u00eamicos, especialistas e estudantes para discutir como comunica\u00e7\u00e3o, Rela\u00e7\u00f5es Institucionais e Governamentais e di\u00e1logo com a sociedade podem contribuir para os objetivos da For\u00e7a.<\/p>\n<p data-start=\"4388\" data-end=\"4563\">Realizado no dia 26 de agosto, o encontro foi promovido pelo\u00a0<strong data-start=\"4449\" data-end=\"4504\">Centro de Comunica\u00e7\u00e3o Estrat\u00e9gica da Marinha (CCEM)<\/strong>\u00a0em parceria com o Centro Universit\u00e1rio de Bras\u00edlia (CEUB).<\/p>\n<p data-start=\"4565\" data-end=\"4799\">A programa\u00e7\u00e3o reuniu diferentes perspectivas sobre Comunica\u00e7\u00e3o Estrat\u00e9gica, incluindo a vis\u00e3o institucional da Marinha, sua rela\u00e7\u00e3o com as\u00a0<strong data-start=\"4704\" data-end=\"4754\">Rela\u00e7\u00f5es Institucionais e Governamentais (RIG)<\/strong>\u00a0e abordagens provenientes do meio acad\u00eamico.<\/p>\n<p data-start=\"4801\" data-end=\"4883\">Por tr\u00e1s do evento, por\u00e9m, existe uma transforma\u00e7\u00e3o que come\u00e7ou antes do simp\u00f3sio.<\/p>\n<h2 data-start=\"4885\" data-end=\"4933\">O que est\u00e1 mudando na comunica\u00e7\u00e3o da Marinha?<\/h2>\n<p data-start=\"4935\" data-end=\"5076\">Em outubro de 2025, o ent\u00e3o\u00a0<strong data-start=\"4963\" data-end=\"5006\">Centro de Comunica\u00e7\u00e3o Social da Marinha<\/strong>\u00a0passou a ser denominado Centro de Comunica\u00e7\u00e3o Estrat\u00e9gica da Marinha.<\/p>\n<p data-start=\"5078\" data-end=\"5203\">A altera\u00e7\u00e3o poderia parecer apenas administrativa, mas a pr\u00f3pria For\u00e7a afirma que existe um processo mais amplo em andamento.<\/p>\n<p data-start=\"5205\" data-end=\"5448\">Durante o simp\u00f3sio, o Diretor do CCEM, Vice-Almirante Vagner Belarmino de Oliveira, explicou que a transforma\u00e7\u00e3o busca levar a Comunica\u00e7\u00e3o Social realizada pela Marinha h\u00e1 65 anos para um patamar adequado \u00e0s atuais necessidades institucionais.<\/p>\n<p data-start=\"5450\" data-end=\"5547\">A proposta \u00e9 fazer da\u00a0<strong data-start=\"5472\" data-end=\"5546\">comunica\u00e7\u00e3o uma ferramenta de fomento e desenvolvimento da institui\u00e7\u00e3o<\/strong>.<\/p>\n<p data-start=\"5549\" data-end=\"5686\">Segundo o Vice-Almirante, essa transforma\u00e7\u00e3o n\u00e3o ocorre instantaneamente, e o primeiro simp\u00f3sio representa uma das etapas desse processo.<\/p>\n<h2 data-start=\"5688\" data-end=\"5749\">Comunica\u00e7\u00e3o Estrat\u00e9gica vai al\u00e9m da divulga\u00e7\u00e3o de not\u00edcias<\/h2>\n<p data-start=\"5751\" data-end=\"5806\">A mudan\u00e7a ajuda a compreender uma distin\u00e7\u00e3o importante.<\/p>\n<p data-start=\"5808\" data-end=\"5987\">Comunica\u00e7\u00e3o Estrat\u00e9gica, dentro da perspectiva apresentada no evento, n\u00e3o se resume \u00e0 produ\u00e7\u00e3o de not\u00edcias, fotografias, v\u00eddeos ou divulga\u00e7\u00e3o das atividades realizadas pela For\u00e7a.<\/p>\n<p data-start=\"5989\" data-end=\"6114\">A iniciativa envolve tamb\u00e9m\u00a0<strong data-start=\"6017\" data-end=\"6113\">alinhamento conceitual, relacionamento com p\u00fablicos de interesse e articula\u00e7\u00e3o institucional<\/strong>.<\/p>\n<p data-start=\"6116\" data-end=\"6271\">O simp\u00f3sio faz parte das a\u00e7\u00f5es destinadas ao aprimoramento t\u00e9cnico das atividades de Comunica\u00e7\u00e3o Estrat\u00e9gica e de Rela\u00e7\u00f5es Institucionais e Governamentais.<\/p>\n<p data-start=\"6273\" data-end=\"6398\">Outro objetivo \u00e9 ampliar a divulga\u00e7\u00e3o da\u00a0<strong data-start=\"6314\" data-end=\"6364\">Pol\u00edtica de Comunica\u00e7\u00e3o Estrat\u00e9gica da Marinha<\/strong>\u00a0entre seus p\u00fablicos de interesse.<\/p>\n<p data-start=\"6400\" data-end=\"6488\">Assim, a comunica\u00e7\u00e3o passa a ser tratada dentro de um processo institucional mais amplo.<\/p>\n<h2 data-start=\"6490\" data-end=\"6550\">Rela\u00e7\u00f5es Institucionais e Governamentais entram no debate<\/h2>\n<p data-start=\"6552\" data-end=\"6642\">Um dos eixos do simp\u00f3sio foi justamente a rela\u00e7\u00e3o entre\u00a0<strong data-start=\"6608\" data-end=\"6641\">Comunica\u00e7\u00e3o Estrat\u00e9gica e RIG<\/strong>.<\/p>\n<p data-start=\"6644\" data-end=\"6844\">Representando a Associa\u00e7\u00e3o Brasileira de Rela\u00e7\u00f5es Institucionais e Governamentais, o Secret\u00e1rio de Comunica\u00e7\u00e3o Internacional da ABRIG, Thomaz Pires, abordou a necessidade de di\u00e1logo entre essas \u00e1reas.<\/p>\n<p data-start=\"6846\" data-end=\"6977\">A perspectiva apresentada no encontro \u00e9 de que Comunica\u00e7\u00e3o Estrat\u00e9gica n\u00e3o deve ser compreendida apenas sob a \u00f3tica das narrativas.<\/p>\n<p data-start=\"6979\" data-end=\"7061\">Quest\u00f5es institucionais, relacionamento e coopera\u00e7\u00e3o tamb\u00e9m entram nesse ambiente.<\/p>\n<p data-start=\"7063\" data-end=\"7238\">Para uma organiza\u00e7\u00e3o como a Marinha, isso amplia o conjunto de atores envolvidos no processo comunicacional e aproxima a atividade de outras dimens\u00f5es da gest\u00e3o institucional.<\/p>\n<h2 data-start=\"7240\" data-end=\"7300\">Academia entra na discuss\u00e3o sobre Comunica\u00e7\u00e3o Estrat\u00e9gica<\/h2>\n<p data-start=\"7302\" data-end=\"7409\">A realiza\u00e7\u00e3o do evento em parceria com o\u00a0<strong data-start=\"7343\" data-end=\"7351\">CEUB<\/strong>\u00a0colocou a comunidade universit\u00e1ria diretamente no debate.<\/p>\n<p data-start=\"7411\" data-end=\"7635\">O professor Bruno Nalon, coordenador de cursos de gradua\u00e7\u00e3o na \u00e1rea de Comunica\u00e7\u00e3o Social da institui\u00e7\u00e3o, participou como palestrante e ressaltou o potencial de compartilhamento de conhecimentos entre universidade e Marinha.<\/p>\n<p data-start=\"7637\" data-end=\"7680\">Essa aproxima\u00e7\u00e3o funciona em duas dire\u00e7\u00f5es.<\/p>\n<p data-start=\"7682\" data-end=\"7868\">A institui\u00e7\u00e3o militar pode compartilhar experi\u00eancias acumuladas em sua atua\u00e7\u00e3o, enquanto professores, pesquisadores e estudantes oferecem perspectivas provenientes do ambiente acad\u00eamico.<\/p>\n<p data-start=\"7870\" data-end=\"8011\">O resultado pretendido \u00e9 ampliar o interc\u00e2mbio profissional e intelectual sobre um campo que passa por transforma\u00e7\u00e3o dentro da pr\u00f3pria For\u00e7a.<\/p>\n<h2 data-start=\"8013\" data-end=\"8056\">Por que aproximar Defesa e universidade?<\/h2>\n<p data-start=\"8058\" data-end=\"8170\">A rela\u00e7\u00e3o entre\u00a0<strong data-start=\"8074\" data-end=\"8095\">Defesa e academia<\/strong>\u00a0possui um efeito particularmente relevante quando o assunto \u00e9 comunica\u00e7\u00e3o.<\/p>\n<p data-start=\"8172\" data-end=\"8327\">Institui\u00e7\u00f5es militares trabalham com atribui\u00e7\u00f5es, estruturas e terminologias que nem sempre s\u00e3o plenamente compreendidas por quem est\u00e1 fora desse ambiente.<\/p>\n<p data-start=\"8329\" data-end=\"8469\">Ao aproximar estudantes e professores, a Marinha abre espa\u00e7o para explicar melhor sua atua\u00e7\u00e3o e, simultaneamente, ouvir percep\u00e7\u00f5es externas.<\/p>\n<p data-start=\"8471\" data-end=\"8546\">Esse ponto apareceu inclusive nos relatos dos alunos presentes no simp\u00f3sio.<\/p>\n<h2 data-start=\"8548\" data-end=\"8597\">Estudantes conhecem novas dimens\u00f5es da Marinha<\/h2>\n<p data-start=\"8599\" data-end=\"8757\">Frederico Filho, estudante do segundo semestre de Direito do CEUB, relatou que o interesse em seguir carreira militar esteve entre os motivos para participar.<\/p>\n<p data-start=\"8759\" data-end=\"8919\">Segundo o estudante, o encontro permitiu aprofundar seus conhecimentos sobre a Marinha e compreender melhor a fun\u00e7\u00e3o da Comunica\u00e7\u00e3o Estrat\u00e9gica dentro da For\u00e7a.<\/p>\n<p data-start=\"8921\" data-end=\"9128\">A estudante de Marketing Digital Joana Batista Mizuno tamb\u00e9m destacou a contribui\u00e7\u00e3o do evento para sua forma\u00e7\u00e3o acad\u00eamica e para o desenvolvimento de uma vis\u00e3o mais cr\u00edtica sobre estrat\u00e9gias de comunica\u00e7\u00e3o.<\/p>\n<p data-start=\"9130\" data-end=\"9302\">Sua percep\u00e7\u00e3o trouxe ainda outro aspecto importante: muitas pessoas conhecem a exist\u00eancia da Marinha, mas\u00a0<strong data-start=\"9236\" data-end=\"9301\">n\u00e3o necessariamente compreendem a extens\u00e3o de suas atividades<\/strong>.<\/p>\n<p data-start=\"9304\" data-end=\"9413\">Esse desafio ajuda a explicar por que uma For\u00e7a Armada pode considerar a comunica\u00e7\u00e3o uma quest\u00e3o estrat\u00e9gica.<\/p>\n<h2 data-start=\"9415\" data-end=\"9471\">Explicar a Marinha tamb\u00e9m \u00e9 um desafio de comunica\u00e7\u00e3o<\/h2>\n<p data-start=\"9473\" data-end=\"9575\">Para uma institui\u00e7\u00e3o de abrang\u00eancia nacional, comunicar significa lidar com p\u00fablicos muito diferentes.<\/p>\n<p data-start=\"9577\" data-end=\"9759\">A realiza\u00e7\u00e3o do simp\u00f3sio indica que a Marinha pretende aprofundar a discuss\u00e3o sobre como essa comunica\u00e7\u00e3o se relaciona com seus objetivos e com seus diferentes p\u00fablicos de interesse.<\/p>\n<p data-start=\"9761\" data-end=\"9830\">Nesse contexto, o desafio deixa de ser apenas transmitir informa\u00e7\u00f5es.<\/p>\n<p data-start=\"9832\" data-end=\"9953\">Tamb\u00e9m passa pela necessidade de\u00a0<strong data-start=\"9865\" data-end=\"9952\">estabelecer di\u00e1logo, ampliar compreens\u00e3o e coordenar relacionamentos institucionais<\/strong>.<\/p>\n<p data-start=\"9955\" data-end=\"10113\">O simp\u00f3sio reuniu justamente atores com experi\u00eancias distintas: militares, profissionais da \u00e1rea, representantes da sociedade civil, professores e estudantes.<\/p>\n<h2 data-start=\"10115\" data-end=\"10173\">Primeiro simp\u00f3sio materializa processo iniciado em 2025<\/h2>\n<p data-start=\"10175\" data-end=\"10294\">O car\u00e1ter in\u00e9dito do encontro tamb\u00e9m possui significado dentro da transforma\u00e7\u00e3o do antigo Centro de Comunica\u00e7\u00e3o Social.<\/p>\n<p data-start=\"10296\" data-end=\"10348\">A mudan\u00e7a de denomina\u00e7\u00e3o ocorreu em outubro de 2025.<\/p>\n<p data-start=\"10350\" data-end=\"10483\">Em agosto de 2026, o\u00a0<strong data-start=\"10371\" data-end=\"10430\">primeiro Simp\u00f3sio de Comunica\u00e7\u00e3o Estrat\u00e9gica da Marinha<\/strong>\u00a0aparece como uma das a\u00e7\u00f5es concretas desse processo.<\/p>\n<p data-start=\"10485\" data-end=\"10593\">O pr\u00f3prio Diretor do CCEM caracterizou o evento como parte de uma transforma\u00e7\u00e3o maior em andamento na For\u00e7a.<\/p>\n<p data-start=\"10595\" data-end=\"10661\">Isso significa que o simp\u00f3sio n\u00e3o deve ser analisado isoladamente.<\/p>\n<p data-start=\"10663\" data-end=\"10787\">Ele est\u00e1 inserido na busca por aprimoramento t\u00e9cnico, alinhamento conceitual e dissemina\u00e7\u00e3o da nova pol\u00edtica de comunica\u00e7\u00e3o.<\/p>\n<p data-start=\"10663\" data-end=\"10787\">Fonte: Defesa em Foco<\/p>\n","protected":false},"excerpt":{"rendered":"<p>Depois de\u00a065 anos de atua\u00e7\u00e3o em Comunica\u00e7\u00e3o Social, a Marinha iniciou um processo para elevar a comunica\u00e7\u00e3o a um novo patamar institucional. O movimento ganhou&#8230;<\/p>\n","protected":false},"author":1527,"featured_media":67142,"comment_status":"closed","ping_status":"closed","sticky":false,"template":"","format":"standard","meta":{"footnotes":""},"categories":[6],"tags":[],"class_list":["post-67141","post","type-post","status-publish","format-standard","has-post-thumbnail","hentry","category-noticias"],"_links":{"self":[{"href":"https:\/\/www.sincomam.org.br\/index.php\/wp-json\/wp\/v2\/posts\/67141","targetHints":{"allow":["GET"]}}],"collection":[{"href":"https:\/\/www.sincomam.org.br\/index.php\/wp-json\/wp\/v2\/posts"}],"about":[{"href":"https:\/\/www.sincomam.org.br\/index.php\/wp-json\/wp\/v2\/types\/post"}],"author":[{"embeddable":true,"href":"https:\/\/www.sincomam.org.br\/index.php\/wp-json\/wp\/v2\/users\/1527"}],"replies":[{"embeddable":true,"href":"https:\/\/www.sincomam.org.br\/index.php\/wp-json\/wp\/v2\/comments?post=67141"}],"version-history":[{"count":1,"href":"https:\/\/www.sincomam.org.br\/index.php\/wp-json\/wp\/v2\/posts\/67141\/revisions"}],"predecessor-version":[{"id":67143,"href":"https:\/\/www.sincomam.org.br\/index.php\/wp-json\/wp\/v2\/posts\/67141\/revisions\/67143"}],"wp:featuredmedia":[{"embeddable":true,"href":"https:\/\/www.sincomam.org.br\/index.php\/wp-json\/wp\/v2\/media\/67142"}],"wp:attachment":[{"href":"https:\/\/www.sincomam.org.br\/index.php\/wp-json\/wp\/v2\/media?parent=67141"}],"wp:term":[{"taxonomy":"category","embeddable":true,"href":"https:\/\/www.sincomam.org.br\/index.php\/wp-json\/wp\/v2\/categories?post=67141"},{"taxonomy":"post_tag","embeddable":true,"href":"https:\/\/www.sincomam.org.br\/index.php\/wp-json\/wp\/v2\/tags?post=67141"}],"curies":[{"name":"wp","href":"https:\/\/api.w.org\/{rel}","templated":true}]}}