{"id":67130,"date":"2026-09-01T10:16:11","date_gmt":"2026-09-01T13:16:11","guid":{"rendered":"https:\/\/www.sincomam.org.br\/?p=67130"},"modified":"2026-09-01T10:16:11","modified_gmt":"2026-09-01T13:16:11","slug":"gt-das-eolicas-offshore-ganha-90-dias-para-conclusao-dos-trabalhos","status":"publish","type":"post","link":"https:\/\/www.sincomam.org.br\/index.php\/gt-das-eolicas-offshore-ganha-90-dias-para-conclusao-dos-trabalhos\/","title":{"rendered":"GT das e\u00f3licas offshore ganha 90 dias para conclus\u00e3o dos trabalhos"},"content":{"rendered":"<p>O Conselho Nacional de Pol\u00edtica Energ\u00e9tica (CNPE) prorrogou, por 90 dias, o prazo para conclus\u00e3o das atividades do grupo de trabalho sobre e\u00f3licas offshore. Nesse per\u00edodo, dever\u00e1 ser finalizado e apresentado ao CNPE o relat\u00f3rio final e a conclus\u00e3o das entregas previstas na resolu\u00e7\u00e3o que cria o GT. A prorroga\u00e7\u00e3o foi publicada no Di\u00e1rio Oficial da Uni\u00e3o desta segunda-feira (31\/08), data em que a portaria do conselho entrou em vigor.<\/p>\n<p>O Grupo de Trabalho E\u00f3licas Offshore, foi institu\u00eddo em outubro de 2025, por resolu\u00e7\u00e3o CNPE. O GT-EO foi criado com participa\u00e7\u00e3o de 23 institui\u00e7\u00f5es e com objetivo de propor medidas para regulamentar e garantir a aplica\u00e7\u00e3o da Lei das E\u00f3licas Offshore (15.097\/2025), publicada em janeiro do ano passado. A coordena\u00e7\u00e3o \u00e9 do Minist\u00e9rio de Minas e Energia (MME).<\/p>\n<p>Entre as atribui\u00e7\u00f5es do GT-EO est\u00e1 estabelecer normas para explora\u00e7\u00e3o de energia e\u00f3lica offshore, como crit\u00e9rios para defini\u00e7\u00e3o pr\u00e9via da localiza\u00e7\u00e3o de equipamentos, a qualifica\u00e7\u00e3o t\u00e9cnica e econ\u00f4mico-financeira necess\u00e1ria, san\u00e7\u00f5es em caso de descumprimento de obriga\u00e7\u00f5es e para regula\u00e7\u00e3o da Declara\u00e7\u00e3o de Interfer\u00eancia Pr\u00e9via (DIP). Al\u00e9m de acompanhar estudos t\u00e9cnicos sobre impactos na atividade pesqueira, na seguran\u00e7a na navega\u00e7\u00e3o e em opera\u00e7\u00f5es portu\u00e1rias e a cria\u00e7\u00e3o de um Portal \u00danico de Gest\u00e3o de \u00c1reas Offshore, com dados sobre o processo.<\/p>\n<p>Fonte: Portos e Navios<\/p>\n","protected":false},"excerpt":{"rendered":"<p>O Conselho Nacional de Pol\u00edtica Energ\u00e9tica (CNPE) prorrogou, por 90 dias, o prazo para conclus\u00e3o das atividades do grupo de trabalho sobre e\u00f3licas offshore. Nesse&#8230;<\/p>\n","protected":false},"author":1527,"featured_media":67131,"comment_status":"closed","ping_status":"closed","sticky":false,"template":"","format":"standard","meta":{"footnotes":""},"categories":[6],"tags":[],"class_list":["post-67130","post","type-post","status-publish","format-standard","has-post-thumbnail","hentry","category-noticias"],"_links":{"self":[{"href":"https:\/\/www.sincomam.org.br\/index.php\/wp-json\/wp\/v2\/posts\/67130","targetHints":{"allow":["GET"]}}],"collection":[{"href":"https:\/\/www.sincomam.org.br\/index.php\/wp-json\/wp\/v2\/posts"}],"about":[{"href":"https:\/\/www.sincomam.org.br\/index.php\/wp-json\/wp\/v2\/types\/post"}],"author":[{"embeddable":true,"href":"https:\/\/www.sincomam.org.br\/index.php\/wp-json\/wp\/v2\/users\/1527"}],"replies":[{"embeddable":true,"href":"https:\/\/www.sincomam.org.br\/index.php\/wp-json\/wp\/v2\/comments?post=67130"}],"version-history":[{"count":1,"href":"https:\/\/www.sincomam.org.br\/index.php\/wp-json\/wp\/v2\/posts\/67130\/revisions"}],"predecessor-version":[{"id":67132,"href":"https:\/\/www.sincomam.org.br\/index.php\/wp-json\/wp\/v2\/posts\/67130\/revisions\/67132"}],"wp:featuredmedia":[{"embeddable":true,"href":"https:\/\/www.sincomam.org.br\/index.php\/wp-json\/wp\/v2\/media\/67131"}],"wp:attachment":[{"href":"https:\/\/www.sincomam.org.br\/index.php\/wp-json\/wp\/v2\/media?parent=67130"}],"wp:term":[{"taxonomy":"category","embeddable":true,"href":"https:\/\/www.sincomam.org.br\/index.php\/wp-json\/wp\/v2\/categories?post=67130"},{"taxonomy":"post_tag","embeddable":true,"href":"https:\/\/www.sincomam.org.br\/index.php\/wp-json\/wp\/v2\/tags?post=67130"}],"curies":[{"name":"wp","href":"https:\/\/api.w.org\/{rel}","templated":true}]}}