{"id":67112,"date":"2026-08-31T11:22:15","date_gmt":"2026-08-31T14:22:15","guid":{"rendered":"https:\/\/www.sincomam.org.br\/?p=67112"},"modified":"2026-08-31T11:22:37","modified_gmt":"2026-08-31T14:22:37","slug":"marinha-e-portos-rs-reforcam-cooperacao-no-setor-hidroviario","status":"publish","type":"post","link":"https:\/\/www.sincomam.org.br\/index.php\/marinha-e-portos-rs-reforcam-cooperacao-no-setor-hidroviario\/","title":{"rendered":"Marinha e Portos RS refor\u00e7am coopera\u00e7\u00e3o no setor hidrovi\u00e1rio"},"content":{"rendered":"<p>A\u00a0<strong data-start=\"3287\" data-end=\"3308\">Marinha do Brasil<\/strong>\u00a0e a\u00a0<strong data-start=\"3313\" data-end=\"3326\">Portos RS<\/strong>\u00a0avan\u00e7aram na aproxima\u00e7\u00e3o institucional voltada \u00e0s atividades portu\u00e1rias e hidrovi\u00e1rias do Rio Grande do Sul. O di\u00e1logo ocorreu durante visita do diretor de Rela\u00e7\u00f5es Institucionais da Portos RS, Carlos Tavares Acunha, \u00e0\u00a0<strong data-start=\"3546\" data-end=\"3590\">Capitania Fluvial de Porto Alegre (CFPA)<\/strong>, em uma agenda que colocou em pauta coopera\u00e7\u00e3o, seguran\u00e7a da navega\u00e7\u00e3o e desenvolvimento das atividades aquavi\u00e1rias no Estado.<\/p>\n<h2 data-start=\"3719\" data-end=\"3771\">Marinha e Portos RS ampliam di\u00e1logo institucional<\/h2>\n<p data-start=\"3773\" data-end=\"3882\">A visita teve como objetivo fortalecer o relacionamento entre a Marinha do Brasil e o setor portu\u00e1rio ga\u00facho.<\/p>\n<p data-start=\"3884\" data-end=\"4106\">Carlos Tavares Acunha foi recebido na\u00a0<strong data-start=\"3922\" data-end=\"3959\">Capitania Fluvial de Porto Alegre<\/strong>, onde a agenda proporcionou uma oportunidade para tratar de assuntos de interesse comum e ampliar os canais de interlocu\u00e7\u00e3o entre as institui\u00e7\u00f5es.<\/p>\n<p data-start=\"4108\" data-end=\"4376\">O encontro ganha relev\u00e2ncia pelo papel desempenhado pelas duas organiza\u00e7\u00f5es no ambiente aquavi\u00e1rio do Rio Grande do Sul. A aproxima\u00e7\u00e3o institucional permite manter um canal de di\u00e1logo entre representantes do setor portu\u00e1rio e a estrutura da Marinha presente no Estado.<\/p>\n<p data-start=\"4378\" data-end=\"4614\">A informa\u00e7\u00e3o divulgada sobre a visita, entretanto, n\u00e3o menciona assinatura de conv\u00eanio, investimentos ou lan\u00e7amento de novos projetos. O resultado anunciado concentra-se no fortalecimento da coopera\u00e7\u00e3o e do relacionamento institucional.<\/p>\n<h2 data-start=\"4616\" data-end=\"4678\">Seguran\u00e7a da navega\u00e7\u00e3o est\u00e1 entre os pontos de converg\u00eancia<\/h2>\n<p data-start=\"4680\" data-end=\"4832\">Um dos elementos destacados na agenda foi a\u00a0<strong data-start=\"4724\" data-end=\"4750\">seguran\u00e7a da navega\u00e7\u00e3o<\/strong>, tema diretamente relacionado \u00e0s atividades desenvolvidas no ambiente aquavi\u00e1rio.<\/p>\n<p data-start=\"4834\" data-end=\"5092\">A\u00a0Marinha do Brasil, por interm\u00e9dio da CFPA, destacou seu compromisso em estreitar rela\u00e7\u00f5es com institui\u00e7\u00f5es consideradas estrat\u00e9gicas no Rio Grande do Sul, associando essa aproxima\u00e7\u00e3o \u00e0 coopera\u00e7\u00e3o e ao desenvolvimento sustent\u00e1vel das atividades aquavi\u00e1rias.<\/p>\n<p data-start=\"5094\" data-end=\"5314\">Essa interlocu\u00e7\u00e3o ganha import\u00e2ncia em um ambiente no qual diferentes institui\u00e7\u00f5es precisam manter canais de comunica\u00e7\u00e3o para tratar de quest\u00f5es relacionadas \u00e0 navega\u00e7\u00e3o e \u00e0s opera\u00e7\u00f5es desenvolvidas nas \u00e1guas interiores.<\/p>\n<p data-start=\"5316\" data-end=\"5497\">Nesse sentido, encontros institucionais permitem aproximar perspectivas e identificar \u00e1reas de interesse comum, mesmo quando n\u00e3o resultam imediatamente em novos acordos ou projetos.<\/p>\n<h2 data-start=\"5499\" data-end=\"5557\">Por que a aproxima\u00e7\u00e3o com o setor portu\u00e1rio \u00e9 relevante<\/h2>\n<p data-start=\"5559\" data-end=\"5831\">A atividade portu\u00e1ria e a navega\u00e7\u00e3o interior integram uma mesma din\u00e2mica log\u00edstica e aquavi\u00e1ria. Por isso, a interlocu\u00e7\u00e3o entre organiza\u00e7\u00f5es ligadas a esses ambientes pode contribuir para a constru\u00e7\u00e3o de respostas coordenadas diante de quest\u00f5es de interesse compartilhado.<\/p>\n<p data-start=\"5833\" data-end=\"5946\">A visita do diretor de Rela\u00e7\u00f5es Institucionais da Portos RS sinaliza justamente essa busca por maior aproxima\u00e7\u00e3o.<\/p>\n<p data-start=\"5948\" data-end=\"6170\">Para a\u00a0<strong data-start=\"5955\" data-end=\"5992\">Capitania Fluvial de Porto Alegre<\/strong>, o relacionamento com institui\u00e7\u00f5es estrat\u00e9gicas tamb\u00e9m amplia os canais pelos quais podem ser discutidos temas relacionados \u00e0 seguran\u00e7a da navega\u00e7\u00e3o e \u00e0s atividades aquavi\u00e1rias.<\/p>\n<p data-start=\"6172\" data-end=\"6339\">Para o setor portu\u00e1rio, manter interlocu\u00e7\u00e3o com a Marinha favorece a continuidade de um di\u00e1logo institucional sobre um ambiente essencial para suas pr\u00f3prias opera\u00e7\u00f5es.<\/p>\n<h2 data-start=\"6341\" data-end=\"6422\">Coopera\u00e7\u00e3o busca apoiar desenvolvimento sustent\u00e1vel das atividades aquavi\u00e1rias<\/h2>\n<p data-start=\"6424\" data-end=\"6524\">Outro conceito destacado na agenda foi o\u00a0<strong data-start=\"6465\" data-end=\"6523\">desenvolvimento sustent\u00e1vel das atividades aquavi\u00e1rias<\/strong>.<\/p>\n<p data-start=\"6526\" data-end=\"6800\">Nesse ponto, a reuni\u00e3o associa seguran\u00e7a, coopera\u00e7\u00e3o e desenvolvimento em uma mesma perspectiva institucional. A mensagem transmitida \u00e9 de que o fortalecimento das atividades portu\u00e1rias e hidrovi\u00e1rias deve caminhar junto \u00e0 manuten\u00e7\u00e3o de condi\u00e7\u00f5es adequadas para a navega\u00e7\u00e3o.<\/p>\n<p data-start=\"6802\" data-end=\"7105\">N\u00e3o foram apresentados, por\u00e9m, detalhes sobre iniciativas ambientais espec\u00edficas ou metas de sustentabilidade decorrentes da visita. Portanto, o desenvolvimento sustent\u00e1vel aparece como princ\u00edpio orientador da atua\u00e7\u00e3o institucional mencionada no comunicado, e n\u00e3o como an\u00fancio de um programa espec\u00edfico.<\/p>\n<p data-start=\"7107\" data-end=\"7374\">Essa distin\u00e7\u00e3o \u00e9 importante para dimensionar corretamente o encontro: a agenda representa uma\u00a0<strong data-start=\"7201\" data-end=\"7230\">aproxima\u00e7\u00e3o institucional<\/strong>, criando espa\u00e7o para di\u00e1logo e coopera\u00e7\u00e3o, mas n\u00e3o configura, pelas informa\u00e7\u00f5es dispon\u00edveis, o lan\u00e7amento de uma nova pol\u00edtica ou investimento.<\/p>\n<h2 data-start=\"7376\" data-end=\"7437\">Capitania Fluvial refor\u00e7a articula\u00e7\u00e3o no Rio Grande do Sul<\/h2>\n<p data-start=\"7439\" data-end=\"7653\">A reuni\u00e3o tamb\u00e9m evidencia uma dimens\u00e3o da atua\u00e7\u00e3o da\u00a0<strong data-start=\"7493\" data-end=\"7514\">Marinha do\u00a0Brasil<\/strong>\u00a0que nem sempre aparece para o p\u00fablico: a constru\u00e7\u00e3o permanente de rela\u00e7\u00f5es com organiza\u00e7\u00f5es vinculadas ao ambiente mar\u00edtimo e hidrovi\u00e1rio.<\/p>\n<p data-start=\"7655\" data-end=\"7724\">A aproxima\u00e7\u00e3o com a Portos RS insere-se nessa l\u00f3gica de interlocu\u00e7\u00e3o.<\/p>\n<p data-start=\"7726\" data-end=\"7954\">Ao reunir representantes das institui\u00e7\u00f5es em Porto Alegre, a agenda refor\u00e7a a inten\u00e7\u00e3o de preservar canais de entendimento sobre assuntos de interesse comum e de aproximar o setor portu\u00e1rio da estrutura naval presente no Estado.<\/p>\n<p data-start=\"7956\" data-end=\"8188\">Em um Rio Grande do Sul no qual as atividades portu\u00e1rias e hidrovi\u00e1rias possuem relev\u00e2ncia estrat\u00e9gica, manter esses canais ativos contribui para conectar\u00a0<strong data-start=\"8111\" data-end=\"8187\">seguran\u00e7a da navega\u00e7\u00e3o, atividade portu\u00e1ria e desenvolvimento aquavi\u00e1rio<\/strong>.<\/p>\n<p data-start=\"8190\" data-end=\"8456\">O pr\u00f3ximo passo depender\u00e1 de eventuais iniciativas que venham a resultar dessa aproxima\u00e7\u00e3o. At\u00e9 o momento, o conte\u00fado divulgado n\u00e3o informa novos acordos ou a\u00e7\u00f5es concretas, mas deixa clara a disposi\u00e7\u00e3o das institui\u00e7\u00f5es em fortalecer o relacionamento e a coopera\u00e7\u00e3o.<\/p>\n<p data-start=\"8190\" data-end=\"8456\">Fonte: Defesa em Foco<\/p>\n","protected":false},"excerpt":{"rendered":"<p>A\u00a0Marinha do Brasil\u00a0e a\u00a0Portos RS\u00a0avan\u00e7aram na aproxima\u00e7\u00e3o institucional voltada \u00e0s atividades portu\u00e1rias e hidrovi\u00e1rias do Rio Grande do Sul. O di\u00e1logo ocorreu durante visita do&#8230;<\/p>\n","protected":false},"author":1527,"featured_media":67114,"comment_status":"closed","ping_status":"closed","sticky":false,"template":"","format":"standard","meta":{"footnotes":""},"categories":[6],"tags":[],"class_list":["post-67112","post","type-post","status-publish","format-standard","has-post-thumbnail","hentry","category-noticias"],"_links":{"self":[{"href":"https:\/\/www.sincomam.org.br\/index.php\/wp-json\/wp\/v2\/posts\/67112","targetHints":{"allow":["GET"]}}],"collection":[{"href":"https:\/\/www.sincomam.org.br\/index.php\/wp-json\/wp\/v2\/posts"}],"about":[{"href":"https:\/\/www.sincomam.org.br\/index.php\/wp-json\/wp\/v2\/types\/post"}],"author":[{"embeddable":true,"href":"https:\/\/www.sincomam.org.br\/index.php\/wp-json\/wp\/v2\/users\/1527"}],"replies":[{"embeddable":true,"href":"https:\/\/www.sincomam.org.br\/index.php\/wp-json\/wp\/v2\/comments?post=67112"}],"version-history":[{"count":1,"href":"https:\/\/www.sincomam.org.br\/index.php\/wp-json\/wp\/v2\/posts\/67112\/revisions"}],"predecessor-version":[{"id":67113,"href":"https:\/\/www.sincomam.org.br\/index.php\/wp-json\/wp\/v2\/posts\/67112\/revisions\/67113"}],"wp:featuredmedia":[{"embeddable":true,"href":"https:\/\/www.sincomam.org.br\/index.php\/wp-json\/wp\/v2\/media\/67114"}],"wp:attachment":[{"href":"https:\/\/www.sincomam.org.br\/index.php\/wp-json\/wp\/v2\/media?parent=67112"}],"wp:term":[{"taxonomy":"category","embeddable":true,"href":"https:\/\/www.sincomam.org.br\/index.php\/wp-json\/wp\/v2\/categories?post=67112"},{"taxonomy":"post_tag","embeddable":true,"href":"https:\/\/www.sincomam.org.br\/index.php\/wp-json\/wp\/v2\/tags?post=67112"}],"curies":[{"name":"wp","href":"https:\/\/api.w.org\/{rel}","templated":true}]}}