{"id":67083,"date":"2026-08-28T10:38:44","date_gmt":"2026-08-28T13:38:44","guid":{"rendered":"https:\/\/www.sincomam.org.br\/?p=67083"},"modified":"2026-08-28T10:38:44","modified_gmt":"2026-08-28T13:38:44","slug":"cluster-tecnologico-naval-do-rn-apresenta-plano-da-economia-do-mar-a-emgepron","status":"publish","type":"post","link":"https:\/\/www.sincomam.org.br\/index.php\/cluster-tecnologico-naval-do-rn-apresenta-plano-da-economia-do-mar-a-emgepron\/","title":{"rendered":"Cluster Tecnol\u00f3gico Naval do RN apresenta plano da Economia do Mar \u00e0 Emgepron"},"content":{"rendered":"<p>O\u00a0<span class=\"w6asjq_TextBase _85PZeG_Text\" data-d-component=\"text\" data-d-default-strong=\"\" data-d-inline=\"\">Cluster Tecnol\u00f3gico Naval do Rio Grande do Norte (CTN-RN)<\/span>\u00a0apresentou \u00e0\u00a0<span class=\"w6asjq_TextBase _85PZeG_Text\" data-d-component=\"text\" data-d-default-strong=\"\" data-d-inline=\"\">Empresa Gerencial de Projetos Navais (Emgepron)<\/span>\u00a0o planejamento estrat\u00e9gico da\u00a0<span class=\"w6asjq_TextBase _85PZeG_Text\" data-d-component=\"text\" data-d-default-strong=\"\" data-d-inline=\"\">Economia do Mar<\/span>\u00a0desenvolvido para o litoral potiguar. A reuni\u00e3o ocorreu na sede da estatal, no Rio de Janeiro, e teve como foco o alinhamento de projetos voltados ao desenvolvimento da\u00a0<span class=\"w6asjq_TextBase _85PZeG_Text\" data-d-component=\"text\" data-d-default-strong=\"\" data-d-inline=\"\">Economia Azul<\/span>, inova\u00e7\u00e3o naval e fortalecimento da Base Industrial de Defesa.<\/p>\n<p class=\"w6asjq_TextBase _85PZeG_Text\" data-d-component=\"text\">O encontro reuniu o presidente do CTN-RN,\u00a0<span class=\"w6asjq_TextBase _85PZeG_Text\" data-d-component=\"text\" data-d-default-strong=\"\" data-d-inline=\"\">Djalma J\u00fanior<\/span>, e o diretor-presidente da Emgepron,\u00a0<span class=\"w6asjq_TextBase _85PZeG_Text\" data-d-component=\"text\" data-d-default-strong=\"\" data-d-inline=\"\">Vice-Almirante Amaury Calheiros Boite Junior<\/span>, al\u00e9m do secret\u00e1rio executivo do Cluster,\u00a0<span class=\"w6asjq_TextBase _85PZeG_Text\" data-d-component=\"text\" data-d-default-strong=\"\" data-d-inline=\"\">Daniel Lana<\/span>. A proposta foi apresentar os projetos estruturantes que o Cluster pretende liderar em parceria com institui\u00e7\u00f5es p\u00fablicas, empresas e universidades.<\/p>\n<p class=\"w6asjq_TextBase _85PZeG_Text\" data-d-component=\"text\">A iniciativa refor\u00e7a o papel do Rio Grande do Norte como um dos estados brasileiros com maior potencial para o desenvolvimento da economia mar\u00edtima, reunindo atividades ligadas \u00e0 log\u00edstica portu\u00e1ria, pesca, energias renov\u00e1veis offshore, ind\u00fastria naval e inova\u00e7\u00e3o tecnol\u00f3gica.<\/p>\n<h2 class=\"w6asjq_TextBase GgxHUa_Title\" data-d-component=\"title\" data-d-size=\"lg\" data-d-weight=\"semibold\">Planejamento re\u00fane dezenas de institui\u00e7\u00f5es e munic\u00edpios do litoral potiguar<\/h2>\n<p class=\"w6asjq_TextBase _85PZeG_Text\" data-d-component=\"text\">Durante a reuni\u00e3o, o secret\u00e1rio executivo do CTN-RN apresentou os resultados das oficinas de planejamento da\u00a0Economia do Mar\u00a0realizadas em parceria com o\u00a0<span class=\"w6asjq_TextBase _85PZeG_Text\" data-d-component=\"text\" data-d-default-strong=\"\" data-d-inline=\"\">Sebrae-RN<\/span>\u00a0e a\u00a0<span class=\"w6asjq_TextBase _85PZeG_Text\" data-d-component=\"text\" data-d-default-strong=\"\" data-d-inline=\"\">FIERN<\/span>.<\/p>\n<p class=\"w6asjq_TextBase _85PZeG_Text\" data-d-component=\"text\">O trabalho mobilizou:<\/p>\n<ul class=\"PSWZZq_List\" data-d-component=\"list\" data-d-marker=\"bullet\" data-d-marker-layout=\"native\">\n<li class=\"PSWZZq_Item\" data-d-component=\"list-item\" data-d-marker-layout=\"native\">\n<div class=\"PSWZZq_Content\">\n<div class=\"PSWZZq_Label\">\n<p class=\"w6asjq_TextBase _85PZeG_Text\" data-d-component=\"text\"><span class=\"w6asjq_TextBase _85PZeG_Text\" data-d-component=\"text\" data-d-default-strong=\"\" data-d-inline=\"\">143 participantes<\/span>;<\/p>\n<\/div>\n<\/div>\n<\/li>\n<li class=\"PSWZZq_Item\" data-d-component=\"list-item\" data-d-marker-layout=\"native\">\n<div class=\"PSWZZq_Content\">\n<div class=\"PSWZZq_Label\">\n<p class=\"w6asjq_TextBase _85PZeG_Text\" data-d-component=\"text\"><span class=\"w6asjq_TextBase _85PZeG_Text\" data-d-component=\"text\" data-d-default-strong=\"\" data-d-inline=\"\">78 entidades, empresas e \u00f3rg\u00e3os p\u00fablicos<\/span>;<\/p>\n<\/div>\n<\/div>\n<\/li>\n<li class=\"PSWZZq_Item\" data-d-component=\"list-item\" data-d-marker-layout=\"native\">\n<div class=\"PSWZZq_Content\">\n<div class=\"PSWZZq_Label\">\n<p class=\"w6asjq_TextBase _85PZeG_Text\" data-d-component=\"text\">representantes de\u00a0<span class=\"w6asjq_TextBase _85PZeG_Text\" data-d-component=\"text\" data-d-default-strong=\"\" data-d-inline=\"\">16 munic\u00edpios litor\u00e2neos<\/span>\u00a0do Rio Grande do Norte.<\/p>\n<\/div>\n<\/div>\n<\/li>\n<\/ul>\n<p class=\"w6asjq_TextBase _85PZeG_Text\" data-d-component=\"text\">O objetivo foi construir um plano integrado para impulsionar neg\u00f3cios ligados ao mar, identificar oportunidades de investimentos e fortalecer a governan\u00e7a da Economia Azul no estado.<\/p>\n<p class=\"w6asjq_TextBase _85PZeG_Text\" data-d-component=\"text\">Segundo o Cluster, o planejamento servir\u00e1 como base para projetos estrat\u00e9gicos que poder\u00e3o contar com a participa\u00e7\u00e3o da Emgepron em \u00e1reas de interesse nacional.<\/p>\n<h2 class=\"w6asjq_TextBase GgxHUa_Title\" data-d-component=\"title\" data-d-size=\"lg\" data-d-weight=\"semibold\">Diagn\u00f3stico avalia maturidade da Economia Azul em 25 munic\u00edpios<\/h2>\n<p class=\"w6asjq_TextBase _85PZeG_Text\" data-d-component=\"text\">Outro destaque da apresenta\u00e7\u00e3o foi o diagn\u00f3stico realizado em\u00a0<span class=\"w6asjq_TextBase _85PZeG_Text\" data-d-component=\"text\" data-d-default-strong=\"\" data-d-inline=\"\">25 munic\u00edpios lindeiros<\/span>\u00a0do litoral potiguar.<\/p>\n<p class=\"w6asjq_TextBase _85PZeG_Text\" data-d-component=\"text\">O levantamento analisa o grau de maturidade das cidades em rela\u00e7\u00e3o \u00e0\u00a0<span class=\"w6asjq_TextBase _85PZeG_Text\" data-d-component=\"text\" data-d-default-strong=\"\" data-d-inline=\"\">Economia Azul<\/span>, considerando aspectos como:<\/p>\n<ul class=\"PSWZZq_List\" data-d-component=\"list\" data-d-marker=\"bullet\" data-d-marker-layout=\"native\">\n<li class=\"PSWZZq_Item\" data-d-component=\"list-item\" data-d-marker-layout=\"native\">\n<div class=\"PSWZZq_Content\">\n<div class=\"PSWZZq_Label\">\n<p class=\"w6asjq_TextBase _85PZeG_Text\" data-d-component=\"text\">infraestrutura mar\u00edtima;<\/p>\n<\/div>\n<\/div>\n<\/li>\n<li class=\"PSWZZq_Item\" data-d-component=\"list-item\" data-d-marker-layout=\"native\">\n<div class=\"PSWZZq_Content\">\n<div class=\"PSWZZq_Label\">\n<p class=\"w6asjq_TextBase _85PZeG_Text\" data-d-component=\"text\">potencial log\u00edstico;<\/p>\n<\/div>\n<\/div>\n<\/li>\n<li class=\"PSWZZq_Item\" data-d-component=\"list-item\" data-d-marker-layout=\"native\">\n<div class=\"PSWZZq_Content\">\n<div class=\"PSWZZq_Label\">\n<p class=\"w6asjq_TextBase _85PZeG_Text\" data-d-component=\"text\">atividades pesqueiras;<\/p>\n<\/div>\n<\/div>\n<\/li>\n<li class=\"PSWZZq_Item\" data-d-component=\"list-item\" data-d-marker-layout=\"native\">\n<div class=\"PSWZZq_Content\">\n<div class=\"PSWZZq_Label\">\n<p class=\"w6asjq_TextBase _85PZeG_Text\" data-d-component=\"text\">turismo costeiro;<\/p>\n<\/div>\n<\/div>\n<\/li>\n<li class=\"PSWZZq_Item\" data-d-component=\"list-item\" data-d-marker-layout=\"native\">\n<div class=\"PSWZZq_Content\">\n<div class=\"PSWZZq_Label\">\n<p class=\"w6asjq_TextBase _85PZeG_Text\" data-d-component=\"text\">inova\u00e7\u00e3o e empreendedorismo ligados ao mar.<\/p>\n<\/div>\n<\/div>\n<\/li>\n<\/ul>\n<p class=\"w6asjq_TextBase _85PZeG_Text\" data-d-component=\"text\">As informa\u00e7\u00f5es est\u00e3o sendo consolidadas com apoio do Sebrae e dever\u00e3o orientar futuras pol\u00edticas p\u00fablicas e investimentos para o setor mar\u00edtimo estadual.<\/p>\n<h2 class=\"w6asjq_TextBase GgxHUa_Title\" data-d-component=\"title\" data-d-size=\"lg\" data-d-weight=\"semibold\">Lei do Mar avan\u00e7a para debate p\u00fablico no Rio Grande do Norte<\/h2>\n<p class=\"w6asjq_TextBase _85PZeG_Text\" data-d-component=\"text\">O Cluster tamb\u00e9m informou que foi conclu\u00edda a minuta de regulamenta\u00e7\u00e3o da\u00a0<span class=\"w6asjq_TextBase _85PZeG_Text\" data-d-component=\"text\" data-d-default-strong=\"\" data-d-inline=\"\">Lei Estadual n\u00ba 11.714<\/span>, conhecida como\u00a0<span class=\"w6asjq_TextBase _85PZeG_Text\" data-d-component=\"text\" data-d-default-strong=\"\" data-d-inline=\"\">Lei do Mar<\/span>.<\/p>\n<p class=\"w6asjq_TextBase _85PZeG_Text\" data-d-component=\"text\">O texto seguir\u00e1 agora para consulta e debate p\u00fablico antes de sua valida\u00e7\u00e3o definitiva.<\/p>\n<p class=\"w6asjq_TextBase _85PZeG_Text\" data-d-component=\"text\">A regulamenta\u00e7\u00e3o pretende criar instrumentos para estimular atividades econ\u00f4micas relacionadas ao mar, fortalecer a governan\u00e7a mar\u00edtima estadual e incentivar novos projetos voltados \u00e0 sustentabilidade e ao desenvolvimento da Economia Azul.<\/p>\n<h2 class=\"w6asjq_TextBase GgxHUa_Title\" data-d-component=\"title\" data-d-size=\"lg\" data-d-weight=\"semibold\">Emgepron amplia di\u00e1logo com iniciativas ligadas \u00e0 Economia do Mar<\/h2>\n<p class=\"w6asjq_TextBase _85PZeG_Text\" data-d-component=\"text\">A reuni\u00e3o tamb\u00e9m buscou alinhar expectativas entre o CTN-RN e a Emgepron sobre projetos e institutos que poder\u00e3o ser desenvolvidos em conjunto.<\/p>\n<p class=\"w6asjq_TextBase _85PZeG_Text\" data-d-component=\"text\">A\u00a0<span class=\"w6asjq_TextBase _85PZeG_Text\" data-d-component=\"text\" data-d-default-strong=\"\" data-d-inline=\"\">Emgepron<\/span>, vinculada ao\u00a0Minist\u00e9rio da Defesa\u00a0e \u00e0 Marinha do Brasil, atua na gest\u00e3o de programas estrat\u00e9gicos da \u00e1rea naval, apoio \u00e0 Base Industrial de Defesa e desenvolvimento de projetos ligados \u00e0 constru\u00e7\u00e3o naval, monitoramento mar\u00edtimo e inova\u00e7\u00e3o tecnol\u00f3gica.<\/p>\n<p class=\"w6asjq_TextBase _85PZeG_Text\" data-d-component=\"text\">A aproxima\u00e7\u00e3o com o Cluster amplia o di\u00e1logo entre a ind\u00fastria, universidades, setor produtivo e a Marinha em torno de iniciativas voltadas ao desenvolvimento do ambiente mar\u00edtimo brasileiro.<\/p>\n<h2 class=\"w6asjq_TextBase GgxHUa_Title\" data-d-component=\"title\" data-d-size=\"lg\" data-d-weight=\"semibold\">Rio Grande do Norte aposta na Economia Azul como vetor de desenvolvimento<\/h2>\n<p class=\"w6asjq_TextBase _85PZeG_Text\" data-d-component=\"text\">Criado em\u00a0<span class=\"w6asjq_TextBase _85PZeG_Text\" data-d-component=\"text\" data-d-default-strong=\"\" data-d-inline=\"\">2022<\/span>\u00a0por iniciativa da\u00a0<span class=\"w6asjq_TextBase _85PZeG_Text\" data-d-component=\"text\" data-d-default-strong=\"\" data-d-inline=\"\">FIERN<\/span>\u00a0e da\u00a0<span class=\"w6asjq_TextBase _85PZeG_Text\" data-d-component=\"text\" data-d-default-strong=\"\" data-d-inline=\"\">Emgepron<\/span>, o\u00a0<span class=\"w6asjq_TextBase _85PZeG_Text\" data-d-component=\"text\" data-d-default-strong=\"\" data-d-inline=\"\">Cluster Tecnol\u00f3gico Naval do Rio Grande do Norte<\/span>\u00a0\u00e9 o primeiro do g\u00eanero no Nordeste.<\/p>\n<p class=\"w6asjq_TextBase _85PZeG_Text\" data-d-component=\"text\">O estado re\u00fane caracter\u00edsticas estrat\u00e9gicas para esse segmento:<\/p>\n<ul class=\"PSWZZq_List\" data-d-component=\"list\" data-d-marker=\"bullet\" data-d-marker-layout=\"native\">\n<li class=\"PSWZZq_Item\" data-d-component=\"list-item\" data-d-marker-layout=\"native\">\n<div class=\"PSWZZq_Content\">\n<div class=\"PSWZZq_Label\">\n<p class=\"w6asjq_TextBase _85PZeG_Text\" data-d-component=\"text\"><span class=\"w6asjq_TextBase _85PZeG_Text\" data-d-component=\"text\" data-d-default-strong=\"\" data-d-inline=\"\">410 quil\u00f4metros de litoral<\/span>;<\/p>\n<\/div>\n<\/div>\n<\/li>\n<li class=\"PSWZZq_Item\" data-d-component=\"list-item\" data-d-marker-layout=\"native\">\n<div class=\"PSWZZq_Content\">\n<div class=\"PSWZZq_Label\">\n<p class=\"w6asjq_TextBase _85PZeG_Text\" data-d-component=\"text\">localiza\u00e7\u00e3o privilegiada em rotas mar\u00edtimas nacionais e internacionais;<\/p>\n<\/div>\n<\/div>\n<\/li>\n<li class=\"PSWZZq_Item\" data-d-component=\"list-item\" data-d-marker-layout=\"native\">\n<div class=\"PSWZZq_Content\">\n<div class=\"PSWZZq_Label\">\n<p class=\"w6asjq_TextBase _85PZeG_Text\" data-d-component=\"text\">potencial para energias renov\u00e1veis offshore;<\/p>\n<\/div>\n<\/div>\n<\/li>\n<li class=\"PSWZZq_Item\" data-d-component=\"list-item\" data-d-marker-layout=\"native\">\n<div class=\"PSWZZq_Content\">\n<div class=\"PSWZZq_Label\">\n<p class=\"w6asjq_TextBase _85PZeG_Text\" data-d-component=\"text\">pesca e aquicultura;<\/p>\n<\/div>\n<\/div>\n<\/li>\n<li class=\"PSWZZq_Item\" data-d-component=\"list-item\" data-d-marker-layout=\"native\">\n<div class=\"PSWZZq_Content\">\n<div class=\"PSWZZq_Label\">\n<p class=\"w6asjq_TextBase _85PZeG_Text\" data-d-component=\"text\">log\u00edstica portu\u00e1ria;<\/p>\n<\/div>\n<\/div>\n<\/li>\n<li class=\"PSWZZq_Item\" data-d-component=\"list-item\" data-d-marker-layout=\"native\">\n<div class=\"PSWZZq_Content\">\n<div class=\"PSWZZq_Label\">\n<p class=\"w6asjq_TextBase _85PZeG_Text\" data-d-component=\"text\">explora\u00e7\u00e3o de sal marinho;<\/p>\n<\/div>\n<\/div>\n<\/li>\n<li class=\"PSWZZq_Item\" data-d-component=\"list-item\" data-d-marker-layout=\"native\">\n<div class=\"PSWZZq_Content\">\n<div class=\"PSWZZq_Label\">\n<p class=\"w6asjq_TextBase _85PZeG_Text\" data-d-component=\"text\">turismo costeiro.<\/p>\n<\/div>\n<\/div>\n<\/li>\n<\/ul>\n<p class=\"w6asjq_TextBase _85PZeG_Text\" data-d-component=\"text\">O Cluster atua para integrar esses setores e criar um ecossistema voltado \u00e0 gera\u00e7\u00e3o de neg\u00f3cios, inova\u00e7\u00e3o e desenvolvimento sustent\u00e1vel da Economia do Mar.<\/p>\n","protected":false},"excerpt":{"rendered":"<p>O\u00a0Cluster Tecnol\u00f3gico Naval do Rio Grande do Norte (CTN-RN)\u00a0apresentou \u00e0\u00a0Empresa Gerencial de Projetos Navais (Emgepron)\u00a0o planejamento estrat\u00e9gico da\u00a0Economia do Mar\u00a0desenvolvido para o litoral potiguar. A&#8230;<\/p>\n","protected":false},"author":1527,"featured_media":67085,"comment_status":"closed","ping_status":"closed","sticky":false,"template":"","format":"standard","meta":{"footnotes":""},"categories":[6],"tags":[],"class_list":["post-67083","post","type-post","status-publish","format-standard","has-post-thumbnail","hentry","category-noticias"],"_links":{"self":[{"href":"https:\/\/www.sincomam.org.br\/index.php\/wp-json\/wp\/v2\/posts\/67083","targetHints":{"allow":["GET"]}}],"collection":[{"href":"https:\/\/www.sincomam.org.br\/index.php\/wp-json\/wp\/v2\/posts"}],"about":[{"href":"https:\/\/www.sincomam.org.br\/index.php\/wp-json\/wp\/v2\/types\/post"}],"author":[{"embeddable":true,"href":"https:\/\/www.sincomam.org.br\/index.php\/wp-json\/wp\/v2\/users\/1527"}],"replies":[{"embeddable":true,"href":"https:\/\/www.sincomam.org.br\/index.php\/wp-json\/wp\/v2\/comments?post=67083"}],"version-history":[{"count":1,"href":"https:\/\/www.sincomam.org.br\/index.php\/wp-json\/wp\/v2\/posts\/67083\/revisions"}],"predecessor-version":[{"id":67086,"href":"https:\/\/www.sincomam.org.br\/index.php\/wp-json\/wp\/v2\/posts\/67083\/revisions\/67086"}],"wp:featuredmedia":[{"embeddable":true,"href":"https:\/\/www.sincomam.org.br\/index.php\/wp-json\/wp\/v2\/media\/67085"}],"wp:attachment":[{"href":"https:\/\/www.sincomam.org.br\/index.php\/wp-json\/wp\/v2\/media?parent=67083"}],"wp:term":[{"taxonomy":"category","embeddable":true,"href":"https:\/\/www.sincomam.org.br\/index.php\/wp-json\/wp\/v2\/categories?post=67083"},{"taxonomy":"post_tag","embeddable":true,"href":"https:\/\/www.sincomam.org.br\/index.php\/wp-json\/wp\/v2\/tags?post=67083"}],"curies":[{"name":"wp","href":"https:\/\/api.w.org\/{rel}","templated":true}]}}