{"id":67070,"date":"2026-08-27T12:05:44","date_gmt":"2026-08-27T15:05:44","guid":{"rendered":"https:\/\/www.sincomam.org.br\/?p=67070"},"modified":"2026-08-27T12:05:44","modified_gmt":"2026-08-27T15:05:44","slug":"desemprego-cai-para-53-o-menor-para-o-trimestre-terminado-em-julho","status":"publish","type":"post","link":"https:\/\/www.sincomam.org.br\/index.php\/desemprego-cai-para-53-o-menor-para-o-trimestre-terminado-em-julho\/","title":{"rendered":"Desemprego cai para 5,3%, o menor para o trimestre terminado em julho"},"content":{"rendered":"<p>A taxa de desemprego no trimestre terminado em julho ficou em 5,3%. O resultado representa o menor patamar para esse per\u00edodo de tr\u00eas meses de toda a s\u00e9rie hist\u00f3rica da Pesquisa Nacional por Amostra de Domic\u00edlios (Pnad) Cont\u00ednua, iniciada em 2012.<img decoding=\"async\" src=\"https:\/\/agenciabrasil.ebc.com.br\/ebc.png?id=1700743&amp;o=node\" \/><img decoding=\"async\" src=\"https:\/\/agenciabrasil.ebc.com.br\/ebc.gif?id=1700743&amp;o=node\" \/><\/p>\n<p>No trimestre anterior, terminado em abril, a taxa era de 5,8%. J\u00e1 no mesmo per\u00edodo do ano passado, 5,6%.<\/p>\n<p>Os dados foram divulgados nesta quinta-feira (27) pelo\u00a0Instituto Brasileiro de Geografia e Estat\u00edstica (IBGE).<\/p>\n<p>A\u00a0<strong>Pnad revelou que o n\u00famero de pessoas ocupadas atingiu 103,3 milh\u00f5es, recorde da s\u00e9rie hist\u00f3rica. O n\u00famero de empregados com carteira assinada (excluindo trabalhadores dom\u00e9sticos) foi 39,4 milh\u00f5es, tamb\u00e9m o maior da s\u00e9rie hist\u00f3rica.<\/strong><\/p>\n<p>J\u00e1 a quantidade de trabalhadores sem carteira assinada era de 13,8 milh\u00f5es, crescimento de 3,6% na compara\u00e7\u00e3o com o per\u00edodo at\u00e9 abril (mais 477 mil pessoas).<\/p>\n<p>O contingente de desocupados ficou em 5,8 milh\u00f5es, o que significa menos 503 mil pessoas (recuo de 8%) em rela\u00e7\u00e3o ao trimestre de fevereiro a abril.<\/p>\n<p>A taxa de informalidade &#8211; propor\u00e7\u00e3o de trabalhadores informais na popula\u00e7\u00e3o ocupada &#8211; foi 37,5%. At\u00e9 abril estava em 37,2%.<\/p>\n<p>O IBGE aponta como informais os trabalhadores sem carteira e os aut\u00f4nomos e empregadores sem CNPJ. Essas pessoas n\u00e3o t\u00eam garantidas coberturas como seguro-desemprego, f\u00e9rias e 13\u00ba sal\u00e1rio.<\/p>\n<p>A popula\u00e7\u00e3o desalentada, formada por pessoas que n\u00e3o procuravam emprego pois acreditavam que n\u00e3o conseguiriam uma vaga, marcou 2,3 milh\u00f5es de pessoas, queda de 9,7% no trimestre.<\/p>\n<p><strong>O rendimento m\u00e9dio do trabalhador ficou em R$ 3.762, recuo de 0,7% na compara\u00e7\u00e3o com o per\u00edodo at\u00e9 abril. O IBGE classifica essa diferen\u00e7a como \u201cest\u00e1vel\u201d.<\/strong><\/p>\n<h2>A pesquisa<\/h2>\n<p>A pesquisa do IBGE apura o comportamento no mercado de trabalho para pessoas com 14 anos ou mais e leva em conta todas as formas de ocupa\u00e7\u00e3o, seja com ou sem carteira assinada, tempor\u00e1rio e por conta pr\u00f3pria, por exemplo.<\/p>\n<p>Pelos crit\u00e9rios do instituto, s\u00f3 \u00e9 considerada desocupada a pessoa que efetivamente procurou uma vaga 30 dias antes da pesquisa. S\u00e3o visitados 211 mil domic\u00edlios em todos os estados e no Distrito Federal.<\/p>\n<p>O menor desemprego j\u00e1 registrado pela Pnad foi 5,1%, no \u00faltimo trimestre de 2025. A maior taxa j\u00e1 constatada foi 14,9%, atingida em dois per\u00edodos: nos trimestres m\u00f3veis encerrados em setembro de 2020 e em mar\u00e7o de 2021, ambos durante a pandemia de covid-19.<\/p>\n<p>Fonte: Ag\u00eancia Brasil<\/p>\n","protected":false},"excerpt":{"rendered":"<p>A taxa de desemprego no trimestre terminado em julho ficou em 5,3%. O resultado representa o menor patamar para esse per\u00edodo de tr\u00eas meses de&#8230;<\/p>\n","protected":false},"author":1527,"featured_media":67071,"comment_status":"closed","ping_status":"closed","sticky":false,"template":"","format":"standard","meta":{"footnotes":""},"categories":[6],"tags":[],"class_list":["post-67070","post","type-post","status-publish","format-standard","has-post-thumbnail","hentry","category-noticias"],"_links":{"self":[{"href":"https:\/\/www.sincomam.org.br\/index.php\/wp-json\/wp\/v2\/posts\/67070","targetHints":{"allow":["GET"]}}],"collection":[{"href":"https:\/\/www.sincomam.org.br\/index.php\/wp-json\/wp\/v2\/posts"}],"about":[{"href":"https:\/\/www.sincomam.org.br\/index.php\/wp-json\/wp\/v2\/types\/post"}],"author":[{"embeddable":true,"href":"https:\/\/www.sincomam.org.br\/index.php\/wp-json\/wp\/v2\/users\/1527"}],"replies":[{"embeddable":true,"href":"https:\/\/www.sincomam.org.br\/index.php\/wp-json\/wp\/v2\/comments?post=67070"}],"version-history":[{"count":1,"href":"https:\/\/www.sincomam.org.br\/index.php\/wp-json\/wp\/v2\/posts\/67070\/revisions"}],"predecessor-version":[{"id":67072,"href":"https:\/\/www.sincomam.org.br\/index.php\/wp-json\/wp\/v2\/posts\/67070\/revisions\/67072"}],"wp:featuredmedia":[{"embeddable":true,"href":"https:\/\/www.sincomam.org.br\/index.php\/wp-json\/wp\/v2\/media\/67071"}],"wp:attachment":[{"href":"https:\/\/www.sincomam.org.br\/index.php\/wp-json\/wp\/v2\/media?parent=67070"}],"wp:term":[{"taxonomy":"category","embeddable":true,"href":"https:\/\/www.sincomam.org.br\/index.php\/wp-json\/wp\/v2\/categories?post=67070"},{"taxonomy":"post_tag","embeddable":true,"href":"https:\/\/www.sincomam.org.br\/index.php\/wp-json\/wp\/v2\/tags?post=67070"}],"curies":[{"name":"wp","href":"https:\/\/api.w.org\/{rel}","templated":true}]}}