{"id":6707,"date":"2014-07-21T08:50:56","date_gmt":"2014-07-21T11:50:56","guid":{"rendered":"http:\/\/www.sincomam.org.br\/?p=6707"},"modified":"2014-07-20T13:00:27","modified_gmt":"2014-07-20T16:00:27","slug":"retirados-todos-os-corpos-de-mortos-em-queda-de-aviao-na-ucrania","status":"publish","type":"post","link":"https:\/\/www.sincomam.org.br\/index.php\/retirados-todos-os-corpos-de-mortos-em-queda-de-aviao-na-ucrania\/","title":{"rendered":"Retirados todos os corpos de mortos em queda de avi\u00e3o na Ucr\u00e2nia"},"content":{"rendered":"<p><strong><em>Queda de avi\u00e3o matou 298 e acirrou tens\u00e3o na regi\u00e3o separatista ucraniana<\/em><\/strong><\/p>\n<p>Nenhum corpo \u00e9 mais vis\u00edvel no local da queda do avi\u00e3o da Malaysia Airlines em uma \u00e1rea controlada pelos separatistas pr\u00f3-russos no leste da Ucr\u00e2nia, segundo um jornalista da France Presse que est\u00e1 no local.<\/p>\n<p>De acordo com a Organiza\u00e7\u00e3o para a Seguran\u00e7a e Coopera\u00e7\u00e3o na Europa (OSCE), cujos monitores acompanham o processo, 169 corpos das v\u00edtimas do voo MH17 da Malaysia Airlines foram transportados em um trem frigor\u00edfico e ser\u00e3o analisados por especialistas internacionais.<\/p>\n<p>Segundo a ag\u00eancia de not\u00edcias russa Ria Novosti, citando um funcion\u00e1rio das ferrovias, os corpos foram levados para Donetsk a bordo de um comboio com cinco vag\u00f5es frigor\u00edficos que deixaram a esta\u00e7\u00e3o de Torez, perto do local da queda. Os vag\u00f5es foram previamente inspecionados por representantes da OSCE. A expedi\u00e7\u00e3o dos corpos ocorreu sob o controle dos combatentes separatistas.<\/p>\n<p>Do lado ucraniano, um porta-voz militar afirmou que as autoridades de Kiev sabiam onde estavam 38 corpos, mas desconheciam o paradeiro dos demais. De acordo com um jornalista da AFP no local, os rebeldes pr\u00f3-russos que guardavam a regi\u00e3o parecem ter ido embora. Equipes de resgate locais se recusaram a comentar o assunto.<\/p>\n<p>Neste domingo, o presidente franc\u00eas, Fran\u00e7ois Hollande, a chefe do governo alem\u00e3o, Angela Merkel, e o primeiro-ministro brit\u00e2nico, David Cameron, exigiram que o presidente russo Vladimir Putin obtenha dos separatistas pr\u00f3-russos o acesso &#8220;completo e livre&#8221; \u00e0 \u00e1rea onde o voo MH17, que fazia a rota entre Amsterd\u00e3 e Kuala Lumpur, caiu.<\/p>\n<p>O primeiro-ministro holand\u00eas Mark Rutte, cujo pa\u00eds perdeu 192 cidad\u00e3os no acidente, tamb\u00e9m conversou com Putin e pediu-lhe para &#8220;assumir a responsabilidade&#8221; por uma investiga\u00e7\u00e3o cred\u00edvel, durante uma conversa por telefone, descrita como &#8220;muito tensa&#8221;.<\/p>\n<p>O presidente franc\u00eas, Fran\u00e7ois Hollande, disse-lhe que a cat\u00e1strofe do avi\u00e3o malaio era semelhante aos ataques de 2011 nos Estados Unidos.<\/p>\n<p><strong><em>Malaysia Airlines divulga lista completa de passageiros do voo MH172<\/em><\/strong><\/p>\n<p>A companhia a\u00e9rea Malaysia Airlines divulgou neste s\u00e1bado (19), a lista completa dos passageiros e tripulantes do voo MH17, que caiu na fronteira da Ucr\u00e2nia com a R\u00fassia na \u00faltima quinta-feira (17). A lista cont\u00e9m 298 nomes, sendo 295 adultos e tr\u00eas crian\u00e7as. Entre os passageiros, 193 eram holandeses, 43 malaios, 27 australianos, 12 indon\u00e9sios, 10 brit\u00e2nicos, 4 alem\u00e3es, 4 belgas, 3 filipinos, um canadense e um neo-zeland\u00eas. Todos os 15 tripulantes eram malaios.<\/p>\n<p>O avi\u00e3o, um Boeing 777, caiu enquanto voava de Amsterd\u00e3 para Kuala Lumpur. Estados Unidos e Ucr\u00e2nia acusam rebeldes pr\u00f3-R\u00fassia de terem abatido o avi\u00e3o com um m\u00edssil. O primeiro-ministro holand\u00eas, Mark Rutte, disse neste s\u00e1bado estar &#8216;furioso&#8217; com a forma como os corpos das v\u00edtimas est\u00e3o sendo manuseados no local do acidente. De acordo com monitores internacionais, rebeldes pr\u00f3-R\u00fassia est\u00e3o limitando a a\u00e7\u00e3o da equipes de resgate e investiga\u00e7\u00e3o.<\/p>\n<p>Fonte: Valor, G1 &#8211;\u00a0 Ag\u00eancias Internacionais<br \/><span style=\"color: #444444;\">Fonte: Reuters<\/span><\/p>\n","protected":false},"excerpt":{"rendered":"<p>Queda de avi\u00e3o matou 298 e acirrou tens\u00e3o na regi\u00e3o separatista ucraniana Nenhum corpo \u00e9 mais vis\u00edvel no local da queda do avi\u00e3o da Malaysia&#8230;<\/p>\n","protected":false},"author":1182,"featured_media":6708,"comment_status":"closed","ping_status":"closed","sticky":false,"template":"","format":"standard","meta":{"footnotes":""},"categories":[6],"tags":[688,297,623,1051,1413],"class_list":["post-6707","post","type-post","status-publish","format-standard","has-post-thumbnail","hentry","category-noticias","tag-aviao","tag-investigacao","tag-mortos","tag-queda","tag-ucrania"],"_links":{"self":[{"href":"https:\/\/www.sincomam.org.br\/index.php\/wp-json\/wp\/v2\/posts\/6707","targetHints":{"allow":["GET"]}}],"collection":[{"href":"https:\/\/www.sincomam.org.br\/index.php\/wp-json\/wp\/v2\/posts"}],"about":[{"href":"https:\/\/www.sincomam.org.br\/index.php\/wp-json\/wp\/v2\/types\/post"}],"author":[{"embeddable":true,"href":"https:\/\/www.sincomam.org.br\/index.php\/wp-json\/wp\/v2\/users\/1182"}],"replies":[{"embeddable":true,"href":"https:\/\/www.sincomam.org.br\/index.php\/wp-json\/wp\/v2\/comments?post=6707"}],"version-history":[{"count":1,"href":"https:\/\/www.sincomam.org.br\/index.php\/wp-json\/wp\/v2\/posts\/6707\/revisions"}],"predecessor-version":[{"id":6709,"href":"https:\/\/www.sincomam.org.br\/index.php\/wp-json\/wp\/v2\/posts\/6707\/revisions\/6709"}],"wp:featuredmedia":[{"embeddable":true,"href":"https:\/\/www.sincomam.org.br\/index.php\/wp-json\/wp\/v2\/media\/6708"}],"wp:attachment":[{"href":"https:\/\/www.sincomam.org.br\/index.php\/wp-json\/wp\/v2\/media?parent=6707"}],"wp:term":[{"taxonomy":"category","embeddable":true,"href":"https:\/\/www.sincomam.org.br\/index.php\/wp-json\/wp\/v2\/categories?post=6707"},{"taxonomy":"post_tag","embeddable":true,"href":"https:\/\/www.sincomam.org.br\/index.php\/wp-json\/wp\/v2\/tags?post=6707"}],"curies":[{"name":"wp","href":"https:\/\/api.w.org\/{rel}","templated":true}]}}