{"id":67067,"date":"2026-08-27T12:03:37","date_gmt":"2026-08-27T15:03:37","guid":{"rendered":"https:\/\/www.sincomam.org.br\/?p=67067"},"modified":"2026-08-27T12:03:37","modified_gmt":"2026-08-27T15:03:37","slug":"soamar-para-participa-do-forum-horizontes-da-economia-azul-e-debate-o-futuro-da-amazonia","status":"publish","type":"post","link":"https:\/\/www.sincomam.org.br\/index.php\/soamar-para-participa-do-forum-horizontes-da-economia-azul-e-debate-o-futuro-da-amazonia\/","title":{"rendered":"SOAMAR Par\u00e1 participa do F\u00f3rum Horizontes da Economia Azul e debate o futuro da Amaz\u00f4nia"},"content":{"rendered":"<p>A\u00a0<span class=\"w6asjq_TextBase _85PZeG_Text\" data-d-component=\"text\" data-d-default-strong=\"\" data-d-inline=\"\">Sociedade Amigos da Marinha do Par\u00e1 (SOAMAR Par\u00e1)<\/span>\u00a0participou do\u00a0<span class=\"w6asjq_TextBase _85PZeG_Text\" data-d-component=\"text\" data-d-default-strong=\"\" data-d-inline=\"\">F\u00f3rum Horizontes da Economia Azul<\/span>, um importante espa\u00e7o de di\u00e1logo sobre os desafios e as oportunidades para o desenvolvimento sustent\u00e1vel da\u00a0<span class=\"w6asjq_TextBase _85PZeG_Text\" data-d-component=\"text\" data-d-default-strong=\"\" data-d-inline=\"\">Amaz\u00f4nia<\/span>. O encontro reuniu representantes de institui\u00e7\u00f5es p\u00fablicas, setor produtivo, academia e especialistas para discutir temas estrat\u00e9gicos ligados \u00e0 economia do mar e ao futuro da regi\u00e3o.<\/p>\n<p class=\"w6asjq_TextBase _85PZeG_Text\" data-d-component=\"text\">Representando a entidade, o presidente da SOAMAR Par\u00e1,\u00a0<span class=\"w6asjq_TextBase _85PZeG_Text\" data-d-component=\"text\" data-d-default-strong=\"\" data-d-inline=\"\">Tiago Pinto<\/span>, participou dos debates voltados ao fortalecimento da chamada\u00a0<span class=\"w6asjq_TextBase _85PZeG_Text\" data-d-component=\"text\" data-d-default-strong=\"\" data-d-inline=\"\">Economia Azul<\/span>, conceito que re\u00fane atividades econ\u00f4micas relacionadas ao uso sustent\u00e1vel dos recursos marinhos e das vias naveg\u00e1veis, conciliando crescimento econ\u00f4mico, preserva\u00e7\u00e3o ambiental e desenvolvimento regional.<\/p>\n<p class=\"w6asjq_TextBase _85PZeG_Text\" data-d-component=\"text\">A programa\u00e7\u00e3o tamb\u00e9m contou com a participa\u00e7\u00e3o do conselheiro da SOAMAR Par\u00e1,\u00a0<span class=\"w6asjq_TextBase _85PZeG_Text\" data-d-component=\"text\" data-d-default-strong=\"\" data-d-inline=\"\">Prof. Dr. Hito Braga<\/span>, que apresentou a palestra\u00a0<span class=\"w6asjq_TextBase _85PZeG_Text\" data-d-component=\"text\" data-d-default-strong=\"\" data-d-inline=\"\">\u201cMargem Equatorial e Atividades Portu\u00e1rias\u201d<\/span>, abordando um dos temas mais relevantes para a infraestrutura log\u00edstica, o setor portu\u00e1rio e as perspectivas de desenvolvimento da Amaz\u00f4nia.<\/p>\n<h2 class=\"w6asjq_TextBase GgxHUa_Title\" data-d-component=\"title\" data-d-size=\"lg\" data-d-weight=\"semibold\">F\u00f3rum discutiu desafios e oportunidades da Economia Azul na Amaz\u00f4nia<\/h2>\n<p>O\u00a0<span class=\"w6asjq_TextBase _85PZeG_Text\" data-d-component=\"text\" data-d-default-strong=\"\" data-d-inline=\"\">F\u00f3rum Horizontes da Economia Azul<\/span>\u00a0foi criado para promover o debate sobre pol\u00edticas p\u00fablicas, inova\u00e7\u00e3o, infraestrutura e sustentabilidade relacionadas ao potencial econ\u00f4mico da regi\u00e3o amaz\u00f4nica. A programa\u00e7\u00e3o reuniu diferentes segmentos da sociedade para discutir caminhos que conciliem desenvolvimento econ\u00f4mico e prote\u00e7\u00e3o dos recursos naturais.<\/p>\n<p class=\"w6asjq_TextBase _85PZeG_Text\" data-d-component=\"text\">Entre os principais temas debatidos estiveram o fortalecimento da infraestrutura portu\u00e1ria, a integra\u00e7\u00e3o log\u00edstica da Amaz\u00f4nia, o uso sustent\u00e1vel dos recursos mar\u00edtimos e fluviais e as oportunidades estrat\u00e9gicas para ampliar a competitividade da regi\u00e3o.<\/p>\n<p class=\"w6asjq_TextBase _85PZeG_Text\" data-d-component=\"text\">Para a SOAMAR Par\u00e1, encontros como esse contribuem para aproximar conhecimento cient\u00edfico, setor produtivo e institui\u00e7\u00f5es que atuam na constru\u00e7\u00e3o de solu\u00e7\u00f5es para o desenvolvimento regional.<\/p>\n<div class=\"S6IMGG_Divider\" data-d-component=\"divider\"><\/div>\n<h2 class=\"w6asjq_TextBase GgxHUa_Title\" data-d-component=\"title\" data-d-size=\"lg\" data-d-weight=\"semibold\">Margem Equatorial e infraestrutura portu\u00e1ria estiveram entre os temas centrais<\/h2>\n<p class=\"w6asjq_TextBase _85PZeG_Text\" data-d-component=\"text\">Durante o evento, o\u00a0<span class=\"w6asjq_TextBase _85PZeG_Text\" data-d-component=\"text\" data-d-default-strong=\"\" data-d-inline=\"\">Prof. Dr. Hito Braga<\/span>\u00a0participou como palestrante no painel dedicado \u00e0\u00a0<span class=\"w6asjq_TextBase _85PZeG_Text\" data-d-component=\"text\" data-d-default-strong=\"\" data-d-inline=\"\">Margem Equatorial e Atividades Portu\u00e1rias<\/span>, discutindo os impactos e as perspectivas da infraestrutura log\u00edstica para a Amaz\u00f4nia.<\/p>\n<p class=\"w6asjq_TextBase _85PZeG_Text\" data-d-component=\"text\">O tema ganhou destaque por envolver quest\u00f5es estrat\u00e9gicas relacionadas ao desenvolvimento portu\u00e1rio, \u00e0 amplia\u00e7\u00e3o da capacidade log\u00edstica da regi\u00e3o e \u00e0s oportunidades de crescimento econ\u00f4mico associadas \u00e0 chamada\u00a0<span class=\"w6asjq_TextBase _85PZeG_Text\" data-d-component=\"text\" data-d-default-strong=\"\" data-d-inline=\"\">Margem Equatorial Brasileira<\/span>.<\/p>\n<p class=\"w6asjq_TextBase _85PZeG_Text\" data-d-component=\"text\">O debate tamb\u00e9m abordou a import\u00e2ncia da integra\u00e7\u00e3o entre infraestrutura, planejamento e desenvolvimento sustent\u00e1vel para fortalecer a economia regional e ampliar a competitividade do Par\u00e1 no cen\u00e1rio nacional.<\/p>\n<div class=\"S6IMGG_Divider\" data-d-component=\"divider\"><\/div>\n<h2 class=\"w6asjq_TextBase GgxHUa_Title\" data-d-component=\"title\" data-d-size=\"lg\" data-d-weight=\"semibold\">SOAMAR Par\u00e1 refor\u00e7a di\u00e1logo entre conhecimento, setor produtivo e institui\u00e7\u00f5es<\/h2>\n<p class=\"w6asjq_TextBase _85PZeG_Text\" data-d-component=\"text\">A participa\u00e7\u00e3o da SOAMAR Par\u00e1 no f\u00f3rum refor\u00e7a o compromisso da entidade em contribuir para discuss\u00f5es sobre temas estrat\u00e9gicos para o estado do Par\u00e1 e para a Amaz\u00f4nia.<\/p>\n<p class=\"w6asjq_TextBase _85PZeG_Text\" data-d-component=\"text\">Segundo a institui\u00e7\u00e3o, espa\u00e7os de di\u00e1logo entre universidades, especialistas, setor produtivo e organiza\u00e7\u00f5es ligadas ao ambiente mar\u00edtimo s\u00e3o fundamentais para construir pol\u00edticas e iniciativas voltadas ao desenvolvimento sustent\u00e1vel da regi\u00e3o.<\/p>\n<p class=\"w6asjq_TextBase _85PZeG_Text\" data-d-component=\"text\">A atua\u00e7\u00e3o da SOAMAR busca fortalecer a cultura mar\u00edtima, estimular o debate sobre assuntos ligados ao mar e \u00e0s hidrovias e contribuir para a valoriza\u00e7\u00e3o da Amaz\u00f4nia como uma \u00e1rea estrat\u00e9gica para o\u00a0Brasil.<\/p>\n<div class=\"S6IMGG_Divider\" data-d-component=\"divider\"><\/div>\n<h2 class=\"w6asjq_TextBase GgxHUa_Title\" data-d-component=\"title\" data-d-size=\"lg\" data-d-weight=\"semibold\">Economia Azul ganha import\u00e2ncia para o desenvolvimento da Amaz\u00f4nia<\/h2>\n<p class=\"w6asjq_TextBase _85PZeG_Text\" data-d-component=\"text\">A\u00a0<span class=\"w6asjq_TextBase _85PZeG_Text\" data-d-component=\"text\" data-d-default-strong=\"\" data-d-inline=\"\">Economia Azul<\/span>\u00a0re\u00fane atividades ligadas ao transporte mar\u00edtimo e fluvial, infraestrutura portu\u00e1ria, pesca, energia, turismo, inova\u00e7\u00e3o e pesquisa, sempre com foco no uso sustent\u00e1vel dos recursos aqu\u00e1ticos.<\/p>\n<p class=\"w6asjq_TextBase _85PZeG_Text\" data-d-component=\"text\">Na Amaz\u00f4nia, esse conceito ganha relev\u00e2ncia diante da extensa rede hidrogr\u00e1fica da regi\u00e3o e do papel estrat\u00e9gico dos portos para a integra\u00e7\u00e3o log\u00edstica, o com\u00e9rcio e o desenvolvimento econ\u00f4mico.<\/p>\n<p class=\"w6asjq_TextBase _85PZeG_Text\" data-d-component=\"text\">O F\u00f3rum Horizontes da Economia Azul refor\u00e7ou que o futuro da regi\u00e3o depende da coopera\u00e7\u00e3o entre institui\u00e7\u00f5es, academia, iniciativa privada e sociedade para transformar conhecimento em pol\u00edticas e investimentos voltados ao crescimento sustent\u00e1vel da Amaz\u00f4nia.<\/p>\n<p data-d-component=\"text\">Fonte: Defesa em Foco<\/p>\n","protected":false},"excerpt":{"rendered":"<p>A\u00a0Sociedade Amigos da Marinha do Par\u00e1 (SOAMAR Par\u00e1)\u00a0participou do\u00a0F\u00f3rum Horizontes da Economia Azul, um importante espa\u00e7o de di\u00e1logo sobre os desafios e as oportunidades para&#8230;<\/p>\n","protected":false},"author":1527,"featured_media":0,"comment_status":"closed","ping_status":"closed","sticky":false,"template":"","format":"standard","meta":{"footnotes":""},"categories":[6],"tags":[],"class_list":["post-67067","post","type-post","status-publish","format-standard","hentry","category-noticias"],"_links":{"self":[{"href":"https:\/\/www.sincomam.org.br\/index.php\/wp-json\/wp\/v2\/posts\/67067","targetHints":{"allow":["GET"]}}],"collection":[{"href":"https:\/\/www.sincomam.org.br\/index.php\/wp-json\/wp\/v2\/posts"}],"about":[{"href":"https:\/\/www.sincomam.org.br\/index.php\/wp-json\/wp\/v2\/types\/post"}],"author":[{"embeddable":true,"href":"https:\/\/www.sincomam.org.br\/index.php\/wp-json\/wp\/v2\/users\/1527"}],"replies":[{"embeddable":true,"href":"https:\/\/www.sincomam.org.br\/index.php\/wp-json\/wp\/v2\/comments?post=67067"}],"version-history":[{"count":1,"href":"https:\/\/www.sincomam.org.br\/index.php\/wp-json\/wp\/v2\/posts\/67067\/revisions"}],"predecessor-version":[{"id":67069,"href":"https:\/\/www.sincomam.org.br\/index.php\/wp-json\/wp\/v2\/posts\/67067\/revisions\/67069"}],"wp:attachment":[{"href":"https:\/\/www.sincomam.org.br\/index.php\/wp-json\/wp\/v2\/media?parent=67067"}],"wp:term":[{"taxonomy":"category","embeddable":true,"href":"https:\/\/www.sincomam.org.br\/index.php\/wp-json\/wp\/v2\/categories?post=67067"},{"taxonomy":"post_tag","embeddable":true,"href":"https:\/\/www.sincomam.org.br\/index.php\/wp-json\/wp\/v2\/tags?post=67067"}],"curies":[{"name":"wp","href":"https:\/\/api.w.org\/{rel}","templated":true}]}}