{"id":67064,"date":"2026-08-27T12:00:24","date_gmt":"2026-08-27T15:00:24","guid":{"rendered":"https:\/\/www.sincomam.org.br\/?p=67064"},"modified":"2026-08-27T12:00:24","modified_gmt":"2026-08-27T15:00:24","slug":"aps-inicia-instalacao-de-rede-5g-no-porto-de-santos","status":"publish","type":"post","link":"https:\/\/www.sincomam.org.br\/index.php\/aps-inicia-instalacao-de-rede-5g-no-porto-de-santos\/","title":{"rendered":"APS inicia instala\u00e7\u00e3o de rede 5G no Porto de Santos"},"content":{"rendered":"<p>A Autoridade Portu\u00e1ria de Santos (APS) iniciou na \u00faltima ter\u00e7a-feira (25) a instala\u00e7\u00e3o de uma rede fixa 5G, projeto integrante do conv\u00eanio Porto de Santos Conecta.<\/p>\n<p>A nova infraestrutura consiste em uma rede privativa para o Porto de Santos, para ampliar a capacidade digital e viabilizar novas solu\u00e7\u00f5es e servi\u00e7os, contribuindo para a moderniza\u00e7\u00e3o das opera\u00e7\u00f5es portu\u00e1rias.<\/p>\n<p>Os trabalhos ser\u00e3o realizados em diversas \u00e1reas sob responsabilidade da APS, incluindo os edif\u00edcios administrativos no complexo da Presid\u00eancia e \u00e1reas de cais nas regi\u00f5es do Valongo, Outeirinhos e Estu\u00e1rio, na margem direita do Porto de Santos.<\/p>\n<p>Durante a execu\u00e7\u00e3o das atividades, poder\u00e3o ocorrer interdi\u00e7\u00f5es pontuais, ru\u00eddos e aumento da circula\u00e7\u00e3o de equipes e ve\u00edculos. Todas as a\u00e7\u00f5es seguir\u00e3o as normas de seguran\u00e7a e ser\u00e3o devidamente sinalizadas.<\/p>\n<p>A APS orienta os usu\u00e1rios e trabalhadores das \u00e1reas afetadas a respeitarem as sinaliza\u00e7\u00f5es e os locais isolados, facilitarem o acesso das equipes respons\u00e1veis pelos servi\u00e7os e comunicarem eventuais necessidades ou impactos relacionados \u00e0s interven\u00e7\u00f5es.<\/p>\n<p><strong>Conv\u00eanio<\/strong><\/p>\n<p>A instala\u00e7\u00e3o \u00e9 viabilizada por meio do conv\u00eanio de coopera\u00e7\u00e3o t\u00e9cnica e financeira firmado entre APS e Funda\u00e7\u00e3o Parque Tecnol\u00f3gico Itaipu (Itaipu Parquetec). Ele prev\u00ea o investimento de cerca de R$ 31 milh\u00f5es ao longo de tr\u00eas anos para ampliar a conectividade do Porto de Santos.<\/p>\n<div id=\"infor-3794739360\" class=\"infor-depois-do-conteudo infor-entity-placement\">Fonte: Informativo dos Portos<\/div>\n","protected":false},"excerpt":{"rendered":"<p>A Autoridade Portu\u00e1ria de Santos (APS) iniciou na \u00faltima ter\u00e7a-feira (25) a instala\u00e7\u00e3o de uma rede fixa 5G, projeto integrante do conv\u00eanio Porto de Santos&#8230;<\/p>\n","protected":false},"author":1527,"featured_media":0,"comment_status":"closed","ping_status":"closed","sticky":false,"template":"","format":"standard","meta":{"footnotes":""},"categories":[6],"tags":[],"class_list":["post-67064","post","type-post","status-publish","format-standard","hentry","category-noticias"],"_links":{"self":[{"href":"https:\/\/www.sincomam.org.br\/index.php\/wp-json\/wp\/v2\/posts\/67064","targetHints":{"allow":["GET"]}}],"collection":[{"href":"https:\/\/www.sincomam.org.br\/index.php\/wp-json\/wp\/v2\/posts"}],"about":[{"href":"https:\/\/www.sincomam.org.br\/index.php\/wp-json\/wp\/v2\/types\/post"}],"author":[{"embeddable":true,"href":"https:\/\/www.sincomam.org.br\/index.php\/wp-json\/wp\/v2\/users\/1527"}],"replies":[{"embeddable":true,"href":"https:\/\/www.sincomam.org.br\/index.php\/wp-json\/wp\/v2\/comments?post=67064"}],"version-history":[{"count":1,"href":"https:\/\/www.sincomam.org.br\/index.php\/wp-json\/wp\/v2\/posts\/67064\/revisions"}],"predecessor-version":[{"id":67066,"href":"https:\/\/www.sincomam.org.br\/index.php\/wp-json\/wp\/v2\/posts\/67064\/revisions\/67066"}],"wp:attachment":[{"href":"https:\/\/www.sincomam.org.br\/index.php\/wp-json\/wp\/v2\/media?parent=67064"}],"wp:term":[{"taxonomy":"category","embeddable":true,"href":"https:\/\/www.sincomam.org.br\/index.php\/wp-json\/wp\/v2\/categories?post=67064"},{"taxonomy":"post_tag","embeddable":true,"href":"https:\/\/www.sincomam.org.br\/index.php\/wp-json\/wp\/v2\/tags?post=67064"}],"curies":[{"name":"wp","href":"https:\/\/api.w.org\/{rel}","templated":true}]}}