{"id":67061,"date":"2026-08-27T11:59:33","date_gmt":"2026-08-27T14:59:33","guid":{"rendered":"https:\/\/www.sincomam.org.br\/?p=67061"},"modified":"2026-08-27T11:59:33","modified_gmt":"2026-08-27T14:59:33","slug":"porto-de-imbituba-sedia-ii-simposio-catarinense-de-direito-portuario-e-maritimo","status":"publish","type":"post","link":"https:\/\/www.sincomam.org.br\/index.php\/porto-de-imbituba-sedia-ii-simposio-catarinense-de-direito-portuario-e-maritimo\/","title":{"rendered":"Porto de Imbituba sedia II Simp\u00f3sio Catarinense de Direito Portu\u00e1rio e Mar\u00edtimo"},"content":{"rendered":"<p dir=\"ltr\">Autoridades, profissionais do Direito, estudantes e interessados nas discuss\u00f5es relacionadas ao setor participaram, na quinta-feira (20), do II Simp\u00f3sio Catarinense de Direito Portu\u00e1rio e Mar\u00edtimo da OAB\/SC, realizado no Porto de Imbituba, no Audit\u00f3rio de Atividades M\u00faltiplas (CAM).<\/p>\n<p dir=\"ltr\">O evento promoveu debates sobre temas jur\u00eddicos estrat\u00e9gicos, como Seguran\u00e7a nos Portos, Acidentes e Fatos da Navega\u00e7\u00e3o \u2013 Inqu\u00e9ritos Administrativos; Regula\u00e7\u00e3o e ANTAQ; Direito Portu\u00e1rio \u2013 Foco Local: Imbituba; e Especializa\u00e7\u00e3o do Judici\u00e1rio.<\/p>\n<p dir=\"ltr\">Dentre os presentes, o Simp\u00f3sio contou com representantes do Tribunal de Justi\u00e7a de S\u00e3o Paulo (TJSP), Marinha do Brasil, Receita Federal, Pol\u00edcia Federal, Corregedoria-Geral da Justi\u00e7a e Pol\u00edcia Mar\u00edtima, al\u00e9m de integrantes da OAB\/SC, advogados, graduandos de Direito, e profissionais da \u00e1rea portu\u00e1ria.<\/p>\n<p dir=\"ltr\">Um dos destaques da programa\u00e7\u00e3o foi o painel \u201cDireito Portu\u00e1rio \u2013 Foco Local: Imbituba\u201d, conduzido por Christiano Lopes, diretor-presidente dos Portos de Imbituba e Laguna, ao lado de Valdomiro Ribeiro, gerente de Compliance e Gerenciamento de Riscos da Autoridade Portu\u00e1ria. Na oportunidade, o presidente realizou uma apresenta\u00e7\u00e3o institucional dos Portos de Imbituba e Laguna, destacando aspectos relacionados \u00e0 opera\u00e7\u00e3o portu\u00e1ria, aos desafios do setor e \u00e0 import\u00e2ncia estrat\u00e9gica do Porto para a regi\u00e3o. \u201cReceber um evento dessa relev\u00e2ncia no Porto de Imbituba evidencia a import\u00e2ncia da atua\u00e7\u00e3o integrada do setor portu\u00e1rio com as institui\u00e7\u00f5es que atuam na \u00e1rea jur\u00eddica, regulat\u00f3ria, de fiscaliza\u00e7\u00e3o e de seguran\u00e7a. O di\u00e1logo entre esses diferentes atores \u00e9 fundamental para construirmos solu\u00e7\u00f5es, prevenir riscos, fortalecer a seguran\u00e7a jur\u00eddica e contribuir para o desenvolvimento cada vez mais estruturado da atividade portu\u00e1ria\u201d, destacou Christiano Lopes, diretor-presidente dos Portos de Imbituba e Laguna.<\/p>\n<p dir=\"ltr\">O foco local tamb\u00e9m foi pautado por Valdomiro, com a exposi\u00e7\u00e3o e debate dos aspectos jur\u00eddicos envolvidos no projeto de doa\u00e7\u00e3o com encargos do costado do Cais 2, processo em andamento no Porto de Imbituba. \u201cS\u00e3o estes eventos que contribuem para o debate qualificado acerca do aperfei\u00e7oamento dos instrumentos jur\u00eddicos, da regula\u00e7\u00e3o e da legisla\u00e7\u00e3o acerca da explora\u00e7\u00e3o portu\u00e1ria no Brasil. A constante busca pela necess\u00e1ria seguran\u00e7a jur\u00eddica no setor, com a contribui\u00e7\u00e3o de todos os atores, p\u00fablicos e privados, \u00e9 que viabilizar\u00e1 a estabiliza\u00e7\u00e3o das rela\u00e7\u00f5es, a diminui\u00e7\u00e3o da litigiosidade e o crescimento consistente da movimenta\u00e7\u00e3o mar\u00edtima e portu\u00e1ria no Brasil\u201d, destacou o gerente.<\/p>\n<p dir=\"ltr\">Ao sediar o Simp\u00f3sio pela segunda vez, o Porto de Imbituba evidenciou a import\u00e2ncia de Imbituba para o setor portu\u00e1rio catarinense.<\/p>\n<p dir=\"ltr\">Fonte: Informativo dos Portos<\/p>\n","protected":false},"excerpt":{"rendered":"<p>Autoridades, profissionais do Direito, estudantes e interessados nas discuss\u00f5es relacionadas ao setor participaram, na quinta-feira (20), do II Simp\u00f3sio Catarinense de Direito Portu\u00e1rio e Mar\u00edtimo&#8230;<\/p>\n","protected":false},"author":1527,"featured_media":67062,"comment_status":"closed","ping_status":"closed","sticky":false,"template":"","format":"standard","meta":{"footnotes":""},"categories":[6],"tags":[],"class_list":["post-67061","post","type-post","status-publish","format-standard","has-post-thumbnail","hentry","category-noticias"],"_links":{"self":[{"href":"https:\/\/www.sincomam.org.br\/index.php\/wp-json\/wp\/v2\/posts\/67061","targetHints":{"allow":["GET"]}}],"collection":[{"href":"https:\/\/www.sincomam.org.br\/index.php\/wp-json\/wp\/v2\/posts"}],"about":[{"href":"https:\/\/www.sincomam.org.br\/index.php\/wp-json\/wp\/v2\/types\/post"}],"author":[{"embeddable":true,"href":"https:\/\/www.sincomam.org.br\/index.php\/wp-json\/wp\/v2\/users\/1527"}],"replies":[{"embeddable":true,"href":"https:\/\/www.sincomam.org.br\/index.php\/wp-json\/wp\/v2\/comments?post=67061"}],"version-history":[{"count":1,"href":"https:\/\/www.sincomam.org.br\/index.php\/wp-json\/wp\/v2\/posts\/67061\/revisions"}],"predecessor-version":[{"id":67063,"href":"https:\/\/www.sincomam.org.br\/index.php\/wp-json\/wp\/v2\/posts\/67061\/revisions\/67063"}],"wp:featuredmedia":[{"embeddable":true,"href":"https:\/\/www.sincomam.org.br\/index.php\/wp-json\/wp\/v2\/media\/67062"}],"wp:attachment":[{"href":"https:\/\/www.sincomam.org.br\/index.php\/wp-json\/wp\/v2\/media?parent=67061"}],"wp:term":[{"taxonomy":"category","embeddable":true,"href":"https:\/\/www.sincomam.org.br\/index.php\/wp-json\/wp\/v2\/categories?post=67061"},{"taxonomy":"post_tag","embeddable":true,"href":"https:\/\/www.sincomam.org.br\/index.php\/wp-json\/wp\/v2\/tags?post=67061"}],"curies":[{"name":"wp","href":"https:\/\/api.w.org\/{rel}","templated":true}]}}