{"id":67040,"date":"2026-08-26T12:47:30","date_gmt":"2026-08-26T15:47:30","guid":{"rendered":"https:\/\/www.sincomam.org.br\/?p=67040"},"modified":"2026-08-26T12:47:30","modified_gmt":"2026-08-26T15:47:30","slug":"antes-de-reuniao-com-motta-e-alcolumbre-lula-diz-que-brasil-esta-pronto-para-fim-da-escala-6x1","status":"publish","type":"post","link":"https:\/\/www.sincomam.org.br\/index.php\/antes-de-reuniao-com-motta-e-alcolumbre-lula-diz-que-brasil-esta-pronto-para-fim-da-escala-6x1\/","title":{"rendered":"Antes de reuni\u00e3o com Motta e Alcolumbre, Lula diz que Brasil &#8216;est\u00e1 pronto&#8217; para fim da escala 6&#215;1"},"content":{"rendered":"<div id=\"chunk-1lnn8\">\n<div class=\"mc-column content-text active-extra-styles active-capital-letter\" data-block-type=\"unstyled\" data-block-weight=\"43\" data-block-id=\"2\">\n<p class=\" content-text__container theme-color-primary-first-letter\" data-track-category=\"Link no Texto\" data-track-links=\"\" data-mrf-recirculation=\"Mat\u00e9ria - Links no Texto\">O presidente\u00a0Luiz In\u00e1cio Lula da Silva\u00a0(PT) afirmou nesta quarta-feira (26) que o Brasil &#8220;est\u00e1 pronto&#8221; para avan\u00e7ar com o\u00a0fim da escala 6&#215;1\u00a0e da\u00a0taxa das blusinhas, e com as propostas que tratam de seguran\u00e7a p\u00fablica e dos minerais cr\u00edticos.<\/p>\n<\/div>\n<\/div>\n<div class=\"wall protected-content\">\n<div id=\"chunk-db0vg\">\n<div class=\"mc-column content-text active-extra-styles \" data-block-type=\"unstyled\" data-block-weight=\"45\" data-block-id=\"4\">\n<p class=\" content-text__container \" data-track-category=\"Link no Texto\" data-track-links=\"\" data-mrf-recirculation=\"Mat\u00e9ria - Links no Texto\">O petista deu a declara\u00e7\u00e3o antes de uma reuni\u00e3o com os presidentes da C\u00e2mara, Hugo Motta (Republicanos-PB), e do\u00a0Senado,\u00a0Davi Alcolumbre\u00a0(Uni\u00e3o Brasil-AP). Ele afirmou que, no encontro com os parlamentares, vai tratar, &#8220;com a urg\u00eancia que o povo brasileiro precisa&#8221;, dos quatro temas.<\/p>\n<\/div>\n<\/div>\n<div id=\"chunk-2j3bb\">\n<div class=\"mc-column content-text active-extra-styles \" data-block-type=\"unstyled\" data-block-weight=\"59\" data-block-id=\"5\">\n<p class=\" content-text__container \" data-track-category=\"Link no Texto\" data-track-links=\"\" data-mrf-recirculation=\"Mat\u00e9ria - Links no Texto\">&#8220;Hoje \u00e9 um dia importante para o nosso futuro. Vou me reunir com os presidentes Hugo Motta (C\u00e2mara) e Davi Alcolumbre (Senado) para tratar, com a urg\u00eancia que o povo brasileiro precisa, de quatro assuntos: fim da escala 6 x 1 e da taxa das blusinhas, PEC da Seguran\u00e7a P\u00fablica e o Marco Legal dos Minerais Cr\u00edticos&#8221;, disse.<\/p>\n<div id=\"chunk-73ige\">\n<div class=\"mc-column content-text active-extra-styles \" data-block-type=\"unstyled\" data-block-weight=\"26\" data-block-id=\"9\">\n<p class=\" content-text__container \" data-track-category=\"Link no Texto\" data-track-links=\"\" data-mrf-recirculation=\"Mat\u00e9ria - Links no Texto\">A expectativa do governo \u00e9 que os temas avancem na pr\u00f3xima semana, quando o Congresso ter\u00e1 as \u00faltimas vota\u00e7\u00f5es antes da\u00a0elei\u00e7\u00e3o em 4 de outubro.<\/p>\n<\/div>\n<\/div>\n<div id=\"chunk-1kemd\">\n<div id=\"1\" class=\"anchor-position\"><\/div>\n<\/div>\n<div id=\"chunk-9mbcr\">\n<div class=\"mc-column content-text active-extra-styles\" data-block-type=\"raw\" data-block-weight=\"7\" data-block-id=\"10\">\n<div class=\"content-intertitle\">\n<h2>Fim da 6&#215;1 na pauta da CCJ<\/h2>\n<\/div>\n<p>A PEC que reduz a jornada de trabalho no pa\u00eds est\u00e1 na Comiss\u00e3o de Constitui\u00e7\u00e3o e Justi\u00e7a (CCJ) e pode ser votada na pr\u00f3xima quarta-feira (2). No Senado e no governo, aliados de Lula come\u00e7aram a pressionar os senadores para que a vota\u00e7\u00e3o no plen\u00e1rio do Senado se d\u00ea no mesmo dia.<\/p>\n<\/div>\n<\/div>\n<div id=\"chunk-638cf\">\n<div class=\"mc-column content-text active-extra-styles \" data-block-type=\"unstyled\" data-block-weight=\"36\" data-block-id=\"12\">\n<p class=\" content-text__container \" data-track-category=\"Link no Texto\" data-track-links=\"\" data-mrf-recirculation=\"Mat\u00e9ria - Links no Texto\">Uma PEC precisa ser aprovada na CCJ e depois seguir para vota\u00e7\u00e3o em dois turnos no plen\u00e1rio do Senado. Depois da vota\u00e7\u00e3o em primeiro turno, deve-se esperar cinco dias \u00fateis para a vota\u00e7\u00e3o em segundo turno.<\/p>\n<div id=\"chunk-ce7s6\">\n<div class=\"mc-column content-text active-extra-styles \" data-block-type=\"unstyled\" data-block-weight=\"37\" data-block-id=\"14\">\n<p class=\" content-text__container \" data-track-category=\"Link no Texto\" data-track-links=\"\" data-mrf-recirculation=\"Mat\u00e9ria - Links no Texto\">No entanto, governistas argumentam que, se houver vontade pol\u00edtica, uma PEC n\u00e3o precisa demorar tanto para ser aprovada. Os senadores citam outros momentos em que propostas tiveram as vota\u00e7\u00f5es em dois turnos feitas uma seguida da outra.<\/p>\n<\/div>\n<\/div>\n<div id=\"chunk-eb8gc\">\n<div class=\"mc-column content-text active-extra-styles \" data-block-type=\"unstyled\" data-block-weight=\"33\" data-block-id=\"15\">\n<p class=\" content-text__container \" data-track-category=\"Link no Texto\" data-track-links=\"\" data-mrf-recirculation=\"Mat\u00e9ria - Links no Texto\">O presidente do Senado n\u00e3o descartou a possibilidade, mas tamb\u00e9m n\u00e3o fez nenhuma promessa aos governistas. A expectativa no Senado \u00e9 de que a conversa entre Lula e Alcolumbre possa mudar a situa\u00e7\u00e3o.<\/p>\n<\/div>\n<\/div>\n<div id=\"chunk-2mk86\">\n<div><\/div>\n<div id=\"2\" class=\"anchor-position\"><strong>Taxa das blusinhas<\/strong><\/div>\n<\/div>\n<div id=\"chunk-e64sj\">\n<div class=\"mc-column content-text active-extra-styles\" data-block-type=\"raw\" data-block-weight=\"3\" data-block-id=\"16\">\n<p>Outro tema que deve ser debatido na reuni\u00e3o desta quarta \u00e9 medida provis\u00f3ria que acabou com a chamada taxa das blusinhas, o imposto de importa\u00e7\u00e3o de 20% sobre compras internacionais de at\u00e9 US$ 50.<\/p>\n<div id=\"chunk-daqsr\">\n<div class=\"mc-column content-text active-extra-styles \" data-block-type=\"unstyled\" data-block-weight=\"51\" data-block-id=\"19\">\n<p class=\" content-text__container \" data-track-category=\"Link no Texto\" data-track-links=\"\" data-mrf-recirculation=\"Mat\u00e9ria - Links no Texto\">A MP foi publicada em maio e tem at\u00e9 8 de setembro para ser aprovada ou rejeitada pelo Congresso. Caso a vota\u00e7\u00e3o n\u00e3o ocorra, o imposto voltar\u00e1 a ser cobrado em 9 de setembro. Motivo pelo qual esse deve ser o principal tema da conversa de Lula com Motta e Alcolumbre.<\/p>\n<\/div>\n<\/div>\n<div id=\"chunk-843km\">\n<div class=\"mc-column content-text active-extra-styles \" data-block-type=\"unstyled\" data-block-weight=\"23\" data-block-id=\"20\">\n<p class=\" content-text__container \" data-track-category=\"Link no Texto\" data-track-links=\"\" data-mrf-recirculation=\"Mat\u00e9ria - Links no Texto\">Nas \u00faltimas semanas,\u00a0Lula tem refor\u00e7ado a import\u00e2ncia da medida e chegou a pedir explicitamente a aprova\u00e7\u00e3o da medida\u00a0por parte do Congresso.<\/p>\n<\/div>\n<\/div>\n<div id=\"chunk-9po8o\">\n<div class=\"mc-column content-text active-extra-styles \" data-block-type=\"unstyled\" data-block-weight=\"33\" data-block-id=\"21\">\n<p class=\" content-text__container \" data-track-category=\"Link no Texto\" data-track-links=\"\" data-mrf-recirculation=\"Mat\u00e9ria - Links no Texto\">A press\u00e3o por parte do governo se d\u00e1 porque o Congresso at\u00e9 o momento somente instalou a comiss\u00e3o respons\u00e1vel por analisar a MP antes dos plen\u00e1rios da C\u00e2mara e do Senado votarem.<\/p>\n<\/div>\n<\/div>\n<div id=\"chunk-6lmei\">\n<div class=\"mc-column content-text active-extra-styles \" data-block-type=\"unstyled\" data-block-weight=\"22\" data-block-id=\"22\">\n<p class=\" content-text__container \" data-track-category=\"Link no Texto\" data-track-links=\"\" data-mrf-recirculation=\"Mat\u00e9ria - Links no Texto\">Ou seja, o governo corre contra o tempo para chegar a um acordo com Alcolumbre e Motta para a aprova\u00e7\u00e3o da medida.<\/p>\n<\/div>\n<\/div>\n<div id=\"chunk-ci2au\">\n<div class=\"mc-column content-text active-extra-styles \" data-block-type=\"unstyled\" data-block-weight=\"36\" data-block-id=\"23\">\n<p class=\" content-text__container \" data-track-category=\"Link no Texto\" data-track-links=\"\" data-mrf-recirculation=\"Mat\u00e9ria - Links no Texto\">A expectativa de Lula \u00e9 \u201canunciar o fim da taxa das blusinhas, para o bem das pessoas que gostam de comprar coisinha pouca\u201d, segundo disse o presidente em entrevista \u00e0 TV Record no \u00faltimo domingo (23).<\/p>\n<p data-track-category=\"Link no Texto\" data-track-links=\"\" data-mrf-recirculation=\"Mat\u00e9ria - Links no Texto\">Fonte: G1<\/p>\n<\/div>\n<\/div>\n<\/div>\n<\/div>\n<\/div>\n<\/div>\n<\/div>\n<\/div>\n<\/div>\n","protected":false},"excerpt":{"rendered":"<p>O presidente\u00a0Luiz In\u00e1cio Lula da Silva\u00a0(PT) afirmou nesta quarta-feira (26) que o Brasil &#8220;est\u00e1 pronto&#8221; para avan\u00e7ar com o\u00a0fim da escala 6&#215;1\u00a0e da\u00a0taxa das blusinhas,&#8230;<\/p>\n","protected":false},"author":1527,"featured_media":67041,"comment_status":"closed","ping_status":"closed","sticky":false,"template":"","format":"standard","meta":{"footnotes":""},"categories":[6],"tags":[],"class_list":["post-67040","post","type-post","status-publish","format-standard","has-post-thumbnail","hentry","category-noticias"],"_links":{"self":[{"href":"https:\/\/www.sincomam.org.br\/index.php\/wp-json\/wp\/v2\/posts\/67040","targetHints":{"allow":["GET"]}}],"collection":[{"href":"https:\/\/www.sincomam.org.br\/index.php\/wp-json\/wp\/v2\/posts"}],"about":[{"href":"https:\/\/www.sincomam.org.br\/index.php\/wp-json\/wp\/v2\/types\/post"}],"author":[{"embeddable":true,"href":"https:\/\/www.sincomam.org.br\/index.php\/wp-json\/wp\/v2\/users\/1527"}],"replies":[{"embeddable":true,"href":"https:\/\/www.sincomam.org.br\/index.php\/wp-json\/wp\/v2\/comments?post=67040"}],"version-history":[{"count":1,"href":"https:\/\/www.sincomam.org.br\/index.php\/wp-json\/wp\/v2\/posts\/67040\/revisions"}],"predecessor-version":[{"id":67042,"href":"https:\/\/www.sincomam.org.br\/index.php\/wp-json\/wp\/v2\/posts\/67040\/revisions\/67042"}],"wp:featuredmedia":[{"embeddable":true,"href":"https:\/\/www.sincomam.org.br\/index.php\/wp-json\/wp\/v2\/media\/67041"}],"wp:attachment":[{"href":"https:\/\/www.sincomam.org.br\/index.php\/wp-json\/wp\/v2\/media?parent=67040"}],"wp:term":[{"taxonomy":"category","embeddable":true,"href":"https:\/\/www.sincomam.org.br\/index.php\/wp-json\/wp\/v2\/categories?post=67040"},{"taxonomy":"post_tag","embeddable":true,"href":"https:\/\/www.sincomam.org.br\/index.php\/wp-json\/wp\/v2\/tags?post=67040"}],"curies":[{"name":"wp","href":"https:\/\/api.w.org\/{rel}","templated":true}]}}