{"id":67031,"date":"2026-08-26T12:42:29","date_gmt":"2026-08-26T15:42:29","guid":{"rendered":"https:\/\/www.sincomam.org.br\/?p=67031"},"modified":"2026-08-26T12:42:29","modified_gmt":"2026-08-26T15:42:29","slug":"marinha-vai-usar-drone-do-mar-para-ampliar-area-de-protecao-da-amazonia-azul","status":"publish","type":"post","link":"https:\/\/www.sincomam.org.br\/index.php\/marinha-vai-usar-drone-do-mar-para-ampliar-area-de-protecao-da-amazonia-azul\/","title":{"rendered":"Marinha vai usar &#8220;drone do mar&#8221; para ampliar \u00e1rea de prote\u00e7\u00e3o da Amaz\u00f4nia Azul"},"content":{"rendered":"<p>A\u00a0<span class=\"w6asjq_TextBase _85PZeG_Text\" data-d-component=\"text\" data-d-default-strong=\"\" data-d-inline=\"\">Marinha do Brasil<\/span>\u00a0acelera a incorpora\u00e7\u00e3o de\u00a0<span class=\"w6asjq_TextBase _85PZeG_Text\" data-d-component=\"text\" data-d-default-strong=\"\" data-d-inline=\"\">sistemas aut\u00f4nomos e n\u00e3o tripulados<\/span>\u00a0para ampliar a prote\u00e7\u00e3o da\u00a0<span class=\"w6asjq_TextBase _85PZeG_Text\" data-d-component=\"text\" data-d-default-strong=\"\" data-d-inline=\"\">Amaz\u00f4nia Azul<\/span>, \u00e1rea mar\u00edtima estrat\u00e9gica que concentra riquezas naturais, rotas comerciais e infraestrutura cr\u00edtica do pa\u00eds. Durante um encontro promovido pelo\u00a0<span class=\"w6asjq_TextBase _85PZeG_Text\" data-d-component=\"text\" data-d-default-strong=\"\" data-d-inline=\"\">Minist\u00e9rio da Defesa<\/span>, especialistas das For\u00e7as Armadas apresentaram projetos voltados ao desenvolvimento de novas tecnologias, integra\u00e7\u00e3o operacional e fortalecimento da capacidade nacional de enfrentar as amea\u00e7as do s\u00e9culo XXI.<\/p>\n<p class=\"w6asjq_TextBase _85PZeG_Text\" data-d-component=\"text\">Entre as iniciativas em destaque est\u00e1 o\u00a0<span class=\"w6asjq_TextBase _85PZeG_Text\" data-d-component=\"text\" data-d-default-strong=\"\" data-d-inline=\"\">Sistema PRIMA<\/span>, desenvolvido pelo\u00a0<span class=\"w6asjq_TextBase _85PZeG_Text\" data-d-component=\"text\" data-d-default-strong=\"\" data-d-inline=\"\">Centro de An\u00e1lises de Sistemas Navais (CASNAV)<\/span>, que permite transformar navios como o\u00a0<span class=\"w6asjq_TextBase _85PZeG_Text\" data-d-component=\"text\" data-d-default-strong=\"\" data-d-inline=\"\">Navio-Aer\u00f3dromo Multiprop\u00f3sito Atl\u00e2ntico<\/span>\u00a0e o\u00a0<span class=\"w6asjq_TextBase _85PZeG_Text\" data-d-component=\"text\" data-d-default-strong=\"\" data-d-inline=\"\">Navio Doca Multiprop\u00f3sito Bahia<\/span>\u00a0em esta\u00e7\u00f5es de controle remoto para ve\u00edculos aut\u00f4nomos de superf\u00edcie, ampliando a vigil\u00e2ncia mar\u00edtima e o apoio ao\u00a0<span class=\"w6asjq_TextBase _85PZeG_Text\" data-d-component=\"text\" data-d-default-strong=\"\" data-d-inline=\"\">SisGAAz<\/span>, o Sistema de Gerenciamento da Amaz\u00f4nia Azul.<\/p>\n<p class=\"w6asjq_TextBase _85PZeG_Text\" data-d-component=\"text\">A aposta em sistemas nacionais, intelig\u00eancia artificial e coopera\u00e7\u00e3o entre as For\u00e7as Armadas, universidades e a Base Industrial de Defesa sinaliza uma mudan\u00e7a de paradigma na estrat\u00e9gia brasileira de monitoramento mar\u00edtimo e defesa naval.<\/p>\n<h3 class=\"w6asjq_TextBase GgxHUa_Title\" data-d-component=\"title\" data-d-size=\"lg\" data-d-weight=\"semibold\">Sistema PRIMA transforma navios da Marinha em centros de controle remoto<\/h3>\n<div class=\"oIb9lq_Box\" data-d-component=\"row\" data-d-direction=\"row\" data-d-has-width=\"\">\n<div class=\"oIb9lq_Box\" data-d-component=\"col\" data-d-direction=\"col\" data-d-has-width=\"\">\n<div class=\"oIb9lq_Box\" data-d-auto-spacing=\"\" data-d-clip=\"true\" data-d-component=\"box\" data-d-direction=\"col\" data-d-has-width=\"\">\n<div class=\"BjVYla_Image BjVYla_OverlayBox BjVYla_LoadingFrame\" data-d-component=\"image\" data-d-frame=\"\">\n<div class=\"BjVYla_Overlay\">\n<div class=\"oIb9lq_Box\" data-d-align=\"end\" data-d-auto-spacing=\"\" data-d-component=\"col\" data-d-direction=\"col\" data-d-has-width=\"\" data-d-justify=\"end\" aria-hidden=\"true\">\n<div class=\"oIb9lq_Box\" data-d-align=\"center\" data-d-component=\"row\" data-d-direction=\"row\" data-d-has-width=\"\">O avan\u00e7o dos\u00a0<span class=\"w6asjq_TextBase _85PZeG_Text\" data-d-component=\"text\" data-d-default-strong=\"\" data-d-inline=\"\">sistemas n\u00e3o tripulados<\/span>\u00a0tornou-se uma das prioridades da\u00a0<span class=\"w6asjq_TextBase _85PZeG_Text\" data-d-component=\"text\" data-d-default-strong=\"\" data-d-inline=\"\">Marinha do Brasil<\/span>\u00a0para fortalecer a prote\u00e7\u00e3o da\u00a0<span class=\"w6asjq_TextBase _85PZeG_Text\" data-d-component=\"text\" data-d-default-strong=\"\" data-d-inline=\"\">Amaz\u00f4nia Azul<\/span>, uma \u00e1rea mar\u00edtima de aproximadamente\u00a0<span class=\"w6asjq_TextBase _85PZeG_Text\" data-d-component=\"text\" data-d-default-strong=\"\" data-d-inline=\"\">5,7 milh\u00f5es de quil\u00f4metros quadrados<\/span>\u00a0sob responsabilidade brasileira. Essa regi\u00e3o re\u00fane plataformas de petr\u00f3leo, cabos submarinos, rotas comerciais, recursos pesqueiros e outras infraestruturas consideradas estrat\u00e9gicas para a soberania nacional.<\/div>\n<div data-d-align=\"center\" data-d-component=\"row\" data-d-direction=\"row\" data-d-has-width=\"\"><\/div>\n<\/div>\n<\/div>\n<\/div>\n<\/div>\n<\/div>\n<\/div>\n<p class=\"w6asjq_TextBase _85PZeG_Text\" data-d-component=\"text\">Durante o encontro do\u00a0Minist\u00e9rio da Defesa, o destaque ficou para o\u00a0<span class=\"w6asjq_TextBase _85PZeG_Text\" data-d-component=\"text\" data-d-default-strong=\"\" data-d-inline=\"\">Sistema PRIMA<\/span>, desenvolvido pelo\u00a0<span class=\"w6asjq_TextBase _85PZeG_Text\" data-d-component=\"text\" data-d-default-strong=\"\" data-d-inline=\"\">CASNAV<\/span>. A solu\u00e7\u00e3o tecnol\u00f3gica permite que grandes navios da Esquadra atuem como\u00a0<span class=\"w6asjq_TextBase _85PZeG_Text\" data-d-component=\"text\" data-d-default-strong=\"\" data-d-inline=\"\">esta\u00e7\u00f5es de controle remoto<\/span>\u00a0para ve\u00edculos aut\u00f4nomos de superf\u00edcie, criando uma arquitetura operacional capaz de integrar meios tripulados e n\u00e3o tripulados em uma mesma miss\u00e3o.<\/p>\n<p class=\"w6asjq_TextBase _85PZeG_Text\" data-d-component=\"text\">Na pr\u00e1tica, embarca\u00e7\u00f5es como o\u00a0<span class=\"w6asjq_TextBase _85PZeG_Text\" data-d-component=\"text\" data-d-default-strong=\"\" data-d-inline=\"\">Navio-Aer\u00f3dromo Multiprop\u00f3sito Atl\u00e2ntico<\/span>\u00a0e o\u00a0<span class=\"w6asjq_TextBase _85PZeG_Text\" data-d-component=\"text\" data-d-default-strong=\"\" data-d-inline=\"\">Navio Doca Multiprop\u00f3sito Bahia<\/span>\u00a0passam a controlar plataformas remotas empregadas em miss\u00f5es de vigil\u00e2ncia, reconhecimento e coleta de informa\u00e7\u00f5es, ampliando o alcance das opera\u00e7\u00f5es mar\u00edtimas sem expor tripula\u00e7\u00f5es a riscos desnecess\u00e1rios.<\/p>\n<p data-d-component=\"text\">Fonte: Defesa em Foco<\/p>\n","protected":false},"excerpt":{"rendered":"<p>A\u00a0Marinha do Brasil\u00a0acelera a incorpora\u00e7\u00e3o de\u00a0sistemas aut\u00f4nomos e n\u00e3o tripulados\u00a0para ampliar a prote\u00e7\u00e3o da\u00a0Amaz\u00f4nia Azul, \u00e1rea mar\u00edtima estrat\u00e9gica que concentra riquezas naturais, rotas comerciais e&#8230;<\/p>\n","protected":false},"author":1527,"featured_media":67032,"comment_status":"closed","ping_status":"closed","sticky":false,"template":"","format":"standard","meta":{"footnotes":""},"categories":[6],"tags":[],"class_list":["post-67031","post","type-post","status-publish","format-standard","has-post-thumbnail","hentry","category-noticias"],"_links":{"self":[{"href":"https:\/\/www.sincomam.org.br\/index.php\/wp-json\/wp\/v2\/posts\/67031","targetHints":{"allow":["GET"]}}],"collection":[{"href":"https:\/\/www.sincomam.org.br\/index.php\/wp-json\/wp\/v2\/posts"}],"about":[{"href":"https:\/\/www.sincomam.org.br\/index.php\/wp-json\/wp\/v2\/types\/post"}],"author":[{"embeddable":true,"href":"https:\/\/www.sincomam.org.br\/index.php\/wp-json\/wp\/v2\/users\/1527"}],"replies":[{"embeddable":true,"href":"https:\/\/www.sincomam.org.br\/index.php\/wp-json\/wp\/v2\/comments?post=67031"}],"version-history":[{"count":1,"href":"https:\/\/www.sincomam.org.br\/index.php\/wp-json\/wp\/v2\/posts\/67031\/revisions"}],"predecessor-version":[{"id":67033,"href":"https:\/\/www.sincomam.org.br\/index.php\/wp-json\/wp\/v2\/posts\/67031\/revisions\/67033"}],"wp:featuredmedia":[{"embeddable":true,"href":"https:\/\/www.sincomam.org.br\/index.php\/wp-json\/wp\/v2\/media\/67032"}],"wp:attachment":[{"href":"https:\/\/www.sincomam.org.br\/index.php\/wp-json\/wp\/v2\/media?parent=67031"}],"wp:term":[{"taxonomy":"category","embeddable":true,"href":"https:\/\/www.sincomam.org.br\/index.php\/wp-json\/wp\/v2\/categories?post=67031"},{"taxonomy":"post_tag","embeddable":true,"href":"https:\/\/www.sincomam.org.br\/index.php\/wp-json\/wp\/v2\/tags?post=67031"}],"curies":[{"name":"wp","href":"https:\/\/api.w.org\/{rel}","templated":true}]}}