{"id":6699,"date":"2014-07-21T08:39:30","date_gmt":"2014-07-21T11:39:30","guid":{"rendered":"http:\/\/www.sincomam.org.br\/?p=6699"},"modified":"2014-07-20T12:41:05","modified_gmt":"2014-07-20T15:41:05","slug":"empresa-publica-que-ira-gerir-os-portos-paranaenses-e-regulamentada","status":"publish","type":"post","link":"https:\/\/www.sincomam.org.br\/index.php\/empresa-publica-que-ira-gerir-os-portos-paranaenses-e-regulamentada\/","title":{"rendered":"Empresa p\u00fablica que ir\u00e1 gerir os portos paranaenses \u00e9 regulamentada"},"content":{"rendered":"<p><strong><em>Decreto marca a segunda etapa da implanta\u00e7\u00e3o da nova empresa<\/em><\/strong><\/p>\n<p>Foi publicado o decreto 11562, que regulamenta a institui\u00e7\u00e3o da empresa p\u00fablica que ir\u00e1 gerir os portos paranaenses, marcando a segunda etapa da implanta\u00e7\u00e3o da nova empresa. Com a publica\u00e7\u00e3o do decreto, j\u00e1 foi aprovado o estatuto de Administra\u00e7\u00e3o dos Portos Paranaenses, que ir\u00e1 disciplinar o funcionamento da empresa, como composi\u00e7\u00e3o e estrutura organizacional.<\/p>\n<p>Agora, a empresa est\u00e1 apta para come\u00e7ar a trabalhar na cria\u00e7\u00e3o do Conselho de Administra\u00e7\u00e3o, que ir\u00e1 gerir a nova empresa. Tamb\u00e9m ser\u00e1 criada uma diretoria de meio ambiente, para atender de maneira apropriada todos os temas relativos \u00e0 legisla\u00e7\u00e3o ambiental dos portos.<\/p>\n<p>A empresa p\u00fablica ser\u00e1 dirigida por dois \u00f3rg\u00e3os: conselho administrativo e diretoria executiva. O corpo diretor ir\u00e1 submeter ao Conselho Administrativo e \u00e0 Secretaria de Infraestrutura e Log\u00edstica um plano de cargos e sal\u00e1rios. Este plano ser\u00e1 elaborado por uma empresa contratada, que ir\u00e1 montar o novo quadro funcional. Al\u00e9m disso, ser\u00e1 tra\u00e7ado o perfil profissiogr\u00e1fico de cada fun\u00e7\u00e3o na empresa.<\/p>\n<p>O antigo quadro funcional entrar\u00e1 em extin\u00e7\u00e3o e deixar\u00e1 de existir em poucos anos (nenhuma fun\u00e7\u00e3o ser\u00e1 reocupada). Os trabalhadores poder\u00e3o optar por um PDI (Plano de Desligamento Incentivado), por permanecer onde est\u00e3o ou, caso haja adequa\u00e7\u00e3o jur\u00eddica, migrarem para o novo quadro. As novas contrata\u00e7\u00f5es s\u00f3 ser\u00e3o feitas dentro do novo quadro funcional.<\/p>\n<p>Os cargos em comiss\u00e3o continuar\u00e3o a existir na empresa p\u00fablica, mas obedecendo a dire\u00e7\u00e3o, chefia e assessoramento.\u00a0 Cargos de perfil t\u00e9cnico (como engenheiros e advogados) n\u00e3o poder\u00e3o ser comissionados.<\/p>\n<p>Fonte: Guia Mar\u00edtimo<\/p>\n","protected":false},"excerpt":{"rendered":"<p>Decreto marca a segunda etapa da implanta\u00e7\u00e3o da nova empresa Foi publicado o decreto 11562, que regulamenta a institui\u00e7\u00e3o da empresa p\u00fablica que ir\u00e1 gerir&#8230;<\/p>\n","protected":false},"author":1182,"featured_media":0,"comment_status":"closed","ping_status":"closed","sticky":false,"template":"","format":"standard","meta":{"footnotes":""},"categories":[6],"tags":[],"class_list":["post-6699","post","type-post","status-publish","format-standard","hentry","category-noticias"],"_links":{"self":[{"href":"https:\/\/www.sincomam.org.br\/index.php\/wp-json\/wp\/v2\/posts\/6699","targetHints":{"allow":["GET"]}}],"collection":[{"href":"https:\/\/www.sincomam.org.br\/index.php\/wp-json\/wp\/v2\/posts"}],"about":[{"href":"https:\/\/www.sincomam.org.br\/index.php\/wp-json\/wp\/v2\/types\/post"}],"author":[{"embeddable":true,"href":"https:\/\/www.sincomam.org.br\/index.php\/wp-json\/wp\/v2\/users\/1182"}],"replies":[{"embeddable":true,"href":"https:\/\/www.sincomam.org.br\/index.php\/wp-json\/wp\/v2\/comments?post=6699"}],"version-history":[{"count":1,"href":"https:\/\/www.sincomam.org.br\/index.php\/wp-json\/wp\/v2\/posts\/6699\/revisions"}],"predecessor-version":[{"id":6700,"href":"https:\/\/www.sincomam.org.br\/index.php\/wp-json\/wp\/v2\/posts\/6699\/revisions\/6700"}],"wp:attachment":[{"href":"https:\/\/www.sincomam.org.br\/index.php\/wp-json\/wp\/v2\/media?parent=6699"}],"wp:term":[{"taxonomy":"category","embeddable":true,"href":"https:\/\/www.sincomam.org.br\/index.php\/wp-json\/wp\/v2\/categories?post=6699"},{"taxonomy":"post_tag","embeddable":true,"href":"https:\/\/www.sincomam.org.br\/index.php\/wp-json\/wp\/v2\/tags?post=6699"}],"curies":[{"name":"wp","href":"https:\/\/api.w.org\/{rel}","templated":true}]}}