{"id":6655,"date":"2014-07-17T08:16:29","date_gmt":"2014-07-17T11:16:29","guid":{"rendered":"http:\/\/www.sincomam.org.br\/?p=6655"},"modified":"2014-07-16T17:49:26","modified_gmt":"2014-07-16T20:49:26","slug":"marinha-e-guaruja-assinam-acordo-de-cooperacao-para-fiscalizacao","status":"publish","type":"post","link":"https:\/\/www.sincomam.org.br\/index.php\/marinha-e-guaruja-assinam-acordo-de-cooperacao-para-fiscalizacao\/","title":{"rendered":"Marinha e Guaruj\u00e1 assinam acordo de coopera\u00e7\u00e3o para fiscaliza\u00e7\u00e3o"},"content":{"rendered":"<p>Guaruj\u00e1 \u00e9 a quinta cidade da Baixada Santista a firmar um acordo de coopera\u00e7\u00e3o com a Marinha do Brasil. A partir de hoje, todo o trabalho de fiscaliza\u00e7\u00e3o da Autoridade Mar\u00edtima ter\u00e1 o apoio da Guarda Civil municipal. O objetivo \u00e9 reduzir o n\u00famero de acidentes envolvendo banhistas e embarca\u00e7\u00f5es de recreio (esporte e lazer).<\/p>\n<p>Ontem, uma cerim\u00f4nia no pa\u00e7o municipal, marcou a assinatura do conv\u00eanio. Participaram do encontro a prefeita de Guaruj\u00e1, Maria Antonieta de Brito, o comandante do 8\u00ba Distrito Naval, vice-almirante Liseo Zampronio, e o comandante da Capitania dos Portos de S\u00e3o Paulo (CPSP), o capit\u00e3o-de mar-e-guerra Ricardo Fernandes Gomes.<\/p>\n<p>Segundo a prefeita, nas pr\u00f3ximas semanas, ao menos oito guardas municipais da cidade ser\u00e3o capacitados em cursos preparat\u00f3rios ministrados pelos oficiais da Capitania dos Portos. A ideia \u00e9 que, cientes das normativas, eles possam atuar na fiscaliza\u00e7\u00e3o n\u00e1utica nas praias e marinas, entre outros lugares.<\/p>\n<p>Para a chefe do Executivo guarujaense, a parceria possibilitar\u00e1 maior controle nos abusos e efici\u00eancia no cumprimento das regras de navega\u00e7\u00e3o na regi\u00e3o no Canto do Tortuga, na Enseada. O lugar possui intenso movimento de embarca\u00e7\u00f5es de lazer (lanchas e motos aqu\u00e1ticas, por exemplo), tanto no ver\u00e3o, \u00e9pocas de alta de temporada, como aos finais de semana.<\/p>\n<p>\u201cPoderemos ainda controlar a movimenta\u00e7\u00e3o de motos aqu\u00e1ticas nas praia das Ast\u00farias, onde elas t\u00eam se aproximado dos banhistas de forma perigosa\u201d, destacou a prefeita. Ela garantiu que, at\u00e9 o ver\u00e3o, estabelecer\u00e1 o plano de ordenamento costeiro, para delimitar restri\u00e7\u00f5es e embarque e desembarque de embarca\u00e7\u00f5es nas praias.<\/p>\n<p>\u00a0Esta orienta\u00e7\u00e3o \u00e9 importante, uma vez que poder\u00e1 evitar acidentes semelhantes ao que vitimou m\u00e3e e filho, em maio deste ano, na Prainha Branca. Na ocasi\u00e3o, a lancha onde eles estavam virou, durante a aproxima\u00e7\u00e3o da orla para o desembarque de turistas, que superlotavam a embarca\u00e7\u00e3o.<\/p>\n<p>Por isso, al\u00e9m das san\u00e7\u00f5es previstas em lei, o comandante da CPSP lembrou da import\u00e2ncia da conscientiza\u00e7\u00e3o. \u201cAntes de punir, precisamos orientar as pessoas para o que pode ser feito ou n\u00e3o\u201d, destacou, ao afirmar que esse trabalho pr\u00e9vio ser\u00e1 realizado.<\/p>\n<p>Na regi\u00e3o, as prefeituras de Santos, S\u00e3o Vicente, Bertioga e Praia Grande j\u00e1 firmaram essa parceria e qualificaram seus guardas municipais, com a inten\u00e7\u00e3o de aumentar a seguran\u00e7a no tr\u00e1fego de embarca\u00e7\u00f5es em suas praias.<\/p>\n<p>\u201cAp\u00f3s a assinatura dos conv\u00eanios, temos registrado cada vez menos acidentes. O balan\u00e7o \u00e9 muito positivo at\u00e9 agora\u201d, complementou o comandante do 8\u00ba Distrito Naval.<\/p>\n<p>Fonte: Tribuna Online\/Jos\u00e9 Claudio Pimentel<\/p>\n","protected":false},"excerpt":{"rendered":"<p>Guaruj\u00e1 \u00e9 a quinta cidade da Baixada Santista a firmar um acordo de coopera\u00e7\u00e3o com a Marinha do Brasil. A partir de hoje, todo o&#8230;<\/p>\n","protected":false},"author":1182,"featured_media":3251,"comment_status":"closed","ping_status":"closed","sticky":false,"template":"","format":"standard","meta":{"footnotes":""},"categories":[6],"tags":[],"class_list":["post-6655","post","type-post","status-publish","format-standard","has-post-thumbnail","hentry","category-noticias"],"_links":{"self":[{"href":"https:\/\/www.sincomam.org.br\/index.php\/wp-json\/wp\/v2\/posts\/6655","targetHints":{"allow":["GET"]}}],"collection":[{"href":"https:\/\/www.sincomam.org.br\/index.php\/wp-json\/wp\/v2\/posts"}],"about":[{"href":"https:\/\/www.sincomam.org.br\/index.php\/wp-json\/wp\/v2\/types\/post"}],"author":[{"embeddable":true,"href":"https:\/\/www.sincomam.org.br\/index.php\/wp-json\/wp\/v2\/users\/1182"}],"replies":[{"embeddable":true,"href":"https:\/\/www.sincomam.org.br\/index.php\/wp-json\/wp\/v2\/comments?post=6655"}],"version-history":[{"count":1,"href":"https:\/\/www.sincomam.org.br\/index.php\/wp-json\/wp\/v2\/posts\/6655\/revisions"}],"predecessor-version":[{"id":6656,"href":"https:\/\/www.sincomam.org.br\/index.php\/wp-json\/wp\/v2\/posts\/6655\/revisions\/6656"}],"wp:featuredmedia":[{"embeddable":true,"href":"https:\/\/www.sincomam.org.br\/index.php\/wp-json\/wp\/v2\/media\/3251"}],"wp:attachment":[{"href":"https:\/\/www.sincomam.org.br\/index.php\/wp-json\/wp\/v2\/media?parent=6655"}],"wp:term":[{"taxonomy":"category","embeddable":true,"href":"https:\/\/www.sincomam.org.br\/index.php\/wp-json\/wp\/v2\/categories?post=6655"},{"taxonomy":"post_tag","embeddable":true,"href":"https:\/\/www.sincomam.org.br\/index.php\/wp-json\/wp\/v2\/tags?post=6655"}],"curies":[{"name":"wp","href":"https:\/\/api.w.org\/{rel}","templated":true}]}}