{"id":6644,"date":"2014-07-17T08:12:57","date_gmt":"2014-07-17T11:12:57","guid":{"rendered":"http:\/\/www.sincomam.org.br\/?p=6644"},"modified":"2014-07-16T17:34:01","modified_gmt":"2014-07-16T20:34:01","slug":"caso-eisa-sinaval-promete-conversar-para-viabilizar-solucao-de-problemas","status":"publish","type":"post","link":"https:\/\/www.sincomam.org.br\/index.php\/caso-eisa-sinaval-promete-conversar-para-viabilizar-solucao-de-problemas\/","title":{"rendered":"Caso Eisa: Sinaval promete conversar para viabilizar solu\u00e7\u00e3o de problemas"},"content":{"rendered":"<p>O presidente do Sindicato Nacional da Ind\u00fastria da Constru\u00e7\u00e3o e Repara\u00e7\u00e3o Naval e Offshore (Sinaval), Ariovaldo Rocha, afirmou ao Monitor Mercantil que vai conversar com a dire\u00e7\u00e3o do Estaleiro Ilha S.A (Eisa) e seus trabalhadores para tentar viabilizar a solu\u00e7\u00e3o dos problemas que est\u00e3o afetando o estaleiro. O Sinval, segundo ele, at\u00e9 o \u00faltimo dia 14, n\u00e3o sabia dos problemas existentes no estaleiro.<\/p>\n<p>Ainda de acordo com Rocha, a unidade fabril teve um problema de bloqueio de contas que afetou a produ\u00e7\u00e3o e os contratos existentes. E frisou que, com essa iniciativa, ele acredita que n\u00e3o haver\u00e1 as demiss\u00f5es, conforme vem sendo noticiado, cerca de 3 mil empregos diretos e algo em torno de 10 mil indiretos.<\/p>\n<p>&#8211; Estamos trabalhando junto com a dire\u00e7\u00e3o do Eisa, trabalhadores e clientes para solucionar esse problema e acho que teremos sucesso.<\/p>\n<p>A deputada federal Jandira Feghali (PCdoB-RJ), que no dia 14 se reuniu com a dire\u00e7\u00e3o do Sinval reclamou da omiss\u00e3o do Estado.<\/p>\n<p>&#8211; O que vejo de pior nessa situa\u00e7\u00e3o \u00e9 que o governo do Rio n\u00e3o sabia nada sobre essa crise. Como o governo n\u00e3o tem informa\u00e7\u00e3o sobre o principal setor industrial do Estado? S\u00e3o 50 mil trabalhadores que. Esse estaleiro tem uma das maiores carteira de encomendas.<\/p>\n<p>Fonte: Monitor Mercantil\/Marcelo Bernardes<\/p>\n","protected":false},"excerpt":{"rendered":"<p>O presidente do Sindicato Nacional da Ind\u00fastria da Constru\u00e7\u00e3o e Repara\u00e7\u00e3o Naval e Offshore (Sinaval), Ariovaldo Rocha, afirmou ao Monitor Mercantil que vai conversar com&#8230;<\/p>\n","protected":false},"author":1182,"featured_media":0,"comment_status":"closed","ping_status":"closed","sticky":false,"template":"","format":"standard","meta":{"footnotes":""},"categories":[6],"tags":[],"class_list":["post-6644","post","type-post","status-publish","format-standard","hentry","category-noticias"],"_links":{"self":[{"href":"https:\/\/www.sincomam.org.br\/index.php\/wp-json\/wp\/v2\/posts\/6644","targetHints":{"allow":["GET"]}}],"collection":[{"href":"https:\/\/www.sincomam.org.br\/index.php\/wp-json\/wp\/v2\/posts"}],"about":[{"href":"https:\/\/www.sincomam.org.br\/index.php\/wp-json\/wp\/v2\/types\/post"}],"author":[{"embeddable":true,"href":"https:\/\/www.sincomam.org.br\/index.php\/wp-json\/wp\/v2\/users\/1182"}],"replies":[{"embeddable":true,"href":"https:\/\/www.sincomam.org.br\/index.php\/wp-json\/wp\/v2\/comments?post=6644"}],"version-history":[{"count":1,"href":"https:\/\/www.sincomam.org.br\/index.php\/wp-json\/wp\/v2\/posts\/6644\/revisions"}],"predecessor-version":[{"id":6645,"href":"https:\/\/www.sincomam.org.br\/index.php\/wp-json\/wp\/v2\/posts\/6644\/revisions\/6645"}],"wp:attachment":[{"href":"https:\/\/www.sincomam.org.br\/index.php\/wp-json\/wp\/v2\/media?parent=6644"}],"wp:term":[{"taxonomy":"category","embeddable":true,"href":"https:\/\/www.sincomam.org.br\/index.php\/wp-json\/wp\/v2\/categories?post=6644"},{"taxonomy":"post_tag","embeddable":true,"href":"https:\/\/www.sincomam.org.br\/index.php\/wp-json\/wp\/v2\/tags?post=6644"}],"curies":[{"name":"wp","href":"https:\/\/api.w.org\/{rel}","templated":true}]}}