{"id":6627,"date":"2014-07-16T08:07:22","date_gmt":"2014-07-16T11:07:22","guid":{"rendered":"http:\/\/www.sincomam.org.br\/?p=6627"},"modified":"2014-07-15T22:09:07","modified_gmt":"2014-07-16T01:09:07","slug":"reuniao-debate-paralisacao-da-navegacao-na-tiete-parana","status":"publish","type":"post","link":"https:\/\/www.sincomam.org.br\/index.php\/reuniao-debate-paralisacao-da-navegacao-na-tiete-parana\/","title":{"rendered":"Reuni\u00e3o debate paralisa\u00e7\u00e3o da navega\u00e7\u00e3o na Tiet\u00ea-Paran\u00e1"},"content":{"rendered":"<p>Reuni\u00e3o promovida na sede da Ag\u00eancia Nacional de \u00c1guas, em Bras\u00edlia, debateu a situa\u00e7\u00e3o da hidrovia Tiet\u00ea-Paran\u00e1. O empreendimento segue paralisada desde que as usinas de Tr\u00eas Irm\u00e3os e Ilha Solteira passaram a gerar mais energia, reduzindo o n\u00edvel dos seus reservat\u00f3rios, que s\u00e3o interligados pelo Canal Pereira Barreto. Com isso, contabilizam-se dois meses em que o transporte de cargas na Tiet\u00ea-Paran\u00e1 se encontra comprometido.<\/p>\n<p>Presente na reuni\u00e3o, o diretor-geral da Ag\u00eancia Nacional de Transportes Aquavi\u00e1rios (Antaq), M\u00e1rio Povia, cobrou o reestabelecimento do transporte na Hidrovia Tiet\u00ea-Paran\u00e1: \u201cO sistema portu\u00e1rio necessita do transporte fluvial. A paralisa\u00e7\u00e3o n\u00e3o deve continuar, pois prejudica nossa log\u00edstica, nossa multimodalidade.\u201d<\/p>\n<p>Segundo Adalberto Tokarski, tamb\u00e9m membro da diretoria da ag\u00eancia, as consequ\u00eancias da paralisa\u00e7\u00e3o se fazem sentidas no quadro de funcion\u00e1rios das empresas de navega\u00e7\u00e3o que utilizam a hidrovia. Outro efeito lembrado por Tokarski \u00e9 o &#8220;aumento significativo no n\u00famero de caminh\u00f5es que s\u00e3o colocados nas estradas do Pa\u00eds. Uma das consequ\u00eancias disso \u00e9 a possibilidade de congestionamento pr\u00f3ximo aos portos de Santos e Paranagu\u00e1\u201d.<\/p>\n<p>Fonte: Ag\u00eancia Nacional de Transportes Aquavi\u00e1rios<\/p>\n","protected":false},"excerpt":{"rendered":"<p>Reuni\u00e3o promovida na sede da Ag\u00eancia Nacional de \u00c1guas, em Bras\u00edlia, debateu a situa\u00e7\u00e3o da hidrovia Tiet\u00ea-Paran\u00e1. O empreendimento segue paralisada desde que as usinas&#8230;<\/p>\n","protected":false},"author":1182,"featured_media":5570,"comment_status":"closed","ping_status":"closed","sticky":false,"template":"","format":"standard","meta":{"footnotes":""},"categories":[6],"tags":[508,19,1239,109,1406,189],"class_list":["post-6627","post","type-post","status-publish","format-standard","has-post-thumbnail","hentry","category-noticias","tag-hidrovia","tag-maritimo","tag-paralisacao","tag-parana","tag-tiete","tag-transporte"],"_links":{"self":[{"href":"https:\/\/www.sincomam.org.br\/index.php\/wp-json\/wp\/v2\/posts\/6627","targetHints":{"allow":["GET"]}}],"collection":[{"href":"https:\/\/www.sincomam.org.br\/index.php\/wp-json\/wp\/v2\/posts"}],"about":[{"href":"https:\/\/www.sincomam.org.br\/index.php\/wp-json\/wp\/v2\/types\/post"}],"author":[{"embeddable":true,"href":"https:\/\/www.sincomam.org.br\/index.php\/wp-json\/wp\/v2\/users\/1182"}],"replies":[{"embeddable":true,"href":"https:\/\/www.sincomam.org.br\/index.php\/wp-json\/wp\/v2\/comments?post=6627"}],"version-history":[{"count":1,"href":"https:\/\/www.sincomam.org.br\/index.php\/wp-json\/wp\/v2\/posts\/6627\/revisions"}],"predecessor-version":[{"id":6628,"href":"https:\/\/www.sincomam.org.br\/index.php\/wp-json\/wp\/v2\/posts\/6627\/revisions\/6628"}],"wp:featuredmedia":[{"embeddable":true,"href":"https:\/\/www.sincomam.org.br\/index.php\/wp-json\/wp\/v2\/media\/5570"}],"wp:attachment":[{"href":"https:\/\/www.sincomam.org.br\/index.php\/wp-json\/wp\/v2\/media?parent=6627"}],"wp:term":[{"taxonomy":"category","embeddable":true,"href":"https:\/\/www.sincomam.org.br\/index.php\/wp-json\/wp\/v2\/categories?post=6627"},{"taxonomy":"post_tag","embeddable":true,"href":"https:\/\/www.sincomam.org.br\/index.php\/wp-json\/wp\/v2\/tags?post=6627"}],"curies":[{"name":"wp","href":"https:\/\/api.w.org\/{rel}","templated":true}]}}