{"id":6583,"date":"2014-07-14T08:43:44","date_gmt":"2014-07-14T11:43:44","guid":{"rendered":"http:\/\/www.sincomam.org.br\/?p=6583"},"modified":"2014-07-11T14:46:03","modified_gmt":"2014-07-11T17:46:03","slug":"ministro-do-tse-determina-suspensao-imediata-de-propaganda-da-petrobras","status":"publish","type":"post","link":"https:\/\/www.sincomam.org.br\/index.php\/ministro-do-tse-determina-suspensao-imediata-de-propaganda-da-petrobras\/","title":{"rendered":"Ministro do TSE determina suspens\u00e3o imediata de propaganda da Petrobras"},"content":{"rendered":"<p><strong><em>Decis\u00e3o atende pedido da coliga\u00e7\u00e3o de A\u00e9cio; m\u00e9rito ainda ser\u00e1 julgado pelo plen\u00e1rio do tribunal<\/em><\/strong><\/p>\n<p>Liminar concedida na \u00faltima quinta-feira (10\/7) pelo ministro Admar Gonzaga, do Tribunal Superior Eleitoral (TSE), determinou a imediata suspens\u00e3o de propagandas da Petrobras que foram veiculadas na televis\u00e3o nos dias 7 e 8 de julho. A decis\u00e3o atende \u00e0 a\u00e7\u00e3o proposta pela coliga\u00e7\u00e3o de A\u00e9cio Neves, candidato do PSDB \u00e0 Presid\u00eancia. Para o ministro do TSE, a propaganda n\u00e3o teve finalidade de divulgar o produto (gasolina), mas autopromover a empresa. O m\u00e9rito da a\u00e7\u00e3o ainda ser\u00e1 julgado pelo plen\u00e1rio do TSE, mas, at\u00e9 segunda ordem, a empresa n\u00e3o pode reexibir o an\u00fancio.<\/p>\n<p>O ministro Admar Gonzaga destacou que a lei pro\u00edbe a veicula\u00e7\u00e3o de propaganda eleitoral nos tr\u00eas meses que antecedem a elei\u00e7\u00e3o, abrindo exce\u00e7\u00e3o apenas para propaganda de produtos e servi\u00e7os que tenham concorr\u00eancia e em caso de grave e urgente necessidade p\u00fablica, autorizada exclusivamente pela Justi\u00e7a eleitoral.<\/p>\n<p>\u201cNo caso em exame, muito embora a nova publicidade fa\u00e7a refer\u00eancia ao refino de gasolina com menor teor de enxofre, sua exposi\u00e7\u00e3o n\u00e3o \u00e9 dirigida ao consumidor final. Ou seja, trata-se de autopromo\u00e7\u00e3o da empresa e n\u00e3o de publicidade visando concorr\u00eancia de produto no mercado, porquanto sequer \u00e9 nominado\u201d, justificou o ministro em sua decis\u00e3o. Segundo ele, como n\u00e3o est\u00e1 entre as ressalvas previstas na lei eleitoral, tem \u201cconsider\u00e1vel risco de desequil\u00edbrio na disputa eleitoral\u201d.<\/p>\n<p><strong>Representa\u00e7\u00e3o contra Dilma e Temer<\/strong><\/p>\n<p>De acordo com a a\u00e7\u00e3o do candidato tucano, a propaganda da Petrobras foi veiculada nos dias 7 e 8 de julho. Em 32 segundos, ela dizia: \u201cA gente faz tudo para evoluir sempre. Por isso, modernizamos nossas refinarias e hoje estamos fazendo uma gasolina com menos teor de enxofre. Um combust\u00edvel com padr\u00e3o internacional que j\u00e1 est\u00e1 nos postos do Brasil inteiro. Para levar o melhor para quem conta com a gente todos os dias: voc\u00ea\u201d.<\/p>\n<p>A coliga\u00e7\u00e3o que apoia o candidato tucano representou contra a presidente Dilma Rousseff, o candidato a vice, Michel Temer, a presidente da Petrobras, Gra\u00e7a Foster, e o ministro da Secretaria de Comunica\u00e7\u00e3o Social da Presid\u00eancia, Thomas Traumann, acusando-os de conduta vedada pela legisla\u00e7\u00e3o eleitoral. A a\u00e7\u00e3o enfatiza que a propaganda da Petrobras suprimiu o s\u00edmbolo identificador do governo federal. Esta semana, em outra decis\u00e3o, o ministro Tarc\u00edsio Vieira j\u00e1 havia suspendido, liminarmente, outra propaganda da Petrobras veiculada no dia 5 de julho. A a\u00e7\u00e3o do candidato do PSDB pede que os respons\u00e1veis pela propaganda e os beneficiados por ela sejam punidos como prev\u00ea a legisla\u00e7\u00e3o eleitoral.<\/p>\n<p>Fonte: O Globo<\/p>\n","protected":false},"excerpt":{"rendered":"<p>Decis\u00e3o atende pedido da coliga\u00e7\u00e3o de A\u00e9cio; m\u00e9rito ainda ser\u00e1 julgado pelo plen\u00e1rio do tribunal Liminar concedida na \u00faltima quinta-feira (10\/7) pelo ministro Admar Gonzaga,&#8230;<\/p>\n","protected":false},"author":1182,"featured_media":4986,"comment_status":"closed","ping_status":"closed","sticky":false,"template":"","format":"standard","meta":{"footnotes":""},"categories":[6],"tags":[1400,58,1401,1402],"class_list":["post-6583","post","type-post","status-publish","format-standard","has-post-thumbnail","hentry","category-noticias","tag-cancelamento","tag-petrobras","tag-propaganda","tag-televisao"],"_links":{"self":[{"href":"https:\/\/www.sincomam.org.br\/index.php\/wp-json\/wp\/v2\/posts\/6583","targetHints":{"allow":["GET"]}}],"collection":[{"href":"https:\/\/www.sincomam.org.br\/index.php\/wp-json\/wp\/v2\/posts"}],"about":[{"href":"https:\/\/www.sincomam.org.br\/index.php\/wp-json\/wp\/v2\/types\/post"}],"author":[{"embeddable":true,"href":"https:\/\/www.sincomam.org.br\/index.php\/wp-json\/wp\/v2\/users\/1182"}],"replies":[{"embeddable":true,"href":"https:\/\/www.sincomam.org.br\/index.php\/wp-json\/wp\/v2\/comments?post=6583"}],"version-history":[{"count":1,"href":"https:\/\/www.sincomam.org.br\/index.php\/wp-json\/wp\/v2\/posts\/6583\/revisions"}],"predecessor-version":[{"id":6584,"href":"https:\/\/www.sincomam.org.br\/index.php\/wp-json\/wp\/v2\/posts\/6583\/revisions\/6584"}],"wp:featuredmedia":[{"embeddable":true,"href":"https:\/\/www.sincomam.org.br\/index.php\/wp-json\/wp\/v2\/media\/4986"}],"wp:attachment":[{"href":"https:\/\/www.sincomam.org.br\/index.php\/wp-json\/wp\/v2\/media?parent=6583"}],"wp:term":[{"taxonomy":"category","embeddable":true,"href":"https:\/\/www.sincomam.org.br\/index.php\/wp-json\/wp\/v2\/categories?post=6583"},{"taxonomy":"post_tag","embeddable":true,"href":"https:\/\/www.sincomam.org.br\/index.php\/wp-json\/wp\/v2\/tags?post=6583"}],"curies":[{"name":"wp","href":"https:\/\/api.w.org\/{rel}","templated":true}]}}