{"id":6577,"date":"2014-07-14T08:22:50","date_gmt":"2014-07-14T11:22:50","guid":{"rendered":"http:\/\/www.sincomam.org.br\/?p=6577"},"modified":"2014-07-11T14:31:20","modified_gmt":"2014-07-11T17:31:20","slug":"greve-dos-trabalhadores-da-csp-e-suspensa-a-partir-desta-terca-feira","status":"publish","type":"post","link":"https:\/\/www.sincomam.org.br\/index.php\/greve-dos-trabalhadores-da-csp-e-suspensa-a-partir-desta-terca-feira\/","title":{"rendered":"Greve dos trabalhadores da CSP \u00e9 suspensa a partir desta ter\u00e7a-feira"},"content":{"rendered":"<p>Os trabalhadores da obra da Companhia Sider\u00fargica do Pec\u00e9m (CSP) decidiram, em assembleia realizada pela suspens\u00e3o da greve que j\u00e1 durava mais de um m\u00eas. De acordo com o Sindicato dos Trabalhadores nas Ind\u00fastrias da Constru\u00e7\u00e3o de Estradas, Pavimenta\u00e7\u00e3o e Obras de Terraplenagem em Geral do Estado do Cear\u00e1 (Sintepav-CE), as atividades ser\u00e3o retomadas nesta ter\u00e7a-feira (15).<\/p>\n<p>A Posco Engenharia e Constru\u00e7\u00e3o do Brasil, respons\u00e1vel pela obra, informou, por meio de nota, que, com o retorno dos trabalhos, &#8220;negociar\u00e1 com o Sintepav com o intuito de encontrar um acordo a respeito do pagamento dos dias n\u00e3o trabalhados nos meses de junho e julho&#8221;.<\/p>\n<p>A empresa refor\u00e7ou que as subcontratadas realizaram o pagamento dos sal\u00e1rios em propor\u00e7\u00e3o aos dias trabalhados, com base no artigo 7\u00ba da Lei de Greve. O n\u00e3o pagamento dos sal\u00e1rios e cestas b\u00e1sicas foi um dos motivos alegados, pelos funcion\u00e1rios da obra, para a continuidade da paralisa\u00e7\u00e3o, na assembleia realizada no \u00faltimo dia 09.<\/p>\n<p>De acordo com o presidente do Sintepav-CE, Raimundo Nonato Gomes, uma nova assembleia est\u00e1 marcada para o dia 21, e as pend\u00eancias do acordo de trabalho da categoria, como a cria\u00e7\u00e3o de plano de sa\u00fade, ser\u00e3o negociadas com a Posco.<\/p>\n<p>Fonte: Di\u00e1rio do Nordeste (CE)<\/p>\n","protected":false},"excerpt":{"rendered":"<p>Os trabalhadores da obra da Companhia Sider\u00fargica do Pec\u00e9m (CSP) decidiram, em assembleia realizada pela suspens\u00e3o da greve que j\u00e1 durava mais de um m\u00eas&#8230;.<\/p>\n","protected":false},"author":1182,"featured_media":3233,"comment_status":"closed","ping_status":"closed","sticky":false,"template":"","format":"standard","meta":{"footnotes":""},"categories":[6],"tags":[],"class_list":["post-6577","post","type-post","status-publish","format-standard","has-post-thumbnail","hentry","category-noticias"],"_links":{"self":[{"href":"https:\/\/www.sincomam.org.br\/index.php\/wp-json\/wp\/v2\/posts\/6577","targetHints":{"allow":["GET"]}}],"collection":[{"href":"https:\/\/www.sincomam.org.br\/index.php\/wp-json\/wp\/v2\/posts"}],"about":[{"href":"https:\/\/www.sincomam.org.br\/index.php\/wp-json\/wp\/v2\/types\/post"}],"author":[{"embeddable":true,"href":"https:\/\/www.sincomam.org.br\/index.php\/wp-json\/wp\/v2\/users\/1182"}],"replies":[{"embeddable":true,"href":"https:\/\/www.sincomam.org.br\/index.php\/wp-json\/wp\/v2\/comments?post=6577"}],"version-history":[{"count":1,"href":"https:\/\/www.sincomam.org.br\/index.php\/wp-json\/wp\/v2\/posts\/6577\/revisions"}],"predecessor-version":[{"id":6578,"href":"https:\/\/www.sincomam.org.br\/index.php\/wp-json\/wp\/v2\/posts\/6577\/revisions\/6578"}],"wp:featuredmedia":[{"embeddable":true,"href":"https:\/\/www.sincomam.org.br\/index.php\/wp-json\/wp\/v2\/media\/3233"}],"wp:attachment":[{"href":"https:\/\/www.sincomam.org.br\/index.php\/wp-json\/wp\/v2\/media?parent=6577"}],"wp:term":[{"taxonomy":"category","embeddable":true,"href":"https:\/\/www.sincomam.org.br\/index.php\/wp-json\/wp\/v2\/categories?post=6577"},{"taxonomy":"post_tag","embeddable":true,"href":"https:\/\/www.sincomam.org.br\/index.php\/wp-json\/wp\/v2\/tags?post=6577"}],"curies":[{"name":"wp","href":"https:\/\/api.w.org\/{rel}","templated":true}]}}