{"id":6556,"date":"2014-07-11T11:42:29","date_gmt":"2014-07-11T14:42:29","guid":{"rendered":"http:\/\/www.sincomam.org.br\/?p=6556"},"modified":"2014-07-11T11:42:29","modified_gmt":"2014-07-11T14:42:29","slug":"ibama-faz-audiencia-publica-em-guaratuba-sobre-o-pre-sal","status":"publish","type":"post","link":"https:\/\/www.sincomam.org.br\/index.php\/ibama-faz-audiencia-publica-em-guaratuba-sobre-o-pre-sal\/","title":{"rendered":"Ibama faz audi\u00eancia p\u00fablica em Guaratuba sobre o Pr\u00e9-sal"},"content":{"rendered":"<p>O Instituto Brasileiro do Meio Ambiente e dos Recursos Naturais Renov\u00e1veis (Ibama) realizar\u00e1 no dia 19 de julho, em Guaratuba, audi\u00eancia p\u00fablica sobre os impactos do Pr\u00e9-sal no litoral.<\/p>\n<p>A reuni\u00e3o ser\u00e1 no Gin\u00e1sio de Esportes Governador Jos\u00e9 Richa, com in\u00edcio marcado para as 14h. Os interessados em participar poder\u00e3o conseguir transporte gratuito atrav\u00e9s do telefone 0800 77 00 112 (Petrobras).<\/p>\n<p>A audi\u00eancia com a popula\u00e7\u00e3o \u00e9 exig\u00eancia para o licenciamento \u00e0 Petrobras da Atividade de Produ\u00e7\u00e3o e Escoamento de Petr\u00f3leo e G\u00e1s Natural do Polo Pr\u00e9-Sal da Bacia de Santos \u2013 Etapa 2. O estudo e o relat\u00f3rio de impacto ambiental (EIA-Rima) do empreendimento apontam o impacto que ter\u00e1 em munic\u00edpios dos estados do Rio de Janeiro, S\u00e3o Paulo, Paran\u00e1 e Santa Catarina, sobretudo nas regi\u00f5es litor\u00e2neas. Nem todos receber\u00e3o obras, como gasodutos e oleodutos, ou ser\u00e3o bases de alguma atividade diretamente ligada \u00e0 explora\u00e7\u00e3o do Pr\u00e9-sal.<\/p>\n<p>Guaratuba, junto com Canan\u00e9ia (SP), Guaraque\u00e7aba, Paranagu\u00e1, Matinhos, Itapo\u00e1 (SC) e S\u00e3o Francisco do Sul (SC) s\u00e3o inclu\u00eddos no estudo em fun\u00e7\u00e3o de serem \u201cmunic\u00edpios que ter\u00e3o a pesca e aquicultura sujeitos aos impactos decorrentes de potenciais vazamentos de \u00f3leo\u201d. Mas o estudo aponta neste aspecto que os riscos s\u00e3o pouco significativos, com, no m\u00e1ximo, grau 1 numa escala que vai at\u00e9 10.<\/p>\n<p>Fonte: Correio do Litoral\/Gustavo Aquino<\/p>\n","protected":false},"excerpt":{"rendered":"<p>O Instituto Brasileiro do Meio Ambiente e dos Recursos Naturais Renov\u00e1veis (Ibama) realizar\u00e1 no dia 19 de julho, em Guaratuba, audi\u00eancia p\u00fablica sobre os impactos&#8230;<\/p>\n","protected":false},"author":1182,"featured_media":0,"comment_status":"closed","ping_status":"closed","sticky":false,"template":"","format":"standard","meta":{"footnotes":""},"categories":[6],"tags":[],"class_list":["post-6556","post","type-post","status-publish","format-standard","hentry","category-noticias"],"_links":{"self":[{"href":"https:\/\/www.sincomam.org.br\/index.php\/wp-json\/wp\/v2\/posts\/6556","targetHints":{"allow":["GET"]}}],"collection":[{"href":"https:\/\/www.sincomam.org.br\/index.php\/wp-json\/wp\/v2\/posts"}],"about":[{"href":"https:\/\/www.sincomam.org.br\/index.php\/wp-json\/wp\/v2\/types\/post"}],"author":[{"embeddable":true,"href":"https:\/\/www.sincomam.org.br\/index.php\/wp-json\/wp\/v2\/users\/1182"}],"replies":[{"embeddable":true,"href":"https:\/\/www.sincomam.org.br\/index.php\/wp-json\/wp\/v2\/comments?post=6556"}],"version-history":[{"count":1,"href":"https:\/\/www.sincomam.org.br\/index.php\/wp-json\/wp\/v2\/posts\/6556\/revisions"}],"predecessor-version":[{"id":6557,"href":"https:\/\/www.sincomam.org.br\/index.php\/wp-json\/wp\/v2\/posts\/6556\/revisions\/6557"}],"wp:attachment":[{"href":"https:\/\/www.sincomam.org.br\/index.php\/wp-json\/wp\/v2\/media?parent=6556"}],"wp:term":[{"taxonomy":"category","embeddable":true,"href":"https:\/\/www.sincomam.org.br\/index.php\/wp-json\/wp\/v2\/categories?post=6556"},{"taxonomy":"post_tag","embeddable":true,"href":"https:\/\/www.sincomam.org.br\/index.php\/wp-json\/wp\/v2\/tags?post=6556"}],"curies":[{"name":"wp","href":"https:\/\/api.w.org\/{rel}","templated":true}]}}