{"id":6543,"date":"2014-07-10T08:52:54","date_gmt":"2014-07-10T11:52:54","guid":{"rendered":"http:\/\/www.sincomam.org.br\/?p=6543"},"modified":"2014-07-09T12:47:21","modified_gmt":"2014-07-09T15:47:21","slug":"44-concursos-pagam-salarios-de-ate-r-216-mil","status":"publish","type":"post","link":"https:\/\/www.sincomam.org.br\/index.php\/44-concursos-pagam-salarios-de-ate-r-216-mil\/","title":{"rendered":"44 concursos pagam sal\u00e1rios de at\u00e9 R$ 21,6 mil"},"content":{"rendered":"<p><strong><em>Prefeitura de Campinas oferece mais de 400 vagas para m\u00e9dicos. Instituto Federal de Educa\u00e7\u00e3o, Ci\u00eancia e Tecnologia de Bras\u00edlia paga at\u00e9 8,8 mil reais<\/em><\/strong><\/p>\n<p>Para quem quer seguir carreira p\u00fablica, veja os concursos p\u00fablicos com inscri\u00e7\u00f5es abertas. As oportunidades profissionais est\u00e3o espalhadas por todas as regi\u00f5es do pa\u00eds.<\/p>\n<p><strong>Tribunal Regional Federal da 1\u00aa Regi\u00e3o<\/strong><strong><br \/> <\/strong>S\u00e3o 13 oportunidades para os cargos de analista e t\u00e9cnico judici\u00e1rio. Para analista s\u00e3o 11 vagas nas \u00e1reas de biblioteconomia, medicina\/cl\u00ednica geral, odontologia, inform\u00e1tica, engenharia civil. Aprovados ser\u00e3o designados para trabalhar nas se\u00e7\u00f5es de Piau\u00ed, Acre, Amap\u00e1, Bahia e Minas Gerais.\u00a0<\/p>\n<p><strong style=\"font-style: inherit;\">Sal\u00e1rios<\/strong>: variam entre 4.947,95 reais a 8.118,19 reais<br \/> <strong style=\"font-style: inherit;\">Inscri\u00e7\u00f5es<\/strong>: at\u00e9 14 de julho pelo<span>\u00a0<\/span><a href=\"http:\/\/www.concursosfcc.com.br\/\">site da Funda\u00e7\u00e3o Carlos Chagas<\/a>.<\/p>\n<p><strong style=\"font-style: inherit;\">Aeron\u00e1utica<\/strong><br \/> Um total de 84 oportunidades est\u00e3o dispon\u00edveis, entre as quais 80 s\u00e3o para m\u00e9dicos e quatro, para capel\u00e3es.\u00a0As vagas para m\u00e9dicos incluem especialidades como anestesiologia, cancerologia, cirurgia geral, neurologia, oftalmologia, reumatologia e urologia, entre outras. No caso dos capel\u00e3es, procuram-se tr\u00eas sacerdotes cat\u00f3licos apost\u00f3licos romanos e um pastor evang\u00e9lico. Quem for aprovado poder\u00e1 trabalhar em cidades de diversos estados brasileiros, como S\u00e3o Paulo, Rio de Janeiro, Distrito Federal, Rio Grande do Sul, Rio Grande do Norte e Maranh\u00e3o.<\/p>\n<p><strong style=\"font-style: inherit;\">Sal\u00e1rio:<\/strong><span><strong>\u00a0<\/strong><\/span>n\u00e3o informado<br \/> <strong style=\"font-style: inherit;\">Inscri\u00e7\u00f5es:<\/strong><span><strong>\u00a0<\/strong><\/span>at\u00e9 5 de agosto\u00a0pelos sites<span>\u00a0<\/span><a href=\"http:\/\/www.ciaar.com.br\/\">www.ciaar.com.br<\/a><span>\u00a0<\/span>ou<span>\u00a0<\/span><a href=\"http:\/\/www.fab.mil.br\/index.php\">www.fab.mil.br<\/p>\n<p> <\/a><\/p>\n<p><span><strong>Sul e Sudeste<\/strong><\/span><\/p>\n<p><strong style=\"font-style: inherit;\">SP &#8211; Prefeitura de Cananeia\u00a0<\/strong><strong><br \/> <\/strong>S\u00e3o 61 oportunidades, ao todo, para todos os n\u00edveis de escolaridade. Algumas das fun\u00e7\u00f5es que exigem curso superior s\u00e3o para m\u00e9dico, enfermeiro e professor.<\/p>\n<p><strong style=\"font-style: inherit;\">Sal\u00e1rio<\/strong>: at\u00e9 6.917,40 reais<br \/> <strong style=\"font-style: inherit;\">Inscri\u00e7\u00f5es<\/strong>: at\u00e9 10 de julho pelo<span>\u00a0<\/span><a href=\"http:\/\/www.mouramelo.com.br\/\">s<\/a><a href=\"http:\/\/www.mouramelo.com.br\/\">ite da Moura Melo<\/p>\n<p> <\/a><\/p>\n<p><strong style=\"font-style: inherit;\">SP &#8211; Prefeitura de Santana de Parna\u00edba\u00a0<\/strong><strong><br \/> <\/strong>H\u00e1 um total de 230 oportunidades para todos os n\u00edveis de escolaridade, para fun\u00e7\u00f5es como engenheiro, m\u00e9dico, m\u00e9dico plantonista, professor e educador esportivo.<\/p>\n<p><strong style=\"font-style: inherit;\">Sal\u00e1rio:<\/strong><span><strong>\u00a0<\/strong><\/span>at\u00e9 7.292,96 reais<br \/> <strong style=\"font-style: inherit;\">Inscri\u00e7\u00f5es:<\/strong><span>\u00a0<\/span>at\u00e9 23 de julho pelo site do<span>\u00a0<\/span><a href=\"http:\/\/www.institutomais.org.br\/\">Instituto Mais<\/p>\n<p> <\/a><\/p>\n<p><strong style=\"font-style: inherit;\">SP &#8211; Tribunal de Justi\u00e7a de S\u00e3o Paulo<\/strong><br \/> S\u00e3o oferecidas 21 vagas para juiz substituto. O candidato deve ser bacharel em direito h\u00e1 pelo menos tr\u00eas anos e ter tr\u00eas anos de atividade jur\u00eddica comprovada.<\/p>\n<p> <strong style=\"font-style: inherit;\">Sal\u00e1rio:<\/strong><span><strong>\u00a0<\/strong><\/span>21.657,29 reais<br \/> <strong style=\"font-style: inherit;\">Inscri\u00e7\u00f5es:<\/strong><span><strong>\u00a0<\/strong><\/span>at\u00e9 25 de julho pelo site da<a href=\"http:\/\/www.vunesp.com.br\/\"><span>\u00a0<\/span>Vunesp<\/p>\n<p> <\/a><\/p>\n<p><strong style=\"font-style: inherit;\">SP &#8211; Pol\u00edcia Militar de S\u00e3o Paulo<\/strong><br \/> Est\u00e3o abertas 31 oportunidades para atuar no Estado de S\u00e3o Paulo. Do total de vagas, 10 s\u00e3o para o posto\u00a0inicial de 2\u00ba Tenente Veterin\u00e1rio PM Estagi\u00e1rio. As 21 vagas restantes s\u00e3o para o posto inicial de 2\u00ba Tenente Dentista PM Estagi\u00e1rio.<\/p>\n<p><strong style=\"font-style: inherit;\">Sal\u00e1rio:<\/strong><span><strong>\u00a0<\/strong><\/span>at\u00e9\u00a05.897,23 reais<br \/> <strong style=\"font-style: inherit;\">Inscri\u00e7\u00f5es:<\/strong><span><strong>\u00a0<\/strong><\/span>at\u00e9 1 de agosto pelo site da<span>\u00a0<\/span><a href=\"http:\/\/www.vunesp.com.br\/PMES1402\/\">Vunesp<\/p>\n<p> <\/a><\/p>\n<p><strong style=\"font-style: inherit;\">SP &#8211; Prefeitura de Campinas<\/strong><strong><br \/> <\/strong>Com um total de 412 vagas abertas para m\u00e9dicos de diversas especialidades. H\u00e1 vagas para profissionais que atuam nas \u00e1reas de anestesiologia, cardiopediatria, cirurgia geral, cirurgia tor\u00e1cica, cl\u00ednica geral, cl\u00ednica m\u00e9dica, ginecologia e obstetr\u00edcia, hematologia e hemoterapia, homeopatia, medicina de fam\u00edlia e comunidade, medicina do trabalho, medicina intensiva adulto, medicina intensiva pedi\u00e1trica, nefrologia, neurologia, neuropediatria, oncologia cl\u00ednica, pediatria, pneumologia, psiquiatria, radiologia e diagn\u00f3stico por imagem.<\/p>\n<p><strong style=\"font-style: inherit;\">Sal\u00e1rio:\u00a0<\/strong>at\u00e9 10,7 mil<br \/> <strong style=\"font-style: inherit;\">Inscri\u00e7\u00f5es:<\/strong><span><strong>\u00a0<\/strong><\/span>at\u00e9 18 de agosto pelo site da<span>\u00a0<\/span><a href=\"http:\/\/www.caipimes.com.br\/concursos_t.html\">Caipimes<\/p>\n<p> <\/a><\/p>\n<p><strong style=\"font-style: inherit;\">RJ &#8211; Marinha<\/strong><strong><br \/> <\/strong>H\u00e1 79 vagas para o n\u00edvel superior ligadas \u00e0 Diretoria de Ensino da Marinha.<\/p>\n<p><strong style=\"font-style: inherit;\">Sal\u00e1rio:<\/strong>\u00a0n\u00e3o informado<br \/> <strong style=\"font-style: inherit;\">Inscri\u00e7\u00f5es:<\/strong>\u00a0at\u00e9 24 de julho, pelo site da\u00a0<a href=\"https:\/\/www.ensino.mar.mil.br\/sitenovo\/index.html\">Diretoria de Ensino da Marinha<\/p>\n<p> <\/a><\/p>\n<p><strong style=\"font-style: inherit;\">RJ &#8211;<\/strong>\u00a0<strong style=\"font-style: inherit;\">Defensoria P\u00fablica do Rio de Janeiro<\/strong><strong><br \/> <\/strong>S\u00e3o 26 vagas para defensor p\u00fablico. Para participar \u00e9 preciso ser formado em direito e ter 2 anos de pr\u00e1tica profissional na \u00e1rea jur\u00eddica comprovada.<\/p>\n<p><strong style=\"font-style: inherit;\">Sal\u00e1rio<\/strong>: n\u00e3o informado<br \/> <strong style=\"font-style: inherit;\">Inscri\u00e7\u00f5es<\/strong>: at\u00e9 31 de julho na sede da defensoria, localizada na Avenida Marechal C\u00e2mara, 314 \u2013 1\u00ba andar, de segunda a sexta-feira, das 9h \u00e0s 19h, e aos s\u00e1bados, das 9h \u00e0s 13h.<br \/> \u00a0<\/p>\n<p><strong style=\"font-style: inherit;\">MG -Prefeitura de Santa Cruz do Escalvado\u00a0<\/strong><strong><br \/> <\/strong>H\u00e1 40 oportunidades para todos os n\u00edveis, para fun\u00e7\u00f5es como fonoaudi\u00f3logo, fisioterapeuta, m\u00e9dico, dentista e nutricionista.<\/p>\n<p><strong style=\"font-style: inherit;\">Sal\u00e1rio:<\/strong><span><strong>\u00a0<\/strong><\/span>at\u00e9 9.989,66 reais<br \/> <strong style=\"font-style: inherit;\">Inscri\u00e7\u00f5es:<\/strong><span>\u00a0<\/span>at\u00e9 11 de julho no setor de inscri\u00e7\u00f5es, na sede da prefeitura de Santa Cruz do Escalvado, no endere\u00e7o sito na Rua Capit\u00e3o Luiz Sette, 130, Centro. Veja o<span>\u00a0<\/span><a href=\"http:\/\/www.santacruzdoescalvado.mg.gov.br\/editais\/processo-seletivo-0052014\">edital<\/a>.<br \/> \u00a0<\/p>\n<p><strong style=\"font-style: inherit;\">MG &#8211; Prefeitura de Erv\u00e1lia<\/strong><br \/> O concurso oferece 268 vagas para todos os n\u00edveis. As oportunidades s\u00e3o para m\u00e9dicos, terapeutas ocupacionais, psic\u00f3logos, enfermeiros, dentistas, pedagogos, professores de educa\u00e7\u00e3o f\u00edsica e outros profissionais. \u00a0<\/p>\n<p> <strong style=\"font-style: inherit;\">Sal\u00e1rio:\u00a0<\/strong>at\u00e9 10 mil reais\u00a0<br \/> <strong style=\"font-style: inherit;\">Inscri\u00e7\u00f5es:\u00a0<\/strong>at\u00e9 24 de julho pelo site do\u00a0<a href=\"http:\/\/www.idecan.org.br\/getConc.aspx?key=YxLSM3U0imw=\">Idecan<\/a><\/p>\n<p> <strong style=\"font-style: inherit;\">MG &#8211; Prefeitura de Ibirit\u00e9<\/strong><br \/> S\u00e3o 508 vagas para todos os n\u00edveis. H\u00e1 oportunidades para m\u00e9dicos, auxliares de enfermagem e t\u00e9cnicos em laborat\u00f3rio, entre outros.<br \/> <strong><br \/> <strong>Sal\u00e1rio:<\/strong><span>\u00a0<\/span><\/strong>at\u00e9 12.111,58 reais<br \/> <strong style=\"font-style: inherit;\">Inscri\u00e7\u00f5es:<\/strong><span>\u00a0<\/span>at\u00e9 31 de julho na Prefeitura de Ibirit\u00e9, na rua Arthur Campos, 906, bairro Alvorada, das 10:00 \u00e0s 16:00 horas. Veja aqui o<span>\u00a0<\/span><a href=\"http:\/\/www.rumocertoservicos.com.br\/v2\/arquivos\/anexos\/7872b7f8b9ad3dfd13942e0e786cab48.pdf\">edital<\/a>.\u00a0<br \/> \u00a0<\/p>\n<p><strong style=\"font-style: inherit;\">MG &#8211; Prefeitura de Fruta de Leite<\/strong><br \/> H\u00e1 60 oportunidades para todos os n\u00edveis. Procuram-se profissionais com n\u00edvel superior para as \u00e1reas de medicina, odontologia, nutri\u00e7\u00e3o, psicologia, enfermagem e farm\u00e1cia.\u00a0<\/p>\n<p><strong style=\"font-style: inherit;\">Sal\u00e1rio:<\/strong><span><strong>\u00a0<\/strong><\/span>at\u00e9 8 mil reais\u00a0<br \/> <strong style=\"font-style: inherit;\">Inscri\u00e7\u00f5es:<\/strong><span>\u00a0<\/span>at\u00e9 8 de agosto pelo site da<span>\u00a0<\/span><a href=\"http:\/\/www.cotec.unimontes.br\/concursos\/fruta_leite\/informativo.html\">Cotec<\/a><br \/> \u00a0<\/p>\n<p><strong style=\"font-style: inherit;\">PR &#8211; Prefeitura de Nova Laranjeiras\u00a0<\/strong><strong><br \/> <\/strong>S\u00e3o 52 oportunidades para todos os n\u00edveis. H\u00e1 vagas para engenheiro civil, engenheiro agr\u00edcola,contador, farmac\u00eautico, procurador jur\u00eddico, m\u00e9dicos, m\u00e9dico veterin\u00e1rio, professor, psic\u00f3logo, entre outras.<\/p>\n<p><strong style=\"font-style: inherit;\">Sal\u00e1rio<\/strong>: at\u00e9 9.500,40 reais<br \/> <strong style=\"font-style: inherit;\">Inscri\u00e7\u00f5es<\/strong>: at\u00e9 10 de julho pelo<span>\u00a0<\/span><a href=\"http:\/\/www.saber.srv.br\/cadastro\/cadastroIndex.php?id=464&#038;nw=1\">site do Instituto Saber.<\/p>\n<p> <\/a><\/p>\n<p><strong style=\"font-style: inherit;\">PR &#8211; Prefeitura de Contenda<\/strong><br \/> H\u00e1 53 vagas para profissionais de diversas \u00e1reas. Entre os cargos dispon\u00edveis est\u00e3o os de enfermeiro, farmac\u00eautico, al\u00e9m m\u00e9dicos com especialidades em cardiologia, pediatria, ginecologia, obstetr\u00edcia, psiquiatria, entre outros.\u00a0<\/p>\n<p> <strong style=\"font-style: inherit;\">Sal\u00e1rio:\u00a0<\/strong>at\u00e9\u00a06.294,39 reais\u00a0<br \/> <strong style=\"font-style: inherit;\">Inscri\u00e7\u00f5es:\u00a0<\/strong>at\u00e9 10 de julho pelo site da\u00a0<a href=\"http:\/\/www.eplconcursos.com.br\/?sub=concursos&#038;id=138\">EPL<\/a>\u00a0<\/p>\n<p> <strong style=\"font-style: inherit;\">PR &#8211; Prefeitura de Pinhais<\/strong><br \/> O concurso \u00e9 para 116 vagas para todos os n\u00edveis. H\u00e1 oportunidades para cargos de m\u00e9dico, psic\u00f3logo e enfermeiro, por exemplo.<\/p>\n<p><strong style=\"font-style: inherit;\">Sal\u00e1rio:<\/strong>\u00a0at\u00e9 10.734 reais<br \/> <strong style=\"font-style: inherit;\">Inscri\u00e7\u00f5es:\u00a0<\/strong>at\u00e9 10 de julho pelo site da\u00a0<a href=\"http:\/\/www.fafipa.org\/site\/\">Funda\u00e7\u00e3o de Apoio \u00e0 Fapipa<\/a>.<br \/> \u00a0<\/p>\n<p><strong style=\"font-style: inherit;\">PR &#8211; Prefeitura de Toledo<\/strong><br \/> O concurso oferece 131 vagas para todos os n\u00edveis. H\u00e1 oportunidades para fun\u00e7\u00f5es como dentista e m\u00e9dico com especialidade em radiologia, obstetr\u00edcia, ginecologia, pediatria, entre outras.<\/p>\n<p><strong style=\"font-style: inherit;\">Sal\u00e1rio:<\/strong><span>\u00a0<\/span>14 mil reais<br \/> <strong style=\"font-style: inherit;\">Inscri\u00e7\u00f5es:<\/strong><span><strong>\u00a0<\/strong><\/span>at\u00e9 10 de julho pelo site da<span>\u00a0<\/span><a href=\"http:\/\/www.toledo.pr.gov.br\/portal\/recursos-humanos\/concursos-e-testes-seletivos\">prefeitura.<\/p>\n<p> <\/a><\/p>\n<p><strong style=\"font-style: inherit;\">PR &#8211; Cons\u00f3rcio Intermunicipal de Sa\u00fade do Oeste do Paran\u00e1<\/strong><br \/> S\u00e3o 94 vagas, para todos os n\u00edveis, para trabalhar em Cascavel (PR). Procuram-se m\u00e9dicos da \u00e1rea cl\u00ednica e de psiquiatria, al\u00e9m de farmac\u00eauticos, nutricionistas, psic\u00f3logos e pedagogos.<\/p>\n<p> <strong style=\"font-style: inherit;\">Sal\u00e1rio:<\/strong><span>\u00a0<\/span>at\u00e9 8 mil reais<br \/> <strong style=\"font-style: inherit;\">Inscri\u00e7\u00f5es:<\/strong><span>\u00a0<\/span>at\u00e9 30 de julho pelo<span>\u00a0<\/span><a href=\"http:\/\/www.saber.srv.br\/\">site do Instituto Saber.<\/p>\n<p> <\/a><\/p>\n<p><strong style=\"font-style: inherit;\">SC &#8211; Prefeitura de Joinville\u00a0<\/strong><strong><br \/> <\/strong>S\u00e3o 1.522 oportunidades para todos os n\u00edveis de escolaridade. As vagas s\u00e3o para trabalhar na \u00e1rea de administra\u00e7\u00e3o, sa\u00fade, magist\u00e9rio, cultura, obras e fiscaliza\u00e7\u00e3o. H\u00e1 oportunidades para auditor, engenheiros em diversas \u00e1reas, arque\u00f3logos, arquivistas, procurador, jornalista, historiador, ge\u00f3logo, m\u00e9dicos em diversas especialidades, odont\u00f3logo, administrador, entre outras.<\/p>\n<p><strong style=\"font-style: inherit;\">Sal\u00e1rio<\/strong>: at\u00e9 8.613 reais<br \/> <strong style=\"font-style: inherit;\">Inscri\u00e7\u00f5es<\/strong>: at\u00e9 11 de julho pelo<span>\u00a0<\/span><a href=\"http:\/\/www.sociesc.org.br\/pt\/concursos-publicos\/conteudo.php?&#038;lng=2&#038;id=15433&#038;mnu=14833&#038;top=0&#038;crs=2464\">site da UniSociesc.\u00a0<\/p>\n<p> <\/a><\/p>\n<p><strong style=\"font-style: inherit;\">SC &#8211; Prefeitura de Trombudo Central<\/strong><span><strong>\u00a0<\/strong><\/span><br \/> S\u00e3o 33 oportunidades para todos os n\u00edveis. As fun\u00e7\u00f5es que exigem n\u00edvel superior s\u00e3o para advogado, analista de compras e licita\u00e7\u00e3o, contador, engenheiro civil, farmac\u00eautico, fisioterapeuta, fonoaudi\u00f3logo, medico clinico geral, m\u00e9dico especialista em cardiologia, m\u00e9dico especialista em ginecologia, m\u00e9dico especialista em pediatria, medico psf, m\u00e9dico veterin\u00e1rio, odont\u00f3logo do psf, programador, t\u00e9cnico esportivo e turism\u00f3logo.<\/p>\n<p><strong style=\"font-style: inherit;\">Sal\u00e1rio<\/strong>: at\u00e9 12.081,46 reais<br \/> <strong style=\"font-style: inherit;\">Inscri\u00e7\u00f5es<\/strong>: at\u00e9 16 de julho pelo site do<span>\u00a0<\/span><a href=\"http:\/\/www.iobv.com.br\/novosite\/site.php?do=2&#038;concurso=286\">Instituto O Barriga Verde\u00a0<\/p>\n<p> <\/a><\/p>\n<p><strong style=\"font-style: inherit;\">SC &#8211; Prefeitura de Salete\u00a0<\/strong><strong><br \/> <\/strong>S\u00e3o 30 vagas para os n\u00edveis superior e fundamental. H\u00e1 oportunidades para m\u00e9dicos e cirurgi\u00f5es dentistas.<\/p>\n<p><strong style=\"font-style: inherit;\">Sal\u00e1rio:<\/strong><span><strong>\u00a0<\/strong><\/span>at\u00e9 12.700 reais<br \/> <strong style=\"font-style: inherit;\">Inscri\u00e7\u00f5es:<\/strong><span><strong>\u00a0<\/strong><\/span>at\u00e9 16 de julho pelo site da<span>\u00a0<\/span><a href=\"http:\/\/www.iobv.com.br\/novosite\/site.php?do=200&#038;cidade=Salete&#038;estado=SC\">IOBV<\/a>.<br \/> \u00a0<\/p>\n<p><strong style=\"font-style: inherit;\">SC &#8211; Prefeitura de Vitor Meireles<\/strong><span><strong>\u00a0<\/strong><\/span><br \/> S\u00e3o 16 oportunidades, ao todo. As fun\u00e7\u00f5es dispon\u00edveis, segundo o edital, s\u00e3o para agente administrativo e operacional, assistente social, auxiliar de manuten\u00e7\u00e3o e conserva\u00e7\u00e3o, auxiliar de servi\u00e7os gerais, engenheiro agr\u00f4nomo, engenheiro civil, farmac\u00eautico, fiscal de tributos, m\u00e9dico da esf, motorista, operador de m\u00e1quinas, professor n\u00edvel ii, servente\/ merendeira, t\u00e9cnico em enfermagem, telefonista.<\/p>\n<p><strong style=\"font-style: inherit;\">Sal\u00e1rio<\/strong>: at\u00e9 9.500 reais<br \/> <strong style=\"font-style: inherit;\">Inscri\u00e7\u00f5es<\/strong>: at\u00e9 23 de julho na sede da Prefeitura Municipal que fica na Rua Santa Catarina, 2266 \u2013 Centro, pessoalmente ou por meio de procura\u00e7\u00e3o<br \/> \u00a0<\/p>\n<p><strong style=\"font-style: inherit;\">SC &#8211; Prefeitura de Ant\u00f4nio Carlos<\/strong><span><strong>\u00a0<\/strong><\/span><br \/> H\u00e1 91 vagas para todos os n\u00edveis de escolaridade. As fun\u00e7\u00f5es que exigem n\u00edvel superior s\u00e3o para enfermeiro, engenheiro agr\u00f4nomo, farmac\u00eautico, fonoaudi\u00f3logo, m\u00e9dico, m\u00e9dico ginecologista, pediatra, psiquiatra, nutricionista, odont\u00f3logo, professor licenciatura plena (pedagogia), professor licenciatura plena (educa\u00e7\u00e3o f\u00edsica), professor licenciatura plena (artes), psic\u00f3logo e t\u00e9cnico em educa\u00e7\u00e3o.<\/p>\n<p><strong style=\"font-style: inherit;\">Sal\u00e1rio<\/strong>: 5.911,37 reais<br \/> <strong style=\"font-style: inherit;\">Inscri\u00e7\u00f5es<\/strong>: at\u00e9 31 de julho pelo<span>\u00a0<\/span><a href=\"http:\/\/www.iobv.com.br\/novosite\/site.php?do=1200&#038;concurso=287\">site do Instituto O Barriga Verde<\/p>\n<p> <\/a><\/p>\n<p><strong style=\"font-style: inherit;\">SC &#8211; Prefeitura de S\u00e3o Miguel da Boa Vista\u00a0<\/strong><strong><br \/> <\/strong>S\u00e3o 15 oportunidades para as \u00e1reas de engenharia civil, arquitetura, psicologia, medicina, farm\u00e1cia e enfermagem, entre outras.<\/p>\n<p> <strong style=\"font-style: inherit;\">Sal\u00e1rio:\u00a0<\/strong>at\u00e9 7.324,21 reais<br \/> <strong style=\"font-style: inherit;\">Inscri\u00e7\u00f5es:<\/strong><span>\u00a0<\/span>at\u00e9 4 de agosto pelo<span>\u00a0<\/span><a href=\"http:\/\/www.alternativeconcursos.com.br\/concursos\/em-andamento\">site da Alternative Concursos<\/p>\n<p> <\/a><\/p>\n<p><strong style=\"font-style: inherit;\">RS &#8211; Prefeitura de Santo Ant\u00f4nio da Patrulha<\/strong><br \/> O concurso oferece 34 vagas para todos os n\u00edveis. Procuram-se m\u00e9dico cl\u00ednico geral e instrutores de m\u00fasica e esportes.<strong><\/p>\n<p> <strong>Sal\u00e1rio:<\/strong><\/strong><span>\u00a0<\/span>at\u00e9<strong style=\"font-style: inherit;\">\u00a0<\/strong>5.555,09 reais<strong><br \/> <strong>Inscri\u00e7\u00f5es:<\/strong><\/strong><span>\u00a0<\/span>at\u00e9 11 de julho pelo<span>\u00a0<\/span><a href=\"http:\/\/www.santoantoniodapatrulha.rs.gov.br\/pmsap\/concursos\/processo-seletivo-simplificado\">site da prefeitura<\/a><\/p>\n<p> <strong style=\"font-style: inherit;\">RS &#8211; Prefeitura de Tucunduva<\/strong><br \/> H\u00e1 47 oportunidades, al\u00e9m de cadastro, para cargos como cirurgi\u00e3o dentista, engenheiro civil, m\u00e9dico e instrutor de m\u00fasica.<\/p>\n<p><strong style=\"font-style: inherit;\">Sal\u00e1rio:<\/strong><span>\u00a0<\/span>8.439,56 reais<br \/> <strong style=\"font-style: inherit;\">Inscri\u00e7\u00f5es:<\/strong><span><strong>\u00a0<\/strong><\/span>at\u00e9 13 de julho pelo site da<span>\u00a0<\/span><a href=\"http:\/\/www.objetivas.com.br\/site\/concurso\/1216\/tucunduva-2014-prefeitura-municipal-concurso-publico\/\">Objetivas<\/p>\n<p> <\/a><\/p>\n<p><strong style=\"font-style: inherit;\">RS &#8211; Prefeitura de Ronda Alta\u00a0<\/strong><strong><br \/> <\/strong>S\u00e3o 43 oportunidades imediatas e forma\u00e7\u00e3o de cadastro de reserva em cargos de todos os n\u00edveis de escolaridade. H\u00e1 vagas para enfermeiro, m\u00e9dicos, nutricionistas, bioqu\u00edmicos, entre outras.<\/p>\n<p><strong style=\"font-style: inherit;\">Sal\u00e1rio:<\/strong><span>\u00a0<\/span>at\u00e9 9.257,62 reais<br \/> <strong style=\"font-style: inherit;\">Inscri\u00e7\u00f5es<\/strong>: at\u00e9 15 de julho de julho pelo<span>\u00a0<\/span><a href=\"http:\/\/asscon.mhinformatica.inf.br\/publicacoes.php?cod_concurso=VkRCRk9WQlJQVDA9\">site da Asscon<\/p>\n<p> <\/a><\/p>\n<p><strong style=\"font-style: inherit;\">RS &#8211; Brigada Militar do Rio Grande do Sul<\/strong><strong><br \/> <\/strong>S\u00e3o 20 vagas para o Curso B\u00e1sico de Oficiais de Sa\u00fade, para os cargos de m\u00e9dico (diversas especialidades), dentista, veterin\u00e1rio, farmac\u00eautico e enfermeiro.<\/p>\n<p><strong style=\"font-style: inherit;\">Sal\u00e1rio:<\/strong>\u00a0 at\u00e9 7.502,21 reais<br \/> <strong style=\"font-style: inherit;\">Inscri\u00e7\u00f5es:<\/strong>\u00a0at\u00e9 16 de julho pelo site da<span>\u00a0<\/span><a href=\"http:\/\/www.objetivas.com.br\/site\/concurso\/1218\/brigada-militar-do-rio-grande-do-sul\/\">Objetivas<\/a>.\u00a0<\/p>\n<p> <strong style=\"font-style: inherit;\">RS &#8211; Prefeitura de Ibirub\u00e1<\/strong><br \/> O concurso oferece 20 vagas para todos os n\u00edveis. Para quem tem ensino superior, h\u00e1 oportunidades para m\u00e9dico geral comunit\u00e1rio.\u00a0<\/p>\n<p> <strong style=\"font-style: inherit;\">Sal\u00e1rio:<\/strong>\u00a0at\u00e9 6.809,45<br \/> <strong style=\"font-style: inherit;\">Inscri\u00e7\u00f5es:<\/strong><span><strong>\u00a0<\/strong><\/span>at\u00e9 31 de julho pelo site da<span>\u00a0<\/span><a href=\"http:\/\/www.unars.com.br\/concursos\/concurso.php?id=112\">UNA<\/p>\n<p> <\/a><\/p>\n<h2><span>Centro-Oeste<\/span><\/h2>\n<p><strong style=\"font-style: inherit;\">MT &#8211; Prefeitura de Nova Santa Helena<\/strong><strong><br \/> <\/strong>Ao todo s\u00e3o 26 oportunidades para todos os n\u00edveis.<\/p>\n<p><strong style=\"font-style: inherit;\">Sal\u00e1rio:<\/strong>\u00a0at\u00e9 12.750 reais<br \/> <strong style=\"font-style: inherit;\">Inscri\u00e7\u00f5es:\u00a0<\/strong>at\u00e9 13 de julho pelo site da\u00a0<a href=\"http:\/\/www.novasantahelena.mt.gov.br\/\">Prefeitura de Nova Santa Helena<\/a>.<\/p>\n<p> <strong style=\"font-style: inherit;\">DF &#8211;\u00a0Instituto Federal de Educa\u00e7\u00e3o, Ci\u00eancia e Tecnologia de Bras\u00edlia<\/strong><br \/> O concurso oferece 170 vagas para todos os n\u00edveis. Para quem tem diploma superior, as oportunidades s\u00e3o para engenheiro eletricista, engenheiro civil, arquiteto, contador e rela\u00e7\u00f5es p\u00fablicas. O local de trabalho de quem for aprovado \u00e9 Bras\u00edlia.<\/p>\n<p> <strong style=\"font-style: inherit;\">Sal\u00e1rio:\u00a0<\/strong>at\u00e9 8.844,64 reais<br \/> <strong style=\"font-style: inherit;\">Inscri\u00e7\u00f5es:\u00a0<\/strong>at\u00e9 15 de julho pelo site do\u00a0<a href=\"http:\/\/www.cetroconcursos.org.br\/site\/\">Cetro<\/p>\n<p> <\/a><\/p>\n<p><strong style=\"font-style: inherit;\">DF &#8211; Governo do Distrito Federal<\/strong><br \/> S\u00e3o 8 concursos diferentes da Secretaria de Sa\u00fade do Distrito Federal. H\u00e1 vagas para m\u00e9dicos, enfermeiros, farmac\u00eauticos, biom\u00e9dicos, dentistas, entre outras.<\/p>\n<p><strong style=\"font-style: inherit;\">Sal\u00e1rio<\/strong>: 10.814,50 reais<br \/> <strong style=\"font-style: inherit;\">Inscri\u00e7\u00f5es<\/strong>: o prazo de inscri\u00e7\u00e3o varia de acordo com o concurso. H\u00e1 datas de encerramento entre os dias 8 de julho e 28 de agosto. Veja os prazos pelo<span>\u00a0<\/span><a href=\"http:\/\/www.iades.com.br\/inscricao\/\">site do Iades<\/a>, onde est\u00e3o sendo feitas as inscri\u00e7\u00f5es.\u00a0<br \/> \u00a0<\/p>\n<p><strong style=\"font-style: inherit;\">MS- Defensoria P\u00fablica do Mato Grosso do Sul<\/strong><\/p>\n<p>S\u00e3o 35 oportunidades para defensor p\u00fablico substituto. S\u00e3o 7 vagas imediatas e 28 que ser\u00e3o preenchidas dentro do prazo de validade do concurso. No ato da posse, ser\u00e1 preciso comprovar tr\u00eas anos de atividade jur\u00eddica, ap\u00f3s a obten\u00e7\u00e3o do grau superior em Direito.<br \/> \u00a0<\/p>\n<p><strong style=\"font-style: inherit;\">Sal\u00e1rio<\/strong>: 15.958,13 reais<br \/> <strong style=\"font-style: inherit;\">Inscri\u00e7\u00f5es<\/strong>: at\u00e9 22 de julho pelo site da<span>\u00a0<\/span><a href=\"http:\/\/www.vunesp.com.br\/\">Vunesp.<br \/> <\/a><a href=\"http:\/\/www.cartorio.tjpa.ieses.org\/inscricoes\/inscricoes.htm\"><br \/> <\/a><\/p>\n<h2><strong style=\"font-style: inherit;\">Norte e Nordeste<\/strong><\/h2>\n<p><strong style=\"font-style: inherit;\">BA &#8211; Prefeitura de Cocos<\/strong><strong><br \/> <\/strong>S\u00e3o 153 vagas para todos os n\u00edveis. H\u00e1 oportunidades para m\u00e9dicos, farmac\u00eauticos, psic\u00f3logos, fisioterapeutas, entre outros.\u00a0<\/p>\n<p><strong style=\"font-style: inherit;\">Sal\u00e1rio:<\/strong><span><strong>\u00a0<\/strong><\/span>at\u00e9 8.823 reais<br \/> <strong style=\"font-style: inherit;\">Inscri\u00e7\u00f5es:<\/strong><span>\u00a0<\/span>at\u00e9 13 de julho pelo site da<span>\u00a0<\/span><a href=\"http:\/\/www.maximaauditores.com.br\/v2\/site\/?p=concurso_detalhes&#038;tipo=1&#038;id=72\">M\u00e1xima<\/a>.<br \/> <strong><br \/> <strong>BA &#8211; Ex\u00e9rcito<\/strong><\/strong><\/p>\n<p>H\u00e1 um total de 65 vagas para candidatos com n\u00edvel superior, para o Curso de Forma\u00e7\u00e3o de Oficiais do Quadro Complementar em 2015. Os cursos aceitos s\u00e3o administra\u00e7\u00e3o, biblioteconomia, ci\u00eancias cont\u00e1beis, comunica\u00e7\u00e3o social, direito, entre outros.<\/p>\n<p><strong style=\"font-style: inherit;\">Sal\u00e1rio:<\/strong><span>\u00a0<\/span>n\u00e3o informado<br \/> <strong style=\"font-style: inherit;\">Inscri\u00e7\u00f5es:<\/strong><span><strong>\u00a0<\/strong><\/span>at\u00e9 8 de agosto pelo site da<span>\u00a0<\/span><a href=\"http:\/\/www.esfcex.ensino.eb.br\/esfcexcms\/index.php?option=com_content&#038;view=article&#038;id=755:ultimas-noticias-do-concurso-de-admissao-2013-ao-cfoqcfarm-e-odonto-e-eiaqcm&#038;catid=56:ultimas-noticias-concursos-cfo&#038;Itemid=261\">ESFCEX<\/a>.<br \/> \u00a0<\/p>\n<p><strong style=\"font-style: inherit;\">PE &#8211; Prefeitura de Buenos Aires\u00a0<\/strong><strong><br \/> <\/strong>S\u00e3o 118 oportunidades para todos os n\u00edveis. H\u00e1 vagas para m\u00e9dicos, enfermeiros, psic\u00f3logos e professores.<\/p>\n<p><strong style=\"font-style: inherit;\">Sal\u00e1rio<\/strong>: at\u00e9 6.400 reais<span>\u00a0<\/span><br \/> <strong style=\"font-style: inherit;\">Inscri\u00e7\u00f5es<\/strong>: At\u00e9 30 de julho pelo<span>\u00a0<\/span><a href=\"http:\/\/www.idhtec.org.br\/\">site do IDHTEC<\/a>.<br \/> \u00a0<\/p>\n<p><strong style=\"font-style: inherit;\">PB &#8211; Prefeitura de Santa Cruz<\/strong><span><strong>\u00a0<\/strong><\/span><br \/> S\u00e3o 17 oportunidades de n\u00edvel fundamental, m\u00e9dio e superior. H\u00e1 oportunidades para m\u00e9dicos, psic\u00f3logos, assistentes sociais, fisioterapeuta, entre outras vagas.<\/p>\n<p><strong style=\"font-style: inherit;\">Sal\u00e1rio<\/strong>: at\u00e9 5 mil reais<br \/> <strong style=\"font-style: inherit;\">Inscri\u00e7\u00f5es<\/strong>: at\u00e9 12 de julho pelo<span>\u00a0<\/span><a href=\"http:\/\/www.funvapi.com.br\/\">site da Funvapi<\/p>\n<p> <\/a><\/p>\n<p><strong style=\"font-style: inherit;\">PB &#8211; Defensoria P\u00fablica da Para\u00edba<\/strong><br \/> S\u00e3o 20 oportunidades para defensor p\u00fablico. Para participar \u00e9 preciso ter bacharel em Direito, ser inscrito na OAB e comprovar tr\u00eas anos de atividade jur\u00eddica ap\u00f3s a obten\u00e7\u00e3o do Diploma.<\/p>\n<p><strong style=\"font-style: inherit;\">Sal\u00e1rio<\/strong>: 7.109,51 reais<br \/> <strong style=\"font-style: inherit;\">Inscri\u00e7\u00f5es<\/strong>: at\u00e9 29 de julho pelo<span>\u00a0<\/span><a href=\"https:\/\/www.concursosfcc.com.br\/concursos\/jsp\/inscricao\/dpepb114\/index.html\">site da Funda\u00e7\u00e3o Carlos Chagas (FCC)<\/p>\n<p> <\/a><\/p>\n<p><strong style=\"font-style: inherit;\">MA &#8211; Prefeitura de Vila Nova dos Mart\u00edrios<\/strong><strong><br \/> <\/strong>S\u00e3o 73 vagas para todos os n\u00edveis.<\/p>\n<p> <strong style=\"font-style: inherit;\">Sal\u00e1rio:<\/strong>\u00a0at\u00e9 10 mil reais<br \/> <strong style=\"font-style: inherit;\">Inscri\u00e7\u00f5es:<\/strong>\u00a0at\u00e9 17 de julho pelo site do\u00a0<a href=\"http:\/\/www.institutomachadodeassis.com.br\/concurso-arquivos.php?id=146\">Instituto Machado de Assis<\/p>\n<p> <\/a><\/p>\n<p><strong style=\"font-style: inherit;\">MA &#8211; Prefeitura de S\u00e3o Francisco do Maranh\u00e3o<\/strong><strong><br \/> <\/strong>Entre outras fun\u00e7\u00f5es, s\u00e3o procurados assistentes sociais, m\u00e9dicos, farmac\u00eauticos, nutricionistas e professores de diversas \u00e1reas, como hist\u00f3ria, matem\u00e1tica, portugu\u00eas e geografia. S\u00e3o 97 vagas ao todo, para todos os n\u00edveis.\u00a0<\/p>\n<p>Sal\u00e1rio: at\u00e9 6 mil reais<br \/> Inscri\u00e7\u00f5es: at\u00e9 4 de agosto pelo site do<span>\u00a0<\/span><a href=\"http:\/\/www.institutomachadodeassis.com.br\/concurso-arquivos.php?id=147\">Instituto Machado de Assis<\/p>\n<p> <\/a><\/p>\n<p><strong style=\"font-style: inherit;\">AM &#8211; Universidade do Estado do Amazonas (UEA)<\/strong><strong><br \/> <\/strong>S\u00e3o dois editais para vagas de professores especialistas e mestres) e para fun\u00e7\u00f5es administrativas. Ao todo s\u00e3o 48 oportunidades.<\/p>\n<p><strong style=\"font-style: inherit;\">Sal\u00e1rio<\/strong>: 5.940 reais<br \/> <strong style=\"font-style: inherit;\">Inscri\u00e7\u00f5es:<\/strong><span>\u00a0<\/span>at\u00e9 1\u00ba de agosto pelo<span>\u00a0<\/span><a href=\"http:\/\/www.uea.edu.br\/\">site da universidade<\/a>.<br \/> <a href=\"http:\/\/www.cartorio.tjam.ieses.org\/\"><br \/> <\/a><\/p>\n<p><strong style=\"font-style: inherit;\">PA &#8211; Tribunal de Justi\u00e7a do Par\u00e1<\/strong><\/p>\n<p>Est\u00e3o abertas 284 vagas para n\u00edvel superior em direito.\u00a0<\/p>\n<p>&nbsp;<\/p>\n<p><strong style=\"font-style: inherit;\">Sal\u00e1rio:\u00a0<\/strong>varia segundo servi\u00e7os prestados<\/p>\n<p><strong style=\"font-style: inherit;\">Inscri\u00e7\u00f5es:\u00a0<\/strong>at\u00e9 11 de julho pelo site do\u00a0<a href=\"http:\/\/www.cartorio.tjpa.ieses.org\/inscricoes\/inscricoes.htm\">Tribunal de Justi\u00e7a do Par\u00e1.<\/p>\n<p> <\/a><\/p>\n<p>&nbsp;<\/p>\n<p><strong style=\"font-style: inherit;\">PA &#8211; Minist\u00e9rio P\u00fablico do Par\u00e1<\/strong><br \/> As oportunidades s\u00e3o para promotor de justi\u00e7a e promotor de justi\u00e7a substituto. S\u00e3o 50 vagas ao todo.<\/p>\n<p>&nbsp;<\/p>\n<p><strong style=\"font-style: inherit;\">Sal\u00e1rio<\/strong>: 20.705,07 reais<\/p>\n<p><strong style=\"font-style: inherit;\">Inscri\u00e7\u00f5es<\/strong>: at\u00e9 15 de julho pelo<span>\u00a0<\/span><a href=\"http:\/\/www.concursosfcc.com.br\/\">site da Funda\u00e7\u00e3o Carlos Chagas (FCC)<br \/> <\/a><\/p>\n<p> <strong style=\"font-style: inherit;\">TO &#8211; Prefeitura de Dian\u00f3polis<\/strong><\/p>\n<p>O concurso convoca candidatos para ocuparem 71 posi\u00e7\u00f5es, inclusive para cadastro reserva. Entre os profissionais procurados est\u00e3o fisioterapeutas, enfermeiros, dentistas, m\u00e9dicos, psic\u00f3logos, entre outros.\u00a0<\/p>\n<p> <strong style=\"font-style: inherit;\">Sal\u00e1rio:<\/strong><span>\u00a0<\/span>at\u00e9 12 mil reais<br \/> <strong style=\"font-style: inherit;\">Inscri\u00e7\u00f5es:<\/strong><span>\u00a0<\/span>at\u00e9 30 de julho pelo site do<span>\u00a0<\/span><a href=\"http:\/\/www.icap-to.com.br\/index.php\/concursos\/concursos-em-andamento\">ICAP<\/a><\/p>\n","protected":false},"excerpt":{"rendered":"<p>Prefeitura de Campinas oferece mais de 400 vagas para m\u00e9dicos. Instituto Federal de Educa\u00e7\u00e3o, Ci\u00eancia e Tecnologia de Bras\u00edlia paga at\u00e9 8,8 mil reais Para&#8230;<\/p>\n","protected":false},"author":1182,"featured_media":3204,"comment_status":"closed","ping_status":"closed","sticky":false,"template":"","format":"standard","meta":{"footnotes":""},"categories":[6],"tags":[],"class_list":["post-6543","post","type-post","status-publish","format-standard","has-post-thumbnail","hentry","category-noticias"],"_links":{"self":[{"href":"https:\/\/www.sincomam.org.br\/index.php\/wp-json\/wp\/v2\/posts\/6543","targetHints":{"allow":["GET"]}}],"collection":[{"href":"https:\/\/www.sincomam.org.br\/index.php\/wp-json\/wp\/v2\/posts"}],"about":[{"href":"https:\/\/www.sincomam.org.br\/index.php\/wp-json\/wp\/v2\/types\/post"}],"author":[{"embeddable":true,"href":"https:\/\/www.sincomam.org.br\/index.php\/wp-json\/wp\/v2\/users\/1182"}],"replies":[{"embeddable":true,"href":"https:\/\/www.sincomam.org.br\/index.php\/wp-json\/wp\/v2\/comments?post=6543"}],"version-history":[{"count":1,"href":"https:\/\/www.sincomam.org.br\/index.php\/wp-json\/wp\/v2\/posts\/6543\/revisions"}],"predecessor-version":[{"id":6544,"href":"https:\/\/www.sincomam.org.br\/index.php\/wp-json\/wp\/v2\/posts\/6543\/revisions\/6544"}],"wp:featuredmedia":[{"embeddable":true,"href":"https:\/\/www.sincomam.org.br\/index.php\/wp-json\/wp\/v2\/media\/3204"}],"wp:attachment":[{"href":"https:\/\/www.sincomam.org.br\/index.php\/wp-json\/wp\/v2\/media?parent=6543"}],"wp:term":[{"taxonomy":"category","embeddable":true,"href":"https:\/\/www.sincomam.org.br\/index.php\/wp-json\/wp\/v2\/categories?post=6543"},{"taxonomy":"post_tag","embeddable":true,"href":"https:\/\/www.sincomam.org.br\/index.php\/wp-json\/wp\/v2\/tags?post=6543"}],"curies":[{"name":"wp","href":"https:\/\/api.w.org\/{rel}","templated":true}]}}