{"id":6530,"date":"2014-07-10T08:21:03","date_gmt":"2014-07-10T11:21:03","guid":{"rendered":"http:\/\/www.sincomam.org.br\/?p=6530"},"modified":"2014-07-09T11:23:17","modified_gmt":"2014-07-09T14:23:17","slug":"total-mantera-estrategia-de-perfuracao-ate-o-fim-de-2014","status":"publish","type":"post","link":"https:\/\/www.sincomam.org.br\/index.php\/total-mantera-estrategia-de-perfuracao-ate-o-fim-de-2014\/","title":{"rendered":"Total manter\u00e1 estrat\u00e9gia de perfura\u00e7\u00e3o at\u00e9 o fim de 2014"},"content":{"rendered":"<p>O presidente-executivo da petroleira francesa Total estabeleceu como prazo at\u00e9 o fim do ano para descobrir petr\u00f3leo em um grande novo campo em algum lugar do mundo antes de considerar se mudar\u00e1 de dire\u00e7\u00e3o e cortar\u00e1 o or\u00e7amento de explora\u00e7\u00e3o.<\/p>\n<p>A companhia baseada em Paris, que lan\u00e7ou uma estrat\u00e9gia de perfura\u00e7\u00e3o que classificou como de alto risco e alto retorno dois anos atr\u00e1s, exibiu resultados desapontadores de explora\u00e7\u00e3o at\u00e9 o momento neste ano.<\/p>\n<p>\u201cN\u00e3o \u00e9 um sucesso em termos de resultados at\u00e9 o momento\u201d, disse Christophe de Margerie. \u201cMas a explora\u00e7\u00e3o costuma levar mais de dois anos para dar resultados.\u201d<\/p>\n<p>Questionado se o grupo pode abandonar a estrat\u00e9gia, que representou uma mudan\u00e7a em rela\u00e7\u00e3o \u00e0 postura anterior e mais cautelosa da Total, ele disse: \u201cN\u00e3o antes do fim do ano; no fim do ano veremos se n\u00e3o conseguimos o bastante.\u201d<\/p>\n<p>\u201cSe tivermos que mudar, o faremos, mas n\u00e3o haver\u00e1 uma revolu\u00e7\u00e3o em que paramos tudo para come\u00e7ar de novo\u201d, disse o executivo, acrescentando que a companhia ainda tem que fazer perfura\u00e7\u00f5es em pa\u00edses como Angola, \u00c1frica do Sul e Bulg\u00e1ria.<\/p>\n<p>Em todo caso, ele espera que o or\u00e7amento total de explora\u00e7\u00e3o caia no ano que vem em rela\u00e7\u00e3o aos US$ 2,9 bilh\u00f5es definidos para este ano, que representam um aumento de cerca de 12% na compara\u00e7\u00e3o com 2012. A Total, assim como outras gigantes do petr\u00f3leo, tem enfrentado press\u00e3o dos acionistas para cortar custos e elevar dividendos.<\/p>\n<p>Fonte: Monitor Mercantil<\/p>\n","protected":false},"excerpt":{"rendered":"<p>O presidente-executivo da petroleira francesa Total estabeleceu como prazo at\u00e9 o fim do ano para descobrir petr\u00f3leo em um grande novo campo em algum lugar&#8230;<\/p>\n","protected":false},"author":1182,"featured_media":6531,"comment_status":"closed","ping_status":"closed","sticky":false,"template":"","format":"standard","meta":{"footnotes":""},"categories":[6],"tags":[],"class_list":["post-6530","post","type-post","status-publish","format-standard","has-post-thumbnail","hentry","category-noticias"],"_links":{"self":[{"href":"https:\/\/www.sincomam.org.br\/index.php\/wp-json\/wp\/v2\/posts\/6530","targetHints":{"allow":["GET"]}}],"collection":[{"href":"https:\/\/www.sincomam.org.br\/index.php\/wp-json\/wp\/v2\/posts"}],"about":[{"href":"https:\/\/www.sincomam.org.br\/index.php\/wp-json\/wp\/v2\/types\/post"}],"author":[{"embeddable":true,"href":"https:\/\/www.sincomam.org.br\/index.php\/wp-json\/wp\/v2\/users\/1182"}],"replies":[{"embeddable":true,"href":"https:\/\/www.sincomam.org.br\/index.php\/wp-json\/wp\/v2\/comments?post=6530"}],"version-history":[{"count":1,"href":"https:\/\/www.sincomam.org.br\/index.php\/wp-json\/wp\/v2\/posts\/6530\/revisions"}],"predecessor-version":[{"id":6532,"href":"https:\/\/www.sincomam.org.br\/index.php\/wp-json\/wp\/v2\/posts\/6530\/revisions\/6532"}],"wp:featuredmedia":[{"embeddable":true,"href":"https:\/\/www.sincomam.org.br\/index.php\/wp-json\/wp\/v2\/media\/6531"}],"wp:attachment":[{"href":"https:\/\/www.sincomam.org.br\/index.php\/wp-json\/wp\/v2\/media?parent=6530"}],"wp:term":[{"taxonomy":"category","embeddable":true,"href":"https:\/\/www.sincomam.org.br\/index.php\/wp-json\/wp\/v2\/categories?post=6530"},{"taxonomy":"post_tag","embeddable":true,"href":"https:\/\/www.sincomam.org.br\/index.php\/wp-json\/wp\/v2\/tags?post=6530"}],"curies":[{"name":"wp","href":"https:\/\/api.w.org\/{rel}","templated":true}]}}