{"id":6519,"date":"2014-07-09T10:15:19","date_gmt":"2014-07-09T13:15:19","guid":{"rendered":"http:\/\/www.sincomam.org.br\/?p=6519"},"modified":"2014-07-09T11:03:18","modified_gmt":"2014-07-09T14:03:18","slug":"porto-de-antonina-pr-ultrapassa-1-milhao-de-toneladas-movimentadas","status":"publish","type":"post","link":"https:\/\/www.sincomam.org.br\/index.php\/porto-de-antonina-pr-ultrapassa-1-milhao-de-toneladas-movimentadas\/","title":{"rendered":"Porto de Antonina (PR) ultrapassa 1 milh\u00e3o de toneladas movimentadas"},"content":{"rendered":"<p>A movimenta\u00e7\u00e3o no porto de Antonina, no Paran\u00e1, onde opera a empresa Terminais Portu\u00e1rios da Ponta do F\u00e9lix, j\u00e1 passou de um milh\u00e3o de toneladas, segundo informou a Administra\u00e7\u00e3o dos Portos de Paranagu\u00e1 e Antonina (Appa). O volume significa um aumento de quase 30% em rela\u00e7\u00e3o ao mesmo per\u00edodo do ano passado, que registrou cerca de 780 mil toneladas movimentadas.<\/p>\n<p>Durante todo o ano passado, foram movimentadas no porto de Antonina 1,5 milh\u00e3o de toneladas de produtos, principalmente fertilizantes. At\u00e9 o fim deste ano, a meta \u00e9 chegar a 2 milh\u00f5es de toneladas.<\/p>\n<p>\u201cNa \u00faltima segunda-feira, chegamos a quase 1,015 milh\u00e3o de toneladas movimentadas. Em um semestre, estamos conseguindo alcan\u00e7ar a movimenta\u00e7\u00e3o que t\u00ednhamos durante todo o ano, em 2011, por exemplo. Isso mostra que nossos investimentos e as melhorias operacionais implantadas pela Administra\u00e7\u00e3o dos Portos do Paran\u00e1 t\u00eam dado resultado\u201d, afirma em nota o diretor do porto de Antonina, Luis Carlos Souza.<\/p>\n<p>Segundo o diretor comercial e operacional da Ponta do F\u00e9lix, C\u00edcero Simi\u00e3o, a empresa tem melhorado a produtividade, o que tem refletido nos contratos fechados.<\/p>\n<p>O volume movimentado no primeiro semestre, este ano, pela Ponta do F\u00e9lix foi de fertilizantes, importados principalmente da Europa, Oriente M\u00e9dio e Am\u00e9rica do Norte. O ganho de 30% em rela\u00e7\u00e3o ao mesmo per\u00edodo do ano passado gera benef\u00edcios diretos para a regi\u00e3o, que se torna mais atraente, de acordo com a Appa.<\/p>\n<p>Fonte: Valor Econ\u00f4mico\/Carine Ferreira<\/p>\n","protected":false},"excerpt":{"rendered":"<p>A movimenta\u00e7\u00e3o no porto de Antonina, no Paran\u00e1, onde opera a empresa Terminais Portu\u00e1rios da Ponta do F\u00e9lix, j\u00e1 passou de um milh\u00e3o de toneladas,&#8230;<\/p>\n","protected":false},"author":1182,"featured_media":5824,"comment_status":"closed","ping_status":"closed","sticky":false,"template":"","format":"standard","meta":{"footnotes":""},"categories":[6],"tags":[],"class_list":["post-6519","post","type-post","status-publish","format-standard","has-post-thumbnail","hentry","category-noticias"],"_links":{"self":[{"href":"https:\/\/www.sincomam.org.br\/index.php\/wp-json\/wp\/v2\/posts\/6519","targetHints":{"allow":["GET"]}}],"collection":[{"href":"https:\/\/www.sincomam.org.br\/index.php\/wp-json\/wp\/v2\/posts"}],"about":[{"href":"https:\/\/www.sincomam.org.br\/index.php\/wp-json\/wp\/v2\/types\/post"}],"author":[{"embeddable":true,"href":"https:\/\/www.sincomam.org.br\/index.php\/wp-json\/wp\/v2\/users\/1182"}],"replies":[{"embeddable":true,"href":"https:\/\/www.sincomam.org.br\/index.php\/wp-json\/wp\/v2\/comments?post=6519"}],"version-history":[{"count":1,"href":"https:\/\/www.sincomam.org.br\/index.php\/wp-json\/wp\/v2\/posts\/6519\/revisions"}],"predecessor-version":[{"id":6520,"href":"https:\/\/www.sincomam.org.br\/index.php\/wp-json\/wp\/v2\/posts\/6519\/revisions\/6520"}],"wp:featuredmedia":[{"embeddable":true,"href":"https:\/\/www.sincomam.org.br\/index.php\/wp-json\/wp\/v2\/media\/5824"}],"wp:attachment":[{"href":"https:\/\/www.sincomam.org.br\/index.php\/wp-json\/wp\/v2\/media?parent=6519"}],"wp:term":[{"taxonomy":"category","embeddable":true,"href":"https:\/\/www.sincomam.org.br\/index.php\/wp-json\/wp\/v2\/categories?post=6519"},{"taxonomy":"post_tag","embeddable":true,"href":"https:\/\/www.sincomam.org.br\/index.php\/wp-json\/wp\/v2\/tags?post=6519"}],"curies":[{"name":"wp","href":"https:\/\/api.w.org\/{rel}","templated":true}]}}