{"id":65130,"date":"2026-04-30T14:27:23","date_gmt":"2026-04-30T17:27:23","guid":{"rendered":"https:\/\/www.sincomam.org.br\/?p=65130"},"modified":"2026-04-30T14:27:23","modified_gmt":"2026-04-30T17:27:23","slug":"salario-medio-do-trabalhador-amplia-recorde-e-chega-a-r-3-722","status":"publish","type":"post","link":"https:\/\/www.sincomam.org.br\/index.php\/salario-medio-do-trabalhador-amplia-recorde-e-chega-a-r-3-722\/","title":{"rendered":"Sal\u00e1rio m\u00e9dio do trabalhador amplia recorde e chega a R$ 3.722"},"content":{"rendered":"<p><strong>O rendimento m\u00e9dio mensal do trabalhador brasileiro alcan\u00e7ou R$ 3.722 no primeiro trimestre de 2026.\u00a0<\/strong>Esse valor representa acr\u00e9scimo real \u2013 j\u00e1 descontada a infla\u00e7\u00e3o \u2013 de 5,5% em rela\u00e7\u00e3o ao registrado no mesmo per\u00edodo de 2025.\u00a0<strong>\u00c9 o maior registrado em toda s\u00e9rie hist\u00f3rica da\u00a0Pesquisa Nacional por Amostra de Domic\u00edlios (Pnad) Cont\u00ednua, iniciada em 2012.<\/strong><img decoding=\"async\" src=\"https:\/\/agenciabrasil.ebc.com.br\/ebc.png?id=1687799&amp;o=node\" \/><img decoding=\"async\" src=\"https:\/\/agenciabrasil.ebc.com.br\/ebc.gif?id=1687799&amp;o=node\" \/><\/p>\n<p><strong>O trimestre encerrado em mar\u00e7o \u00e9 o segundo consecutivo em que o sal\u00e1rio m\u00e9dio supera a casa dos R$ 3,7 mil.<\/strong>\u00a0No per\u00edodo de tr\u00eas meses terminado em fevereiro, o rendimento foi de R$ 3.702. Na compara\u00e7\u00e3o com o quarto trimestre de 2025, quando o valor era de R$ 3.662, houve expans\u00e3o de 1,6%.<\/p>\n<p>Os dados foram divulgados nesta quinta-feira (30) pelo\u00a0Instituto Brasileiro de Geografia e Estat\u00edstica (IBGE), no Rio de Janeiro.<\/p>\n<p>A pesquisa do IBGE coleta informa\u00e7\u00f5es de dez grupos de atividades. Em oito deles, o rendimento m\u00e9dio ficou est\u00e1vel (sem varia\u00e7\u00e3o significativa). Em dois, houve aumento m\u00e9dio de sal\u00e1rios: no com\u00e9rcio, alta de 3% (mais R$ 86); na administra\u00e7\u00e3o p\u00fablica, 2,5% (mais R$ 127).<\/p>\n<h2>Causas<\/h2>\n<p><strong>A coordenadora de pesquisas domiciliares do IBGE, Adriana Beringuy, considera que parte desse rendimento recorde pode ser atribu\u00edda\u00a0ao aumento do\u00a0sal\u00e1rio m\u00ednimo, no come\u00e7o de janeiro, fixado em R$ 1.621.<\/strong><\/p>\n<blockquote><p>\u201cPode ter uma participa\u00e7\u00e3o j\u00e1 dessa quest\u00e3o do reajuste do sal\u00e1rio m\u00ednimo, que \u00e9 uma recomposi\u00e7\u00e3o e at\u00e9 ganhos reais [acima da infla\u00e7\u00e3o].\u201d<\/p><\/blockquote>\n<p>No entanto, a analista destaca outro fator: no primeiro trimestre de 2026 houve redu\u00e7\u00e3o de 1 milh\u00e3o de pessoas na quantidade de trabalhadores ocupados em compara\u00e7\u00e3o com o quarto trimestre de 2025.<\/p>\n<p>A diminui\u00e7\u00e3o do contingente foi mais concentrada em trabalhadores informais, que ganham menos.<\/p>\n<p>\u201cEnt\u00e3o, a m\u00e9dia de rendimento dos que est\u00e3o ocupados nesse primeiro trimestre de 2026, comparativamente, \u00e9 maior que a m\u00e9dia de rendimento do quarto trimestre\u201d, completa.<\/p>\n<h2>Rendimentos<\/h2>\n<p><strong>A pesquisa do IBGE mostrou ainda que a massa de rendimento dos trabalhadores ficou em R$ 374,8 bilh\u00f5es, tamb\u00e9m a maior j\u00e1 apurada na s\u00e9rie hist\u00f3rica.<\/strong><\/p>\n<p>Esse montante \u00e9 o somat\u00f3rio dos sal\u00e1rios de todos os trabalhadores, dinheiro que acaba sendo usado para consumo, pagamento de d\u00edvidas, investimentos e poupan\u00e7a.<\/p>\n<p>Em rela\u00e7\u00e3o ao primeiro trimestre do ano passado, a massa salarial cresceu 7,1% acima da infla\u00e7\u00e3o. Isso representa, no total, R$ 24,8 bilh\u00f5es a mais na m\u00e3o dos trabalhadores no intervalo de um ano.<\/p>\n<h2>Previd\u00eancia<\/h2>\n<p><strong>O IBGE identificou que a parcela de pessoas contribuintes para fins de previd\u00eancia no primeiro trimestre de 2026 ficou em 66,9% dos trabalhadores ocupados.<\/strong><\/p>\n<p><strong>Esse \u00e9 a maior propor\u00e7\u00e3o j\u00e1 registrada pela pesquisa e representa 68.174 milh\u00f5es de trabalhadores protegidos socialmente.<\/strong><\/p>\n<p>Ao contribuir para institutos de previd\u00eancia, o trabalhador adquire garantias, como aposentadoria, benef\u00edcio por incapacidade e pens\u00e3o por morte.<\/p>\n<p>O IBGE considera contribuintes os empregados, empregadores, trabalhadores dom\u00e9sticos e por conta pr\u00f3pria que tenham contribu\u00eddo para institutos de previd\u00eancia oficial federal (INSS ou Plano de Seguridade Social da Uni\u00e3o), estadual ou municipal.<\/p>\n<p>De acordo com Adriana Beringuy, a explica\u00e7\u00e3o para o recorde de participa\u00e7\u00e3o est\u00e1 na queda da informalidade. \u201cOs informais contribuem menos para a previd\u00eancia.\u201d<\/p>\n<p>No trimestre encerrado em mar\u00e7o, a taxa de informalidade foi de 37,3% da popula\u00e7\u00e3o ocupada, o que equivale a 38,1 milh\u00f5es de trabalhadores informais, ou seja, sem direitos trabalhistas garantidos.<\/p>\n<p>No fim de 2025, a taxa era de 37,6%, enquanto no primeiro trimestre de 2025 era 38%.<\/p>\n<p>O IBGE esclarece que um trabalhador informal (por exemplo, um conta pr\u00f3pria sem CNPJ) pode ser contribuinte individual do INSS.<\/p>\n<h2>Desemprego menor<\/h2>\n<p>A Pnad \u00e9 o principal retrato do emprego no pa\u00eds e apura o comportamento no mercado de trabalho para pessoas com 14 anos ou mais e leva em conta todas as formas de ocupa\u00e7\u00e3o, seja com ou sem carteira assinada, tempor\u00e1rio e por conta pr\u00f3pria, por exemplo.<\/p>\n<p><strong>No primeiro trimestre do ano,\u00a0a taxa de desemprego ficou em 6,1%, a menor j\u00e1 registrada para o per\u00edodo.<\/strong><\/p>\n<p>Pelos crit\u00e9rios do instituto, s\u00f3 \u00e9 considerada desocupada a pessoa que efetivamente procurou uma vaga 30 dias antes da pesquisa. S\u00e3o visitados 211 mil domic\u00edlios em todos os estados e no Distrito Federal.<\/p>\n<p>Fonte: Ag\u00eancia Brasil<\/p>\n","protected":false},"excerpt":{"rendered":"<p>O rendimento m\u00e9dio mensal do trabalhador brasileiro alcan\u00e7ou R$ 3.722 no primeiro trimestre de 2026.\u00a0Esse valor representa acr\u00e9scimo real \u2013 j\u00e1 descontada a infla\u00e7\u00e3o \u2013&#8230;<\/p>\n","protected":false},"author":1527,"featured_media":65131,"comment_status":"closed","ping_status":"closed","sticky":false,"template":"","format":"standard","meta":{"footnotes":""},"categories":[6],"tags":[],"class_list":["post-65130","post","type-post","status-publish","format-standard","has-post-thumbnail","hentry","category-noticias"],"_links":{"self":[{"href":"https:\/\/www.sincomam.org.br\/index.php\/wp-json\/wp\/v2\/posts\/65130","targetHints":{"allow":["GET"]}}],"collection":[{"href":"https:\/\/www.sincomam.org.br\/index.php\/wp-json\/wp\/v2\/posts"}],"about":[{"href":"https:\/\/www.sincomam.org.br\/index.php\/wp-json\/wp\/v2\/types\/post"}],"author":[{"embeddable":true,"href":"https:\/\/www.sincomam.org.br\/index.php\/wp-json\/wp\/v2\/users\/1527"}],"replies":[{"embeddable":true,"href":"https:\/\/www.sincomam.org.br\/index.php\/wp-json\/wp\/v2\/comments?post=65130"}],"version-history":[{"count":1,"href":"https:\/\/www.sincomam.org.br\/index.php\/wp-json\/wp\/v2\/posts\/65130\/revisions"}],"predecessor-version":[{"id":65132,"href":"https:\/\/www.sincomam.org.br\/index.php\/wp-json\/wp\/v2\/posts\/65130\/revisions\/65132"}],"wp:featuredmedia":[{"embeddable":true,"href":"https:\/\/www.sincomam.org.br\/index.php\/wp-json\/wp\/v2\/media\/65131"}],"wp:attachment":[{"href":"https:\/\/www.sincomam.org.br\/index.php\/wp-json\/wp\/v2\/media?parent=65130"}],"wp:term":[{"taxonomy":"category","embeddable":true,"href":"https:\/\/www.sincomam.org.br\/index.php\/wp-json\/wp\/v2\/categories?post=65130"},{"taxonomy":"post_tag","embeddable":true,"href":"https:\/\/www.sincomam.org.br\/index.php\/wp-json\/wp\/v2\/tags?post=65130"}],"curies":[{"name":"wp","href":"https:\/\/api.w.org\/{rel}","templated":true}]}}