{"id":65082,"date":"2026-04-28T14:28:56","date_gmt":"2026-04-28T17:28:56","guid":{"rendered":"https:\/\/www.sincomam.org.br\/?p=65082"},"modified":"2026-04-28T14:28:56","modified_gmt":"2026-04-28T17:28:56","slug":"inss-restringe-pedidos-de-aposentadoria-pensao-e-bpc-para-reduzir-fila-entenda-a-nova-regra","status":"publish","type":"post","link":"https:\/\/www.sincomam.org.br\/index.php\/inss-restringe-pedidos-de-aposentadoria-pensao-e-bpc-para-reduzir-fila-entenda-a-nova-regra\/","title":{"rendered":"INSS restringe pedidos de aposentadoria, pens\u00e3o e BPC para reduzir fila; entenda a nova regra"},"content":{"rendered":"<div id=\"chunk-61km0\">\n<div class=\"mc-column content-text active-extra-styles \" data-block-type=\"unstyled\" data-block-weight=\"40\" data-block-id=\"3\">\n<p class=\" content-text__container \" data-track-category=\"Link no Texto\" data-track-links=\"\" data-mrf-recirculation=\"Mat\u00e9ria - Links no Texto\">O Instituto Nacional do Seguro Social (INSS) passou a proibir novos pedidos de aposentadoria, pens\u00e3o e Benef\u00edcio de Presta\u00e7\u00e3o Continuada (BPC) para o mesmo tipo de benef\u00edcio enquanto houver um processo em an\u00e1lise ou dentro do prazo de recurso administrativo.<\/p>\n<\/div>\n<\/div>\n<div class=\"wall protected-content\">\n<div id=\"chunk-e5a5f\">\n<div class=\"mc-column content-text active-extra-styles \" data-block-type=\"unstyled\" data-block-weight=\"25\" data-block-id=\"5\">\n<p class=\" content-text__container \" data-track-category=\"Link no Texto\" data-track-links=\"\" data-mrf-recirculation=\"Mat\u00e9ria - Links no Texto\">A medida foi oficializada pela Instru\u00e7\u00e3o Normativa n\u00ba 203, publicada no Di\u00e1rio Oficial da Uni\u00e3o (DOU) na \u00faltima sexta-feira (24), e j\u00e1 est\u00e1 em vigor.<\/p>\n<div id=\"chunk-7k1qj\">\n<div class=\"mc-column content-text active-extra-styles \" data-block-type=\"unstyled\" data-block-weight=\"38\" data-block-id=\"7\">\n<p class=\" content-text__container \" data-track-category=\"Link no Texto\" data-track-links=\"\" data-mrf-recirculation=\"Mat\u00e9ria - Links no Texto\"><span class=\"highlight highlighted\">A nova regra altera procedimentos da norma anterior que regula a concess\u00e3o de benef\u00edcios previdenci\u00e1rios e estabelece que o segurado n\u00e3o poder\u00e1 fazer um novo pedido para o mesmo tipo de benef\u00edcio enquanto o anterior ainda estiver pendente.<\/span><\/p>\n<\/div>\n<\/div>\n<div id=\"chunk-ejisv\">\n<div class=\"content-ads content-ads--reveal\" data-block-type=\"ads\" data-block-id=\"8\">\n<div id=\"banner_materia2\" class=\"tag-manager-publicidade-container tag-manager-publicidade-banner_materia2 tag-manager-publicidade-container--carregado tag-manager-publicidade-container--visivel\" data-google-query-id=\"CJP4wISIkZQDFXIuHgAdFaMfyw\">\n<div id=\"chunk-404l7\">\n<div class=\"mc-column content-text active-extra-styles \" data-block-type=\"unstyled\" data-block-weight=\"27\" data-block-id=\"12\">\n<p class=\" content-text__container \" data-track-category=\"Link no Texto\" data-track-links=\"\" data-mrf-recirculation=\"Mat\u00e9ria - Links no Texto\">Com isso, era poss\u00edvel fazer um novo pedido mesmo com o anterior ainda em andamento \u2014 seja para corrigir erros, incluir documentos ou tentar acelerar a an\u00e1lise.<\/p>\n<\/div>\n<\/div>\n<div id=\"chunk-cqf23\">\n<div class=\"mc-column content-text active-extra-styles \" data-block-type=\"unstyled\" data-block-weight=\"21\" data-block-id=\"13\">\n<p class=\" content-text__container \" data-track-category=\"Link no Texto\" data-track-links=\"\" data-mrf-recirculation=\"Mat\u00e9ria - Links no Texto\">A partir de agora, ser\u00e1 considerado \u201cprocesso em curso\u201d aquele cujo prazo para apresenta\u00e7\u00e3o de recurso administrativo ainda n\u00e3o tenha terminado.<\/p>\n<\/div>\n<\/div>\n<div id=\"chunk-h7so\">\n<div class=\"mc-column content-text active-extra-styles \" data-block-type=\"unstyled\" data-block-weight=\"31\" data-block-id=\"14\">\n<p class=\" content-text__container \" data-track-category=\"Link no Texto\" data-track-links=\"\" data-mrf-recirculation=\"Mat\u00e9ria - Links no Texto\">Ou seja, ap\u00f3s uma negativa do INSS, o segurado ter\u00e1 que aguardar o prazo de recurso \u2014 geralmente de 30 dias \u2014 antes de fazer um novo pedido do mesmo benef\u00edcio.<\/p>\n<div id=\"chunk-6spt6\">\n<div class=\"mc-column content-text active-extra-styles \" data-block-type=\"unstyled\" data-block-weight=\"24\" data-block-id=\"17\">\n<p class=\" content-text__container \" data-track-category=\"Link no Texto\" data-track-links=\"\" data-mrf-recirculation=\"Mat\u00e9ria - Links no Texto\">Em nota, o INSS afirmou que \u201ca medida tem como objetivo aprimorar os fluxos de an\u00e1lise e tornar mais eficiente o atendimento aos segurados\u201d.<\/p>\n<\/div>\n<\/div>\n<div id=\"chunk-4bsu3\">\n<div class=\"mc-column content-text active-extra-styles \" data-block-type=\"unstyled\" data-block-weight=\"32\" data-block-id=\"18\">\n<p class=\" content-text__container \" data-track-category=\"Link no Texto\" data-track-links=\"\" data-mrf-recirculation=\"Mat\u00e9ria - Links no Texto\">&#8220;Na pr\u00e1tica, ela busca evitar a multiplicidade de pedidos id\u00eanticos para o mesmo CPF \u2014 o que gera retrabalho administrativo e impacta negativamente o tempo de an\u00e1lise de todos os requerimentos.&#8221;<\/p>\n<\/div>\n<\/div>\n<div id=\"chunk-7qg8l\">\n<div class=\"mc-column content-text active-extra-styles \" data-block-type=\"unstyled\" data-block-weight=\"30\" data-block-id=\"19\">\n<p class=\" content-text__container \" data-track-category=\"Link no Texto\" data-track-links=\"\" data-mrf-recirculation=\"Mat\u00e9ria - Links no Texto\">Segundo o instituto, h\u00e1 um \u201cdesequil\u00edbrio estrutural relevante\u201d na fila de pedidos, apesar do esfor\u00e7o cont\u00ednuo para ampliar a capacidade de an\u00e1lise, al\u00e9m de um \u201cvolume crescente de solicita\u00e7\u00f5es duplicadas\u201d.<\/p>\n<\/div>\n<\/div>\n<div id=\"chunk-elc4v\">\n<div class=\"mc-column content-text active-extra-styles \" data-block-type=\"unstyled\" data-block-weight=\"47\" data-block-id=\"20\">\n<p class=\" content-text__container \" data-track-category=\"Link no Texto\" data-track-links=\"\" data-mrf-recirculation=\"Mat\u00e9ria - Links no Texto\"><span class=\"highlight highlighted\">Dados internos do INSS mostram que, do total de pedidos, 41,41% s\u00e3o reapresentados entre 1 e 30 dias ap\u00f3s a conclus\u00e3o do primeiro processo \u2014 e 22,47% entre 91 e 180 dias. Em categorias como sal\u00e1rio-maternidade urbano, a taxa de reincid\u00eancia no mesmo dia chega a 8,45%.<\/span><\/p>\n<div id=\"chunk-d27ur\">\n<div class=\"mc-column content-text active-extra-styles\" data-block-type=\"raw\" data-block-weight=\"4\" data-block-id=\"22\">\n<div class=\"content-intertitle\">\n<h2>Objetivo \u00e9 reduzir fila<\/h2>\n<\/div>\n<p>&nbsp;<\/p>\n<\/div>\n<\/div>\n<div id=\"chunk-66tkr\">\n<div class=\"mc-column content-text active-extra-styles \" data-block-type=\"unstyled\" data-block-weight=\"23\" data-block-id=\"23\">\n<p class=\" content-text__container \" data-track-category=\"Link no Texto\" data-track-links=\"\" data-mrf-recirculation=\"Mat\u00e9ria - Links no Texto\">A medida ocorre em meio aos esfor\u00e7os do governo para reduzir a fila de an\u00e1lise de benef\u00edcios, que hoje acumula milh\u00f5es de pedidos.<\/p>\n<div id=\"chunk-bv4ts\">\n<div class=\"mc-column content-text active-extra-styles \" data-block-type=\"unstyled\" data-block-weight=\"31\" data-block-id=\"25\">\n<p class=\" content-text__container \" data-track-category=\"Link no Texto\" data-track-links=\"\" data-mrf-recirculation=\"Mat\u00e9ria - Links no Texto\"><span class=\"highlight highlighted\">Segundo os dados mais recentes divulgados pelo instituto,\u00a0<\/span><span class=\"highlight highlighted\">a fila de espera para benef\u00edcios como aposentadorias<\/span><span class=\"highlight highlighted\">, pens\u00f5es e o BPC recuou de\u00a0<\/span><strong><span class=\"highlight highlighted\">3,1 milh\u00f5es para 2,7 milh\u00f5es em mar\u00e7o deste ano<\/span><\/strong><span class=\"highlight highlighted\">.<\/span><\/p>\n<\/div>\n<\/div>\n<div id=\"chunk-auknf\">\n<div class=\"mc-column content-text active-extra-styles \" data-block-type=\"unstyled\" data-block-weight=\"37\" data-block-id=\"26\">\n<p class=\" content-text__container \" data-track-category=\"Link no Texto\" data-track-links=\"\" data-mrf-recirculation=\"Mat\u00e9ria - Links no Texto\">A press\u00e3o sobre o tema levou o governo\u00a0Luiz In\u00e1cio Lula da Silva\u00a0(PT) a trocar o comando do \u00f3rg\u00e3o, com a\u00a0sa\u00edda de Gilberto Waller e a nomea\u00e7\u00e3o da servidora de carreira Ana Cristina Viana Silveira.<\/p>\n<\/div>\n<\/div>\n<div id=\"chunk-9ltdn\">\n<div class=\"mc-column content-text active-extra-styles \" data-block-type=\"unstyled\" data-block-weight=\"32\" data-block-id=\"27\">\n<p class=\" content-text__container \" data-track-category=\"Link no Texto\" data-track-links=\"\" data-mrf-recirculation=\"Mat\u00e9ria - Links no Texto\">Segundo o blog de Valdo Cruz,\u00a0o presidente Lula decidiu pela demiss\u00e3o de Waller porque as filas do INSS estavam desgastando a imagem do governo\u00a0e devem ser exploradas na campanha eleitoral.<\/p>\n<\/div>\n<\/div>\n<div id=\"chunk-fs55d\">\n<div class=\"mc-column content-text active-extra-styles \" data-block-type=\"unstyled\" data-block-weight=\"41\" data-block-id=\"28\">\n<p class=\" content-text__container \" data-track-category=\"Link no Texto\" data-track-links=\"\" data-mrf-recirculation=\"Mat\u00e9ria - Links no Texto\">Gilberto Waller teve papel importante na reorganiza\u00e7\u00e3o do INSS ap\u00f3s o esc\u00e2ndalo de desvios em aposentadorias e pens\u00f5es. No entanto, na avalia\u00e7\u00e3o de Lula, n\u00e3o conseguiu avan\u00e7ar de forma suficiente na redu\u00e7\u00e3o das filas, um dos principais compromissos da atual gest\u00e3o.<\/p>\n<\/div>\n<\/div>\n<div id=\"chunk-cil9b\">\n<div class=\"mc-column content-text active-extra-styles \" data-block-type=\"unstyled\" data-block-weight=\"19\" data-block-id=\"29\">\n<p class=\" content-text__container \" data-track-category=\"Link no Texto\" data-track-links=\"\" data-mrf-recirculation=\"Mat\u00e9ria - Links no Texto\">Durante a campanha de 2022, Lula prometeu zerar a fila do INSS, mas o volume de pedidos continuou elevado.<\/p>\n<\/div>\n<\/div>\n<div id=\"chunk-5mgj1\">\n<div class=\"mc-column content-text active-extra-styles \" data-block-type=\"unstyled\" data-block-weight=\"32\" data-block-id=\"30\">\n<p class=\" content-text__container \" data-track-category=\"Link no Texto\" data-track-links=\"\" data-mrf-recirculation=\"Mat\u00e9ria - Links no Texto\">A nova presidente, Ana Cristina Silveira, \u00e9 vista como algu\u00e9m com experi\u00eancia t\u00e9cnica para agilizar os processos. Antes de assumir o cargo, ela atuava como secret\u00e1ria-executiva adjunta do Minist\u00e9rio da Previd\u00eancia Social.<\/p>\n<\/div>\n<\/div>\n<div class=\"block-podcast\">Fonte: G1<\/div>\n<\/div>\n<\/div>\n<\/div>\n<\/div>\n<\/div>\n<\/div>\n<\/div>\n<\/div>\n<\/div>\n<\/div>\n<\/div>\n<\/div>\n","protected":false},"excerpt":{"rendered":"<p>O Instituto Nacional do Seguro Social (INSS) passou a proibir novos pedidos de aposentadoria, pens\u00e3o e Benef\u00edcio de Presta\u00e7\u00e3o Continuada (BPC) para o mesmo tipo&#8230;<\/p>\n","protected":false},"author":1527,"featured_media":65083,"comment_status":"closed","ping_status":"closed","sticky":false,"template":"","format":"standard","meta":{"footnotes":""},"categories":[6],"tags":[],"class_list":["post-65082","post","type-post","status-publish","format-standard","has-post-thumbnail","hentry","category-noticias"],"_links":{"self":[{"href":"https:\/\/www.sincomam.org.br\/index.php\/wp-json\/wp\/v2\/posts\/65082","targetHints":{"allow":["GET"]}}],"collection":[{"href":"https:\/\/www.sincomam.org.br\/index.php\/wp-json\/wp\/v2\/posts"}],"about":[{"href":"https:\/\/www.sincomam.org.br\/index.php\/wp-json\/wp\/v2\/types\/post"}],"author":[{"embeddable":true,"href":"https:\/\/www.sincomam.org.br\/index.php\/wp-json\/wp\/v2\/users\/1527"}],"replies":[{"embeddable":true,"href":"https:\/\/www.sincomam.org.br\/index.php\/wp-json\/wp\/v2\/comments?post=65082"}],"version-history":[{"count":1,"href":"https:\/\/www.sincomam.org.br\/index.php\/wp-json\/wp\/v2\/posts\/65082\/revisions"}],"predecessor-version":[{"id":65084,"href":"https:\/\/www.sincomam.org.br\/index.php\/wp-json\/wp\/v2\/posts\/65082\/revisions\/65084"}],"wp:featuredmedia":[{"embeddable":true,"href":"https:\/\/www.sincomam.org.br\/index.php\/wp-json\/wp\/v2\/media\/65083"}],"wp:attachment":[{"href":"https:\/\/www.sincomam.org.br\/index.php\/wp-json\/wp\/v2\/media?parent=65082"}],"wp:term":[{"taxonomy":"category","embeddable":true,"href":"https:\/\/www.sincomam.org.br\/index.php\/wp-json\/wp\/v2\/categories?post=65082"},{"taxonomy":"post_tag","embeddable":true,"href":"https:\/\/www.sincomam.org.br\/index.php\/wp-json\/wp\/v2\/tags?post=65082"}],"curies":[{"name":"wp","href":"https:\/\/api.w.org\/{rel}","templated":true}]}}