{"id":65071,"date":"2026-04-28T11:01:50","date_gmt":"2026-04-28T14:01:50","guid":{"rendered":"https:\/\/www.sincomam.org.br\/?p=65071"},"modified":"2026-04-28T11:01:50","modified_gmt":"2026-04-28T14:01:50","slug":"marinha-aprova-plano-de-remocao-do-navio-prof-w-besnard-no-porto-de-santos","status":"publish","type":"post","link":"https:\/\/www.sincomam.org.br\/index.php\/marinha-aprova-plano-de-remocao-do-navio-prof-w-besnard-no-porto-de-santos\/","title":{"rendered":"Marinha aprova plano de remo\u00e7\u00e3o do navio &#8216;Prof. W. Besnard&#8217; no Porto de Santos"},"content":{"rendered":"<p><span dir=\"auto\">O 8\u00ba Distrito Naval da Marinha do Brasil aprovou, na \u00faltima sexta-feira (24), o plano de remo\u00e7\u00e3o do navio\u00a0\u00a0<\/span><em><span dir=\"auto\">Prof. W. Besnard<\/span><\/em><span dir=\"auto\">\u00a0, apresentado pela empresa contratada de forma emergencial pela Autoridade Portu\u00e1ria de Santos (APS). O embarque adernou no Porto de Santos no \u00faltimo dia 13 de mar\u00e7o.<\/span><\/p>\n<p><span dir=\"auto\">O plano de salvamento prev\u00ea reestabelecer gradualmente a flutuabilidade de embarque, por meio da condu\u00e7\u00e3o interna e outras a\u00e7\u00f5es. De acordo com a APS, assim que estiver em condi\u00e7\u00f5es, o embarque dever\u00e1 ser deslocado para um estaleiro, onde ser\u00e1 avaliada a possibilidade de sua restaura\u00e7\u00e3o.<\/span><\/p>\n<figure class=\"wp-block-image\"><img decoding=\"async\" src=\"https:\/\/revive.portosenavios.com.br\/www\/delivery\/lg.php?bannerid=0&amp;campaignid=0&amp;zoneid=110&amp;loc=https%3A%2F%2Fwww.portosenavios.com.br%2Fnoticias%2Fportos-e-logistica%2Fmarinha-aprova-plano-de-remocao-do-navio-prof-w-besnard-no-porto-de-santos&amp;referer=https%3A%2F%2Fwww.portosenavios.com.br%2Fnoticias%2Findice-de-noticias-do-dia&amp;cb=38de76042b\" alt=\"\" \/><\/figure>\n<p><span dir=\"auto\">Os servi\u00e7os de recupera\u00e7\u00e3o do\u00a0\u00a0<\/span><em><span dir=\"auto\">Prof. W. Besnard<\/span><\/em><span dir=\"auto\">\u00a0\u00a0est\u00e3o sendo executados desde o \u00faltimo dia 31 de mar\u00e7o, com avalia\u00e7\u00f5es feitas por mergulhadores, limpeza e coloca\u00e7\u00e3o do casco da embarca\u00e7\u00e3o. A autoridade portu\u00e1ria ressaltou que o caso vem sendo tratado como prioridade desde o incidente, com foco na seguran\u00e7a da navega\u00e7\u00e3o e na preserva\u00e7\u00e3o ambiental<\/span><\/p>\n<p><span dir=\"auto\">A APS destacou ainda que, embora o embarque pertinente \u00e0 entidade Instituto do Mar, para quem foi doado ap\u00f3s anos de uso pela Universidade de S\u00e3o Paulo (USP), em pesquisas na Ant\u00e1rtida, a autoridade portu\u00e1ria assumiu a responsabilidade diante da situa\u00e7\u00e3o emergencial declarada pela Capitania dos Portos.<\/span><\/p>\n<p><span dir=\"auto\">O\u00a0\u00a0<\/span><em><span dir=\"auto\">Prof. W. Besnard<\/span><\/em><span dir=\"auto\">\u00a0\u00a0\u00e9 considerado um dos s\u00edmbolos da oceanografia brasileira. O navio participou da primeira expedi\u00e7\u00e3o brasileira \u00e0 Ant\u00e1rtida e realizou coletas de miss\u00f5es cient\u00edficas ao longo de sua trajet\u00f3ria.<\/span><\/p>\n<p><span dir=\"auto\">Fonte:\u00a0<\/span><span dir=\"auto\">Revista Portos e Navios<\/span><\/p>\n","protected":false},"excerpt":{"rendered":"<p>O 8\u00ba Distrito Naval da Marinha do Brasil aprovou, na \u00faltima sexta-feira (24), o plano de remo\u00e7\u00e3o do navio\u00a0\u00a0Prof. W. Besnard\u00a0, apresentado pela empresa contratada&#8230;<\/p>\n","protected":false},"author":1527,"featured_media":65072,"comment_status":"closed","ping_status":"closed","sticky":false,"template":"","format":"standard","meta":{"footnotes":""},"categories":[6],"tags":[],"class_list":["post-65071","post","type-post","status-publish","format-standard","has-post-thumbnail","hentry","category-noticias"],"_links":{"self":[{"href":"https:\/\/www.sincomam.org.br\/index.php\/wp-json\/wp\/v2\/posts\/65071","targetHints":{"allow":["GET"]}}],"collection":[{"href":"https:\/\/www.sincomam.org.br\/index.php\/wp-json\/wp\/v2\/posts"}],"about":[{"href":"https:\/\/www.sincomam.org.br\/index.php\/wp-json\/wp\/v2\/types\/post"}],"author":[{"embeddable":true,"href":"https:\/\/www.sincomam.org.br\/index.php\/wp-json\/wp\/v2\/users\/1527"}],"replies":[{"embeddable":true,"href":"https:\/\/www.sincomam.org.br\/index.php\/wp-json\/wp\/v2\/comments?post=65071"}],"version-history":[{"count":1,"href":"https:\/\/www.sincomam.org.br\/index.php\/wp-json\/wp\/v2\/posts\/65071\/revisions"}],"predecessor-version":[{"id":65073,"href":"https:\/\/www.sincomam.org.br\/index.php\/wp-json\/wp\/v2\/posts\/65071\/revisions\/65073"}],"wp:featuredmedia":[{"embeddable":true,"href":"https:\/\/www.sincomam.org.br\/index.php\/wp-json\/wp\/v2\/media\/65072"}],"wp:attachment":[{"href":"https:\/\/www.sincomam.org.br\/index.php\/wp-json\/wp\/v2\/media?parent=65071"}],"wp:term":[{"taxonomy":"category","embeddable":true,"href":"https:\/\/www.sincomam.org.br\/index.php\/wp-json\/wp\/v2\/categories?post=65071"},{"taxonomy":"post_tag","embeddable":true,"href":"https:\/\/www.sincomam.org.br\/index.php\/wp-json\/wp\/v2\/tags?post=65071"}],"curies":[{"name":"wp","href":"https:\/\/api.w.org\/{rel}","templated":true}]}}