{"id":65068,"date":"2026-04-28T11:01:08","date_gmt":"2026-04-28T14:01:08","guid":{"rendered":"https:\/\/www.sincomam.org.br\/?p=65068"},"modified":"2026-04-28T11:01:08","modified_gmt":"2026-04-28T14:01:08","slug":"mucio-ve-potencial-para-o-brasil-ampliar-exportacoes-na-area-de-defesa-incluindo-embarcacoes-militares","status":"publish","type":"post","link":"https:\/\/www.sincomam.org.br\/index.php\/mucio-ve-potencial-para-o-brasil-ampliar-exportacoes-na-area-de-defesa-incluindo-embarcacoes-militares\/","title":{"rendered":"M\u00facio v\u00ea potencial para o Brasil ampliar exporta\u00e7\u00f5es na \u00e1rea de defesa, incluindo embarca\u00e7\u00f5es militares"},"content":{"rendered":"<p><span dir=\"auto\">O Ministro da Defesa, Jos\u00e9 M\u00facio Monteiro, afirmou que os programas de reaparelhamento da Marinha do Brasil, que incluem a constru\u00e7\u00e3o de fragatas, navios-patrulha, submarinos e outras embarca\u00e7\u00f5es militares, criam possibilidades para o Brasil exportar materiais de defesa, principalmente para pa\u00edses sul-americanos. Em entrevista nesta segunda-feira (27), ap\u00f3s a cerim\u00f4nia de batismo e lan\u00e7amento do navio-patrulha Mangaratiba, no Arsenal da Marinha do Rio de Janeiro (AMRJ), ele informou que, no ano passado, o total de vendas do segmento ao exterior chegou a 3,4 bilh\u00f5es de d\u00f3lares, contra 628 milh\u00f5es de d\u00f3lares que foram exportados at\u00e9 o in\u00edcio do atual governo.<\/span><\/p>\n<p><span dir=\"auto\">Segundo M\u00facio, a cada ano o pa\u00eds tem conseguido dobrar o valor das vendas ao exterior de material de defesa. Ele disse ainda que investir em defesa, al\u00e9m de aumentar a capacidade do Brasil defender suas fronteiras e suas riquezas, significa gerar tecnologia, empregos e impostos e que o pa\u00eds tem avan\u00e7ado nisso, com os programas de reaparelhamento da Marinha, incluindo transfer\u00eancia de conhecimento.<\/span><\/p>\n<p><span dir=\"auto\">Por isso, para ele, o Brasil aparece na vanguarda no setor no continente e pode, a partir das constru\u00e7\u00f5es para a Marinha, ampliar as vendas, incluindo embarca\u00e7\u00f5es. &#8220;Temos uma clientela potencial aqui na Am\u00e9rica do Sul querendo comprar fragatas, submarinos e outros barcos. E tudo isso n\u00f3s fazemos muito bem, com tecnologia brasileira e com engenharia brasileira&#8221;, afirmou.<\/span><\/p>\n<p><span dir=\"auto\">Entre os programas citados pelo ministro est\u00e1 o Programa de Obten\u00e7\u00e3o de Navios-Patrulha (Pronapa), financiado com recursos no Novo Plano de Acelera\u00e7\u00e3o do Crescimento (Novo PAC), para a constru\u00e7\u00e3o de embarca\u00e7\u00f5es da classe Maca\u00e9. O quarto da s\u00e9rie, o\u00a0\u00a0<\/span><em><span dir=\"auto\">Mangaratiba<\/span><\/em><span dir=\"auto\">\u00a0, finalizado no AMRJ, foi lan\u00e7ado nesta segunda-feira (27) e batizado pela secret\u00e1ria-geral do Minist\u00e9rio da Defesa, Cinara Wagner Fredo.<\/span><\/p>\n<p><span dir=\"auto\">O embarque tem 54,2 metros de comprimento, comportando tripula\u00e7\u00e3o de at\u00e9 51 militares, ter\u00e1 raio de a\u00e7\u00e3o de 2.500 milhas n\u00e1uticas, superiores a quatro mil milhas, e ser\u00e1 usado em miss\u00f5es de patrulhamento no mar territorial brasileiro, como na prote\u00e7\u00e3o das plataformas de petr\u00f3leo e g\u00e1s, de busca e salvamento e no combate a crimes, como tr\u00e1fico internacional de drogas e contrabando. Al\u00e9m do\u00a0\u00a0<\/span><em><span dir=\"auto\">Mangaratiba<\/span><\/em><span dir=\"auto\">\u00a0, est\u00e1 sendo constru\u00eddo no Arsenal de Marinha o\u00a0\u00a0<\/span><em><span dir=\"auto\">Miramar<\/span><\/em><span dir=\"auto\">\u00a0, que ser\u00e1 o quinto navio da classe Maca\u00e9.<\/span><\/p>\n<p><span dir=\"auto\">Na cerim\u00f4nia, Jos\u00e9 M\u00facio Monteiro informou que a\u00a0\u00a0<\/span><em><span dir=\"auto\">Mangaratiba<\/span><\/em><span dir=\"auto\">\u00a0\u00a0ser\u00e1 usada inicialmente pelo 4\u00ba Distrito Naval, no patrulhamento na regi\u00e3o Norte do pa\u00eds, principalmente na Margem Equatorial, onde a Petrobras faz estudos de previs\u00f5es para explora\u00e7\u00e3o de petr\u00f3leo e g\u00e1s no mar. \u201cEssa obra de engenharia naval \u00e9 fundamental para a prote\u00e7\u00e3o da nossa nova fronteira explorat\u00f3ria de petr\u00f3leo e g\u00e1s na Margem Equatorial\u201d, ressaltou o ministro, ao comentar a constru\u00e7\u00e3o do navio-patrulha.<\/span><\/p>\n<p><span dir=\"auto\">Ele afirmou ainda que, apesar dos avan\u00e7os que foram alcan\u00e7ados em termos de reaparelhamento da Marinha, o n\u00famero de navios da for\u00e7a ainda \u00e9 pequeno para cobrir os 8.500 quil\u00f4metros da costa do Brasil. E destacou que \u00e9 preciso dar aten\u00e7\u00e3o especial \u00e0s regi\u00f5es Nordeste e Norte, que ainda s\u00e3o, segundo ele, as menos protegidas. &#8220;A gente cuida do sul. A Marinha est\u00e1 no Rio de Janeiro, mas temos um pa\u00eds inteiro no Norte do Brasil&#8221;, explicou.<\/span><\/p>\n<p><span dir=\"auto\">Por isso, disse ele, \u00e9 preciso investir mais para dotar a Amaz\u00f4nia, o Norte e a Margem Equatorial de capacidade de defesa das riquezas brasileiras. Mas, segundo M\u00facio, esse projeto, que \u00e9 classificado como \u201cdesafio gigantesco\u201d, deve ser responsabilidade dos futuros governos, ressaltando que o atual aprovou uma destina\u00e7\u00e3o de R$ 30 bilh\u00f5es para que sejam investidos em novos programas para ampliar a capacidade de defesa do Brasil, mesmo que ainda n\u00e3o preveja cobrir tudo o que \u00e9 necess\u00e1rio. \u201cNos pr\u00f3ximos cinco anos, seremos melhores que fomos nos cinco anteriores, mas ainda aqu\u00e9m do que o Brasil precisa\u201d, disse.<\/span><\/p>\n<p><span dir=\"auto\">De acordo com a Marinha, o Pronapa tem potencial para criar 7.500 empregos, sendo 450 diretos, 1.050 indiretos e 6.000 induzidos, al\u00e9m de contribuir para a moderniza\u00e7\u00e3o do Arsenal da Marinha do Rio de Janeiro, o mais antigo estaleiro do Brasil, criado em 1763. A previs\u00e3o \u00e9 que, a partir do programa, sejam incorporados no total 20 navios-patrulha nos pr\u00f3ximos 20 anos.<\/span><\/p>\n<p><span dir=\"auto\">Fonte:\u00a0<\/span><span dir=\"auto\">Revista Portos e Navios<\/span><\/p>\n","protected":false},"excerpt":{"rendered":"<p>O Ministro da Defesa, Jos\u00e9 M\u00facio Monteiro, afirmou que os programas de reaparelhamento da Marinha do Brasil, que incluem a constru\u00e7\u00e3o de fragatas, navios-patrulha, submarinos&#8230;<\/p>\n","protected":false},"author":1527,"featured_media":65069,"comment_status":"closed","ping_status":"closed","sticky":false,"template":"","format":"standard","meta":{"footnotes":""},"categories":[6],"tags":[],"class_list":["post-65068","post","type-post","status-publish","format-standard","has-post-thumbnail","hentry","category-noticias"],"_links":{"self":[{"href":"https:\/\/www.sincomam.org.br\/index.php\/wp-json\/wp\/v2\/posts\/65068","targetHints":{"allow":["GET"]}}],"collection":[{"href":"https:\/\/www.sincomam.org.br\/index.php\/wp-json\/wp\/v2\/posts"}],"about":[{"href":"https:\/\/www.sincomam.org.br\/index.php\/wp-json\/wp\/v2\/types\/post"}],"author":[{"embeddable":true,"href":"https:\/\/www.sincomam.org.br\/index.php\/wp-json\/wp\/v2\/users\/1527"}],"replies":[{"embeddable":true,"href":"https:\/\/www.sincomam.org.br\/index.php\/wp-json\/wp\/v2\/comments?post=65068"}],"version-history":[{"count":1,"href":"https:\/\/www.sincomam.org.br\/index.php\/wp-json\/wp\/v2\/posts\/65068\/revisions"}],"predecessor-version":[{"id":65070,"href":"https:\/\/www.sincomam.org.br\/index.php\/wp-json\/wp\/v2\/posts\/65068\/revisions\/65070"}],"wp:featuredmedia":[{"embeddable":true,"href":"https:\/\/www.sincomam.org.br\/index.php\/wp-json\/wp\/v2\/media\/65069"}],"wp:attachment":[{"href":"https:\/\/www.sincomam.org.br\/index.php\/wp-json\/wp\/v2\/media?parent=65068"}],"wp:term":[{"taxonomy":"category","embeddable":true,"href":"https:\/\/www.sincomam.org.br\/index.php\/wp-json\/wp\/v2\/categories?post=65068"},{"taxonomy":"post_tag","embeddable":true,"href":"https:\/\/www.sincomam.org.br\/index.php\/wp-json\/wp\/v2\/tags?post=65068"}],"curies":[{"name":"wp","href":"https:\/\/api.w.org\/{rel}","templated":true}]}}