{"id":65046,"date":"2026-04-27T08:37:51","date_gmt":"2026-04-27T11:37:51","guid":{"rendered":"https:\/\/www.sincomam.org.br\/?p=65046"},"modified":"2026-04-27T08:37:51","modified_gmt":"2026-04-27T11:37:51","slug":"nn-logistica-2026-supera-expectativas-movimenta-r-520-milhoes-e-consolida-manaus-como-hub-da-industria-fluvial","status":"publish","type":"post","link":"https:\/\/www.sincomam.org.br\/index.php\/nn-logistica-2026-supera-expectativas-movimenta-r-520-milhoes-e-consolida-manaus-como-hub-da-industria-fluvial\/","title":{"rendered":"NN Log\u00edstica 2026 supera expectativas, movimenta R$ 520 milh\u00f5es e consolida Manaus como hub da ind\u00fastria fluvial"},"content":{"rendered":"<p>Manaus encerrou a edi\u00e7\u00e3o 2026 da NN Log\u00edstica consolidando-se como o principal polo de articula\u00e7\u00e3o da ind\u00fastria fluvial na Am\u00e9rica Latina. Realizado no Centro de Conven\u00e7\u00f5es Vasco Vasques, o evento reuniu mais de 9 mil visitantes e gerou cerca de R$ 520 milh\u00f5es em acordos comerciais, segundo os organizadores.<\/p>\n<p>Mais do que n\u00fameros expressivos, a feira se destacou por reunir atores de todas as esferas \u2014 governo federal, ag\u00eancias reguladoras, operadores log\u00edsticos, ind\u00fastria naval, estaleiros, multinacionais, estudantes, universidades e entidades setoriais \u2014 em torno de uma agenda estrat\u00e9gica para o futuro da navega\u00e7\u00e3o interior e da infraestrutura log\u00edstica brasileira.<\/p>\n<p>Para um dos organizadores da feira, David Semeghini, o resultado reflete a maturidade do setor e o papel crescente da regi\u00e3o Norte no cen\u00e1rio nacional.<\/p>\n<p>\u201cO evento superou todas as expectativas, tanto em visitantes quanto em gera\u00e7\u00e3o de neg\u00f3cios. Tivemos grandes debates, conex\u00f5es relevantes e mais de R$ 520 milh\u00f5es em vendas. Manaus \u00e9 o cora\u00e7\u00e3o do Arco Norte, e a tend\u00eancia \u00e9 crescer cada vez mais, trazendo tecnologia e empresas para a regi\u00e3o\u201d, afirma.<\/p>\n<p>A pr\u00f3xima edi\u00e7\u00e3o ocorrer\u00e1 em abril de 2027, novamente em Manaus, com expectativa de expans\u00e3o.<\/p>\n<p><strong>Avan\u00e7os concretos e consenso do setor<\/strong><\/p>\n<p>No campo institucional e estrat\u00e9gico, os Di\u00e1logos Hidrovi\u00e1veis que trouxeram \u00e0 Manaus autoridades e especialistas no setor, apontaram consensos importantes para o desenvolvimento da log\u00edstica nacional, especialmente no eixo hidrovi\u00e1rio.<\/p>\n<p>Segundo o presidente da Ag\u00eancia de Desenvolvimento Sustent\u00e1vel das Hidrovias e dos Corredores de Exporta\u00e7\u00e3o (ADECON), Adalberto Tokarski, o evento consolidou diretrizes claras para o setor.<\/p>\n<p>\u201cO principal consenso \u00e9 a necessidade de pol\u00edticas p\u00fablicas mais estruturadas, com maior participa\u00e7\u00e3o da iniciativa privada e comunica\u00e7\u00e3o mais pr\u00f3xima com a sociedade. A concess\u00e3o de hidrovias \u00e9 essencial para garantir navega\u00e7\u00e3o segura durante 365 dias por ano e 24 horas por dia, reduzindo custos log\u00edsticos.\u201d<\/p>\n<p>Tokarski tamb\u00e9m destacou o avan\u00e7o da ind\u00fastria naval, impulsionado por investimentos do Fundo da Marinha Mercante:<\/p>\n<p>\u201cForam aprovados R$ 80 bilh\u00f5es, com cerca de R$ 16 bilh\u00f5es j\u00e1 aplicados, o que representa um crescimento superior a 1.000% em rela\u00e7\u00e3o ao per\u00edodo anterior. No Amazonas, estaleiros ampliaram em mais de 300% sua for\u00e7a de trabalho qualificada.\u201d<\/p>\n<p>O presidente da ADECON tamb\u00e9m destacou a evolu\u00e7\u00e3o de projetos estruturantes, como outro ponto relevante dos Di\u00e1logos Hidrovi\u00e1veis, tem\u00e1rio da NN Log\u00edstica 2026.<\/p>\n<p>\u201cO DNIT j\u00e1 possui projetos e recursos para dragagem nas principais hidrovias da Amaz\u00f4nia. Al\u00e9m disso, o terminal da Manaus Moderna avan\u00e7a, com perspectiva de concess\u00e3o \u00e0 iniciativa privada, o que \u00e9 fundamental para atender a popula\u00e7\u00e3o e melhorar a log\u00edstica local.\u201d<\/p>\n<p><strong>Ind\u00fastria aquecida e crescimento dos estaleiros<\/strong><\/p>\n<p>O aquecimento da demanda por embarca\u00e7\u00f5es tamb\u00e9m foi destacado como fator determinante para o sucesso da feira.<\/p>\n<p>\u201cO aumento das encomendas de embarca\u00e7\u00f5es fluviais tem sido decisivo. O n\u00edvel de ociosidade dos estaleiros nunca foi t\u00e3o baixo, o que demonstra a for\u00e7a e o momento positivo da ind\u00fastria naval na regi\u00e3o.\u201d, avalia a diretora da NN Log\u00edstica, Ros\u00e2ngela Vieira.<\/p>\n<p><strong>Expans\u00e3o da feira e protagonismo do setor<\/strong><\/p>\n<p>A evolu\u00e7\u00e3o da NN Log\u00edstica acompanha o crescimento do pr\u00f3prio setor. De acordo com o diretor, Marcos Godoy Perez, a edi\u00e7\u00e3o 2026 marcou um salto relevante.<\/p>\n<p>\u201cA feira cresceu consistentemente desde a primeira edi\u00e7\u00e3o, mas este ano avan\u00e7ou de forma significativa, com amplia\u00e7\u00e3o de 30% da \u00e1rea de exposi\u00e7\u00e3o. Recebemos mais de 9 mil visitantes e geramos R$ 520 milh\u00f5es em neg\u00f3cios. Isso comprova a robustez da ind\u00fastria naval fluvial da regi\u00e3o Norte.\u201d<\/p>\n<p>Ele tamb\u00e9m projeta expans\u00e3o para os pr\u00f3ximos anos.<\/p>\n<p>\u201cPara 2027, esperamos alcan\u00e7ar uma nova marca. J\u00e1 temos renova\u00e7\u00f5es de contrato, pedidos de amplia\u00e7\u00e3o de estandes e interesse de empresas que hoje participam como visitantes.\u201d<\/p>\n<p>A NN Log\u00edstica \u00e9 hoje a principal plataforma de neg\u00f3cios e debates da ind\u00fastria fluvial na Am\u00e9rica Latina.<\/p>\n<p>&#8220;Ao reunir investimento, inova\u00e7\u00e3o, pol\u00edtica p\u00fablica e articula\u00e7\u00e3o institucional em um \u00fanico ambiente, a feira refor\u00e7a o protagonismo da Amaz\u00f4nia no futuro da log\u00edstica brasileira e projeta Manaus como um dos principais hubs do setor no continente. Com nova edi\u00e7\u00e3o j\u00e1 confirmada para 2027, o evento avan\u00e7a para um novo ciclo de crescimento, ampliando sua relev\u00e2ncia nacional e internacional&#8221;, aposta David Semeghini.<\/p>\n<p>Fonte: Portos e Navios<\/p>\n","protected":false},"excerpt":{"rendered":"<p>Manaus encerrou a edi\u00e7\u00e3o 2026 da NN Log\u00edstica consolidando-se como o principal polo de articula\u00e7\u00e3o da ind\u00fastria fluvial na Am\u00e9rica Latina. Realizado no Centro de&#8230;<\/p>\n","protected":false},"author":1527,"featured_media":65047,"comment_status":"closed","ping_status":"closed","sticky":false,"template":"","format":"standard","meta":{"footnotes":""},"categories":[6],"tags":[],"class_list":["post-65046","post","type-post","status-publish","format-standard","has-post-thumbnail","hentry","category-noticias"],"_links":{"self":[{"href":"https:\/\/www.sincomam.org.br\/index.php\/wp-json\/wp\/v2\/posts\/65046","targetHints":{"allow":["GET"]}}],"collection":[{"href":"https:\/\/www.sincomam.org.br\/index.php\/wp-json\/wp\/v2\/posts"}],"about":[{"href":"https:\/\/www.sincomam.org.br\/index.php\/wp-json\/wp\/v2\/types\/post"}],"author":[{"embeddable":true,"href":"https:\/\/www.sincomam.org.br\/index.php\/wp-json\/wp\/v2\/users\/1527"}],"replies":[{"embeddable":true,"href":"https:\/\/www.sincomam.org.br\/index.php\/wp-json\/wp\/v2\/comments?post=65046"}],"version-history":[{"count":1,"href":"https:\/\/www.sincomam.org.br\/index.php\/wp-json\/wp\/v2\/posts\/65046\/revisions"}],"predecessor-version":[{"id":65048,"href":"https:\/\/www.sincomam.org.br\/index.php\/wp-json\/wp\/v2\/posts\/65046\/revisions\/65048"}],"wp:featuredmedia":[{"embeddable":true,"href":"https:\/\/www.sincomam.org.br\/index.php\/wp-json\/wp\/v2\/media\/65047"}],"wp:attachment":[{"href":"https:\/\/www.sincomam.org.br\/index.php\/wp-json\/wp\/v2\/media?parent=65046"}],"wp:term":[{"taxonomy":"category","embeddable":true,"href":"https:\/\/www.sincomam.org.br\/index.php\/wp-json\/wp\/v2\/categories?post=65046"},{"taxonomy":"post_tag","embeddable":true,"href":"https:\/\/www.sincomam.org.br\/index.php\/wp-json\/wp\/v2\/tags?post=65046"}],"curies":[{"name":"wp","href":"https:\/\/api.w.org\/{rel}","templated":true}]}}