{"id":6485,"date":"2014-07-08T09:24:27","date_gmt":"2014-07-08T12:24:27","guid":{"rendered":"http:\/\/www.sincomam.org.br\/?p=6485"},"modified":"2014-07-08T10:26:14","modified_gmt":"2014-07-08T13:26:14","slug":"alstom-e-tractebel-firmam-contrato-de-120-milhoes-de-euros-no-nordeste","status":"publish","type":"post","link":"https:\/\/www.sincomam.org.br\/index.php\/alstom-e-tractebel-firmam-contrato-de-120-milhoes-de-euros-no-nordeste\/","title":{"rendered":"Alstom e Tractebel firmam contrato de 120 milh\u00f5es de euros no Nordeste"},"content":{"rendered":"<p>O grupo de engenharia Alstom e a Tractebel \u2014 maior geradora de energia privada do Brasil \u2014 firmaram um contrato no valor de 120 milh\u00f5es de euros para o fornecimento de aerogeradores ECO 122 para o projeto Trair\u00ed II, um parque e\u00f3lico localizado no Cear\u00e1. A fase operacional do projeto est\u00e1 marcada para come\u00e7ar em meados de 2016 e ir\u00e1 gerar 97,2 MW.<\/p>\n<p>O acordo inclui a entrega de 36 unidades dos aerogeradores, de 2,7 MW cada, e a manuten\u00e7\u00e3o do parque por dez anos pela empresa francesa.<\/p>\n<p>Yves Rannou, vice-presidente s\u00eanior da \u00e1rea e\u00f3lica da Alstom, afirmou que o projeto Trair\u00ed II ser\u00e1 o primeiro a usar as novas torres da companhia, de 119 metros. \u201cIsso nos permitir\u00e1 aproveitar melhor os recursos e\u00f3licos, independente das caracter\u00edsticas do vento.\u201d<\/p>\n<p>As torres ser\u00e3o compostas por 11 setores de concreto. Segundo a Alstom, \u00e9 um m\u00e9todo exclusivo de instala\u00e7\u00e3o baseado em t\u00e9cnicas de levantamento hidr\u00e1ulico usadas na engenharia civil. Parte dos aerogeradores ser\u00e1 fabricada na unidade industrial da Alstom, na Bahia, aproveitando os investimentos da empresa no pa\u00eds.<\/p>\n<p>Segundo a companhia, que \u00e9 respons\u00e1vel por quase 30% do mercado de gera\u00e7\u00e3o de energia do Brasil, o aerogerador ECO 122 combina alta pot\u00eancia e alto fator de capacidade para aumentar a produ\u00e7\u00e3o de energia em regi\u00f5es de baixos ventos. \u201cPor esse motivo, eles se encaixam com as condi\u00e7\u00f5es de vento brasileiras\u201d, diz.<\/p>\n<p>Fonte: Valor Econ\u00f4micoLigia Tuon<\/p>\n","protected":false},"excerpt":{"rendered":"<p>O grupo de engenharia Alstom e a Tractebel \u2014 maior geradora de energia privada do Brasil \u2014 firmaram um contrato no valor de 120 milh\u00f5es&#8230;<\/p>\n","protected":false},"author":1182,"featured_media":3538,"comment_status":"closed","ping_status":"closed","sticky":false,"template":"","format":"standard","meta":{"footnotes":""},"categories":[6],"tags":[],"class_list":["post-6485","post","type-post","status-publish","format-standard","has-post-thumbnail","hentry","category-noticias"],"_links":{"self":[{"href":"https:\/\/www.sincomam.org.br\/index.php\/wp-json\/wp\/v2\/posts\/6485","targetHints":{"allow":["GET"]}}],"collection":[{"href":"https:\/\/www.sincomam.org.br\/index.php\/wp-json\/wp\/v2\/posts"}],"about":[{"href":"https:\/\/www.sincomam.org.br\/index.php\/wp-json\/wp\/v2\/types\/post"}],"author":[{"embeddable":true,"href":"https:\/\/www.sincomam.org.br\/index.php\/wp-json\/wp\/v2\/users\/1182"}],"replies":[{"embeddable":true,"href":"https:\/\/www.sincomam.org.br\/index.php\/wp-json\/wp\/v2\/comments?post=6485"}],"version-history":[{"count":1,"href":"https:\/\/www.sincomam.org.br\/index.php\/wp-json\/wp\/v2\/posts\/6485\/revisions"}],"predecessor-version":[{"id":6486,"href":"https:\/\/www.sincomam.org.br\/index.php\/wp-json\/wp\/v2\/posts\/6485\/revisions\/6486"}],"wp:featuredmedia":[{"embeddable":true,"href":"https:\/\/www.sincomam.org.br\/index.php\/wp-json\/wp\/v2\/media\/3538"}],"wp:attachment":[{"href":"https:\/\/www.sincomam.org.br\/index.php\/wp-json\/wp\/v2\/media?parent=6485"}],"wp:term":[{"taxonomy":"category","embeddable":true,"href":"https:\/\/www.sincomam.org.br\/index.php\/wp-json\/wp\/v2\/categories?post=6485"},{"taxonomy":"post_tag","embeddable":true,"href":"https:\/\/www.sincomam.org.br\/index.php\/wp-json\/wp\/v2\/tags?post=6485"}],"curies":[{"name":"wp","href":"https:\/\/api.w.org\/{rel}","templated":true}]}}