{"id":6469,"date":"2014-07-07T08:22:01","date_gmt":"2014-07-07T11:22:01","guid":{"rendered":"http:\/\/www.sincomam.org.br\/?p=6469"},"modified":"2014-07-06T23:32:23","modified_gmt":"2014-07-07T02:32:23","slug":"abegas-consumo-de-gas-natural-cresce-379-em-relacao-a-2013","status":"publish","type":"post","link":"https:\/\/www.sincomam.org.br\/index.php\/abegas-consumo-de-gas-natural-cresce-379-em-relacao-a-2013\/","title":{"rendered":"Abeg\u00e1s: consumo de g\u00e1s natural cresce 3,79% em rela\u00e7\u00e3o a 2013"},"content":{"rendered":"<p>O consumo de g\u00e1s natural em maio deste ano apresentou expans\u00e3o de 3,79% em rela\u00e7\u00e3o ao mesmo per\u00edodo de 2013 ao atingir uma m\u00e9dia de 76,041 milh\u00f5es de metros c\u00fabicos por dia (m?\/d). Na compara\u00e7\u00e3o com abril, houve uma expans\u00e3o de 0,7%, de acordo com dados divulgados na manh\u00e3 desta quinta-feira, 3, pela Associa\u00e7\u00e3o Brasileira das Empresas Distribuidoras de G\u00e1s Canalizado (Abeg\u00e1s).<\/p>\n<p>O resultado foi impulsionado por uma expans\u00e3o de 14% na cogera\u00e7\u00e3o ante maio do ano passado e de 5,7% em rela\u00e7\u00e3o a abril. &#8220;O crescimento \u00e9 justificado pela maior competitividade sobre outros insumos energ\u00e9ticos e \u00e0 alta do pre\u00e7o da energia el\u00e9trica&#8221;, destaca a entidade.<\/p>\n<p>No segmento industrial, o consumo cresceu 0,5% em rela\u00e7\u00e3o a maio do ano passado e 1,7% ante abril, consolidando assim um crescimento registrado desde o in\u00edcio do ano. O consumo neste segmento totalizou uma m\u00e9dia de 29 milh\u00f5es m?\/d, o que representa o melhor resultado desde agosto de 2013.<\/p>\n<p>No caso do segmento automotivo, os sinais foram contradit\u00f3rios. O volume consumido em maio ficou 2,9% inferior ao do mesmo per\u00edodo do ano passado, por\u00e9m representou uma expans\u00e3o de 0,9% ante abril deste ano, ap\u00f3s um per\u00edodo de dois meses seguidos de retra\u00e7\u00e3o.<\/p>\n<p>A gera\u00e7\u00e3o el\u00e9trica continua em alta, com expans\u00e3o de 16,3% na compara\u00e7\u00e3o anualizada e 1,3% na compara\u00e7\u00e3o mensal, contrastando com a situa\u00e7\u00e3o de consumo no setor residencial. Embora o n\u00famero de consumidores tenha crescido 0,7% e atingido 2,5 milh\u00f5es em todo o Pa\u00eds, o consumo residencial encolheu 14,3% na compara\u00e7\u00e3o com maio de 2013 e 2,7% em rela\u00e7\u00e3o a abril deste ano.<\/p>\n<p>Fonte: Portal A Tarde<\/p>\n","protected":false},"excerpt":{"rendered":"<p>O consumo de g\u00e1s natural em maio deste ano apresentou expans\u00e3o de 3,79% em rela\u00e7\u00e3o ao mesmo per\u00edodo de 2013 ao atingir uma m\u00e9dia de&#8230;<\/p>\n","protected":false},"author":1182,"featured_media":5673,"comment_status":"closed","ping_status":"closed","sticky":false,"template":"","format":"standard","meta":{"footnotes":""},"categories":[6],"tags":[],"class_list":["post-6469","post","type-post","status-publish","format-standard","has-post-thumbnail","hentry","category-noticias"],"_links":{"self":[{"href":"https:\/\/www.sincomam.org.br\/index.php\/wp-json\/wp\/v2\/posts\/6469","targetHints":{"allow":["GET"]}}],"collection":[{"href":"https:\/\/www.sincomam.org.br\/index.php\/wp-json\/wp\/v2\/posts"}],"about":[{"href":"https:\/\/www.sincomam.org.br\/index.php\/wp-json\/wp\/v2\/types\/post"}],"author":[{"embeddable":true,"href":"https:\/\/www.sincomam.org.br\/index.php\/wp-json\/wp\/v2\/users\/1182"}],"replies":[{"embeddable":true,"href":"https:\/\/www.sincomam.org.br\/index.php\/wp-json\/wp\/v2\/comments?post=6469"}],"version-history":[{"count":1,"href":"https:\/\/www.sincomam.org.br\/index.php\/wp-json\/wp\/v2\/posts\/6469\/revisions"}],"predecessor-version":[{"id":6470,"href":"https:\/\/www.sincomam.org.br\/index.php\/wp-json\/wp\/v2\/posts\/6469\/revisions\/6470"}],"wp:featuredmedia":[{"embeddable":true,"href":"https:\/\/www.sincomam.org.br\/index.php\/wp-json\/wp\/v2\/media\/5673"}],"wp:attachment":[{"href":"https:\/\/www.sincomam.org.br\/index.php\/wp-json\/wp\/v2\/media?parent=6469"}],"wp:term":[{"taxonomy":"category","embeddable":true,"href":"https:\/\/www.sincomam.org.br\/index.php\/wp-json\/wp\/v2\/categories?post=6469"},{"taxonomy":"post_tag","embeddable":true,"href":"https:\/\/www.sincomam.org.br\/index.php\/wp-json\/wp\/v2\/tags?post=6469"}],"curies":[{"name":"wp","href":"https:\/\/api.w.org\/{rel}","templated":true}]}}