{"id":6467,"date":"2014-07-07T08:40:13","date_gmt":"2014-07-07T11:40:13","guid":{"rendered":"http:\/\/www.sincomam.org.br\/?p=6467"},"modified":"2014-07-06T23:21:53","modified_gmt":"2014-07-07T02:21:53","slug":"empresa-esclarece-sobre-construcao-de-portos-graneleiros-em-santarem","status":"publish","type":"post","link":"https:\/\/www.sincomam.org.br\/index.php\/empresa-esclarece-sobre-construcao-de-portos-graneleiros-em-santarem\/","title":{"rendered":"Empresa esclarece sobre constru\u00e7\u00e3o de portos graneleiros em Santar\u00e9m"},"content":{"rendered":"<p><strong><em>Previs\u00e3o \u00e9 que EIA-Rima seja conclu\u00eddo no fim de 2014<\/em><\/strong><\/p>\n<p>A Empresa Brasileira Portos de Santar\u00e9m (Embraps) que ser\u00e1 respons\u00e1vel pela constru\u00e7\u00e3o dos portos graneleiros na Grande \u00c1rea do Maic\u00e1, em Santar\u00e9m, oeste do Par\u00e1, reuniu na manh\u00e3 deste domingo (6) com moradores do local para esclarecer d\u00favidas sobre a instala\u00e7\u00e3o do empreendimento. De acordo com a assessora de imprensa da empresa, N\u00edvea Maria, o EIA-Rima \u2013 Estudo e Relat\u00f3rio de Impactos Ambientais \u2013 ser\u00e1 conclu\u00eddo at\u00e9 o fim de 2014.<\/p>\n<p>A reuni\u00e3o foi agendada ap\u00f3s os moradores que moram \u00e0s margens do Lago do Maic\u00e1 manifestarem preocupa\u00e7\u00e3o com os poss\u00edveis danos que podem ser causados \u00e0 \u00e1rea com a constru\u00e7\u00e3o dos portos. \u201c\u00c9 uma \u00e1rea que deve agregar quatro portos, tr\u00eas empresas multinacionais que v\u00e3o construir para exporta\u00e7\u00e3o de gr\u00e3os. A nossa preocupa\u00e7\u00e3o \u00e9 quanto aos impactos ambientais, pois sabemos que nos grandes empreendimentos h\u00e1 muitos impactos negativos. N\u00f3s somos a favor, mas desde que seja desenvolvimento sustent\u00e1vel\u201d, defendeu o presidente do Conselho da Grande \u00c1rea do Maic\u00e1, Adilson Matos.<\/p>\n<p>O projeto de implanta\u00e7\u00e3o ainda n\u00e3o foi aprovado. A Embraps est\u00e1 concluindo as pesquisas ambientais e socioecon\u00f4micas. \u201cViemos trazer informa\u00e7\u00f5es quanto ao projeto portu\u00e1rio da \u00c1rea Verde. Atualmente estamos na fase de EIA-Rima com a equipe socioecon\u00f4mica praticamente concluindo a aplica\u00e7\u00e3o dos question\u00e1rios, fazendo levantamento da socioeconomia e demografia. Deve ser conclu\u00eddo na ter\u00e7a-feira [8], restando apenas o trabalho de entrevista com as lideran\u00e7as\u201d, esclareceu N\u00edvea.<\/p>\n<p>Segundo a assessora, uma equipe do Museu Goeldi vai enviar bi\u00f3logos para fazer as pesquisas na \u00e1rea. Quando o n\u00edvel do rio baixar, tamb\u00e9m ser\u00e3o realizados estudos antropol\u00f3gicos e arqueol\u00f3gicos e uma empresa foi contratada para fazer as pesquisas de solo.<\/p>\n<p>Fonte: G1 \/ Santar\u00e9m e Regi\u00e3o<\/p>\n","protected":false},"excerpt":{"rendered":"<p>Previs\u00e3o \u00e9 que EIA-Rima seja conclu\u00eddo no fim de 2014 A Empresa Brasileira Portos de Santar\u00e9m (Embraps) que ser\u00e1 respons\u00e1vel pela constru\u00e7\u00e3o dos portos graneleiros&#8230;<\/p>\n","protected":false},"author":1182,"featured_media":5251,"comment_status":"closed","ping_status":"closed","sticky":false,"template":"","format":"standard","meta":{"footnotes":""},"categories":[6],"tags":[],"class_list":["post-6467","post","type-post","status-publish","format-standard","has-post-thumbnail","hentry","category-noticias"],"_links":{"self":[{"href":"https:\/\/www.sincomam.org.br\/index.php\/wp-json\/wp\/v2\/posts\/6467","targetHints":{"allow":["GET"]}}],"collection":[{"href":"https:\/\/www.sincomam.org.br\/index.php\/wp-json\/wp\/v2\/posts"}],"about":[{"href":"https:\/\/www.sincomam.org.br\/index.php\/wp-json\/wp\/v2\/types\/post"}],"author":[{"embeddable":true,"href":"https:\/\/www.sincomam.org.br\/index.php\/wp-json\/wp\/v2\/users\/1182"}],"replies":[{"embeddable":true,"href":"https:\/\/www.sincomam.org.br\/index.php\/wp-json\/wp\/v2\/comments?post=6467"}],"version-history":[{"count":1,"href":"https:\/\/www.sincomam.org.br\/index.php\/wp-json\/wp\/v2\/posts\/6467\/revisions"}],"predecessor-version":[{"id":6468,"href":"https:\/\/www.sincomam.org.br\/index.php\/wp-json\/wp\/v2\/posts\/6467\/revisions\/6468"}],"wp:featuredmedia":[{"embeddable":true,"href":"https:\/\/www.sincomam.org.br\/index.php\/wp-json\/wp\/v2\/media\/5251"}],"wp:attachment":[{"href":"https:\/\/www.sincomam.org.br\/index.php\/wp-json\/wp\/v2\/media?parent=6467"}],"wp:term":[{"taxonomy":"category","embeddable":true,"href":"https:\/\/www.sincomam.org.br\/index.php\/wp-json\/wp\/v2\/categories?post=6467"},{"taxonomy":"post_tag","embeddable":true,"href":"https:\/\/www.sincomam.org.br\/index.php\/wp-json\/wp\/v2\/tags?post=6467"}],"curies":[{"name":"wp","href":"https:\/\/api.w.org\/{rel}","templated":true}]}}