{"id":6449,"date":"2014-07-04T08:10:06","date_gmt":"2014-07-04T11:10:06","guid":{"rendered":"http:\/\/www.sincomam.org.br\/?p=6449"},"modified":"2014-07-03T21:49:52","modified_gmt":"2014-07-04T00:49:52","slug":"viaduto-desaba-sobre-caminhoes-carro-e-micro-onibus-em-bh","status":"publish","type":"post","link":"https:\/\/www.sincomam.org.br\/index.php\/viaduto-desaba-sobre-caminhoes-carro-e-micro-onibus-em-bh\/","title":{"rendered":"Viaduto desaba sobre caminh\u00f5es, carro e micro-\u00f4nibus em BH"},"content":{"rendered":"<p><strong><em>Estrutura era constru\u00edda sobre a Avenida Pedro I, na Pampulha<\/em><\/strong><\/p>\n<p>Um viaduto desabou na tarde desta quinta-feira (3), na Avenida Pedro I, pr\u00f3ximo \u00e0 Lagoa do Nado, regi\u00e3o da Pampulha, em Belo Horizonte. Dois caminh\u00f5es, um carro e um micro-\u00f4nibus foram atingidos pela estrutura. A motorista do \u00f4nibus morreu no local e, segundo a Secretaria de Estado de Sa\u00fade, 22 pessoas ficaram feridas.<\/p>\n<p>O viaduto, que sa\u00eda da Rua Ol\u00edmpio Mour\u00e3o e passava sobre a Avenida Pedro I, estava em constru\u00e7\u00e3o e, segundo a Secretaria Municipal de Obras e Infraestrutura, seria inaugurado neste m\u00eas. O acidente aconteceu na Regi\u00e3o da Pampulha, onde est\u00e1 o est\u00e1dio Mineir\u00e3o, que vai receber uma partida da semifinal da Copa do Mundo na pr\u00f3xima ter\u00e7a-feira (8). A Avenida Pedro I \u00e9 uma das vias de acesso ao Aeroporto Internacional Tancredo Neves, em Confins.<\/p>\n<p>As causas do acidente ainda s\u00e3o desconhecidas. O prefeito de Belo Horizonte, Marcio Lacerda, esteve no local do desabamento e disse que ainda \u00e9 prematuro apurar responsabilidades. &#8220;N\u00e3o sabemos se \u00e9 falha de projeto ou de constru\u00e7\u00e3o&#8221;, disse o chefe do Executivo, que disse que a administra\u00e7\u00e3o est\u00e1 empenhada em prestar assist\u00eancia \u00e0s v\u00edtimas. O prefeito decretou luto oficial de tr\u00eas dias na cidade.<\/p>\n<p>eritos da Pol\u00edcia Civil, t\u00e9cnicos da Coordenadora Municipal de Defesa Civil (Comdec) e militares do Corpo de Bombeiros estavam no local at\u00e9 o in\u00edcio da noite desta quinta-feira para avaliar a situa\u00e7\u00e3o. O resgate do carro que ainda estava embaixo da estrutura de desabou deve ser feito durante a noite porque h\u00e1 a possibilidade de o dono estar preso nas ferragens. Os bombeiros e a secretaria consideram uma morte presumida, al\u00e9m da confirmada, que seria o motorista deste carro. Os dois caminh\u00f5es antigidos estavam vazios e todos os feridos eram passageiros do micro-\u00f4nibus.<\/p>\n<p>Um pelot\u00e3o de 35 militares do Ex\u00e9rcito est\u00e1 no local para ajudar na retirada do viaduto que est\u00e1 sobre a Avenida Pedro I e para liberar a via.<\/p>\n<p>Um segundo viaduto tamb\u00e9m est\u00e1 sendo constru\u00eddo ao lado do que desabou. Segundo o Corpo de Bombeiros no local, uma vistoria verificou que a estrutura deste segundo elevado foi abalada com a queda do primeiro. Partes do viaduto foram escoradas para evitar novos desabamentos.<\/p>\n<p>A Construtora Cowan, respons\u00e1vel pela obra, lamentou o acidente em nota e disse que iria prestar apoio \u00e0s v\u00edtimas. &#8220;A Cowan lamenta profundamente o ocorrido com o viaduto sobre a Avenida Pedro I. Neste momento, a prioridade \u00e9 o apoio \u00e0s vitimas e aos familiares. A empresa informa que j\u00e1 enviou ao local a equipe t\u00e9cnica para iniciar as investiga\u00e7\u00f5es&#8221;, informava a nota.<\/p>\n<p>A obra faz parte da meta 2 do Plano de Mobilidade do BRT, que seria usada durante a Copa do Mundo. Segundo a Secretaria Extraordin\u00e1ria da Copa, a Secopa, a constru\u00e7\u00e3o tem verba federal, mas era executada pela Prefeitura de Belo Horizonte. O valor desta etapa da obra \u00e9 de R$ 460 milh\u00f5es e, at\u00e9 agora, j\u00e1 foram executados R$ 445 milh\u00f5es.<\/p>\n<p>Foto: G1 Minas Gerais<\/p>\n","protected":false},"excerpt":{"rendered":"<p>Estrutura era constru\u00edda sobre a Avenida Pedro I, na Pampulha Um viaduto desabou na tarde desta quinta-feira (3), na Avenida Pedro I, pr\u00f3ximo \u00e0 Lagoa&#8230;<\/p>\n","protected":false},"author":1182,"featured_media":6450,"comment_status":"closed","ping_status":"closed","sticky":false,"template":"","format":"standard","meta":{"footnotes":""},"categories":[6],"tags":[],"class_list":["post-6449","post","type-post","status-publish","format-standard","has-post-thumbnail","hentry","category-noticias"],"_links":{"self":[{"href":"https:\/\/www.sincomam.org.br\/index.php\/wp-json\/wp\/v2\/posts\/6449","targetHints":{"allow":["GET"]}}],"collection":[{"href":"https:\/\/www.sincomam.org.br\/index.php\/wp-json\/wp\/v2\/posts"}],"about":[{"href":"https:\/\/www.sincomam.org.br\/index.php\/wp-json\/wp\/v2\/types\/post"}],"author":[{"embeddable":true,"href":"https:\/\/www.sincomam.org.br\/index.php\/wp-json\/wp\/v2\/users\/1182"}],"replies":[{"embeddable":true,"href":"https:\/\/www.sincomam.org.br\/index.php\/wp-json\/wp\/v2\/comments?post=6449"}],"version-history":[{"count":1,"href":"https:\/\/www.sincomam.org.br\/index.php\/wp-json\/wp\/v2\/posts\/6449\/revisions"}],"predecessor-version":[{"id":6451,"href":"https:\/\/www.sincomam.org.br\/index.php\/wp-json\/wp\/v2\/posts\/6449\/revisions\/6451"}],"wp:featuredmedia":[{"embeddable":true,"href":"https:\/\/www.sincomam.org.br\/index.php\/wp-json\/wp\/v2\/media\/6450"}],"wp:attachment":[{"href":"https:\/\/www.sincomam.org.br\/index.php\/wp-json\/wp\/v2\/media?parent=6449"}],"wp:term":[{"taxonomy":"category","embeddable":true,"href":"https:\/\/www.sincomam.org.br\/index.php\/wp-json\/wp\/v2\/categories?post=6449"},{"taxonomy":"post_tag","embeddable":true,"href":"https:\/\/www.sincomam.org.br\/index.php\/wp-json\/wp\/v2\/tags?post=6449"}],"curies":[{"name":"wp","href":"https:\/\/api.w.org\/{rel}","templated":true}]}}