{"id":64449,"date":"2026-03-18T11:28:27","date_gmt":"2026-03-18T14:28:27","guid":{"rendered":"https:\/\/www.sincomam.org.br\/?p=64449"},"modified":"2026-03-18T11:28:33","modified_gmt":"2026-03-18T14:28:33","slug":"governo-do-rj-e-marinha-alinham-acoes-na-economia-do-mar","status":"publish","type":"post","link":"https:\/\/www.sincomam.org.br\/index.php\/governo-do-rj-e-marinha-alinham-acoes-na-economia-do-mar\/","title":{"rendered":"Governo do RJ e Marinha alinham a\u00e7\u00f5es na Economia do Mar"},"content":{"rendered":"<p data-start=\"87\" data-end=\"468\">O fortalecimento da\u00a0<strong data-start=\"107\" data-end=\"126\">Economia do Mar<\/strong>\u00a0no estado do\u00a0<strong data-start=\"140\" data-end=\"158\">Rio de Janeiro<\/strong>\u00a0ganhou novo impulso ap\u00f3s reuni\u00e3o estrat\u00e9gica entre representantes do\u00a0<strong data-start=\"228\" data-end=\"245\">Governo do RJ<\/strong>\u00a0e da\u00a0<strong data-start=\"251\" data-end=\"272\">Marinha do Brasil<\/strong>. O encontro reuniu autoridades civis e militares para alinhar a\u00e7\u00f5es conjuntas voltadas \u00e0\u00a0<strong data-start=\"362\" data-end=\"384\">seguran\u00e7a mar\u00edtima<\/strong>, \u00e0\u00a0<strong data-start=\"388\" data-end=\"412\">governan\u00e7a portu\u00e1ria<\/strong>\u00a0e ao desenvolvimento sustent\u00e1vel das atividades no mar.<\/p>\n<h3 data-section-id=\"1md8a72\" data-start=\"470\" data-end=\"543\">Governan\u00e7a portu\u00e1ria e coordena\u00e7\u00e3o estrat\u00e9gica no ambiente mar\u00edtimo<\/h3>\n<p data-start=\"544\" data-end=\"986\">A reuni\u00e3o institucional evidenciou a import\u00e2ncia da integra\u00e7\u00e3o entre a\u00a0<strong data-start=\"615\" data-end=\"636\">Marinha do Brasil<\/strong>\u00a0e o governo estadual para aprimorar a\u00a0<strong data-start=\"675\" data-end=\"695\">gest\u00e3o portu\u00e1ria<\/strong>\u00a0e fortalecer a coordena\u00e7\u00e3o das atividades no litoral fluminense. O alinhamento estrat\u00e9gico permite maior efici\u00eancia na fiscaliza\u00e7\u00e3o, no controle do tr\u00e1fego mar\u00edtimo e na organiza\u00e7\u00e3o das opera\u00e7\u00f5es em\u00a0<strong data-start=\"895\" data-end=\"917\">portos e terminais<\/strong>, fatores essenciais para o aumento da\u00a0<strong data-start=\"956\" data-end=\"985\">competitividade log\u00edstica<\/strong>.<\/p>\n<p data-start=\"988\" data-end=\"1361\">Nesse cen\u00e1rio, iniciativas como o programa\u00a0<strong data-start=\"1031\" data-end=\"1047\">Porto+Seguro<\/strong>\u00a0ganham protagonismo ao buscar ampliar a seguran\u00e7a operacional, reduzir riscos de incidentes e otimizar a\u00a0<strong data-start=\"1153\" data-end=\"1193\">capacidade de movimenta\u00e7\u00e3o de cargas<\/strong>. A coopera\u00e7\u00e3o institucional tamb\u00e9m favorece o compartilhamento de informa\u00e7\u00f5es estrat\u00e9gicas e a implementa\u00e7\u00e3o de pol\u00edticas p\u00fablicas mais eficazes para o setor mar\u00edtimo.<\/p>\n<div class=\"td-a-rec td-a-rec-id-content_inline tdi_2 td_block_template_11\"><\/div>\n<h3 data-section-id=\"16webxp\" data-start=\"1363\" data-end=\"1441\">Impactos econ\u00f4micos e desenvolvimento regional ligados \u00e0 Economia do Mar<\/h3>\n<p data-start=\"1442\" data-end=\"1859\">O avan\u00e7o da\u00a0<strong data-start=\"1454\" data-end=\"1473\">Economia do Mar<\/strong>\u00a0representa uma oportunidade concreta para impulsionar o crescimento econ\u00f4mico do\u00a0<strong data-start=\"1555\" data-end=\"1573\">Rio de Janeiro<\/strong>, com potencial de gera\u00e7\u00e3o de empregos, atra\u00e7\u00e3o de investimentos e fortalecimento de cadeias produtivas estrat\u00e9gicas. Setores como\u00a0<strong data-start=\"1704\" data-end=\"1727\">transporte mar\u00edtimo<\/strong>,\u00a0<strong data-start=\"1729\" data-end=\"1748\">ind\u00fastria naval<\/strong>,\u00a0<strong data-start=\"1750\" data-end=\"1769\">turismo n\u00e1utico<\/strong>\u00a0e\u00a0<strong data-start=\"1772\" data-end=\"1795\">log\u00edstica portu\u00e1ria<\/strong>\u00a0tendem a se beneficiar de um ambiente mais seguro e organizado.<\/p>\n<p data-start=\"1861\" data-end=\"2246\">A moderniza\u00e7\u00e3o da infraestrutura portu\u00e1ria e o aprimoramento da gest\u00e3o costeira podem ampliar a arrecada\u00e7\u00e3o estadual e estimular o desenvolvimento socioecon\u00f4mico em munic\u00edpios litor\u00e2neos. A atua\u00e7\u00e3o conjunta entre governo e\u00a0<strong data-start=\"2084\" data-end=\"2095\">Marinha<\/strong>\u00a0contribui para consolidar o estado como um\u00a0<strong data-start=\"2139\" data-end=\"2164\">hub mar\u00edtimo nacional<\/strong>, ampliando sua relev\u00e2ncia no com\u00e9rcio exterior e na integra\u00e7\u00e3o log\u00edstica do pa\u00eds.<\/p>\n<h3 data-section-id=\"1eil2sc\" data-start=\"2248\" data-end=\"2326\">Seguran\u00e7a mar\u00edtima e fortalecimento da presen\u00e7a institucional no litoral<\/h3>\n<p data-start=\"2327\" data-end=\"2675\">Outro ponto central discutido foi o refor\u00e7o das a\u00e7\u00f5es voltadas \u00e0\u00a0<strong data-start=\"2392\" data-end=\"2412\">seguran\u00e7a no mar<\/strong>, incluindo a preven\u00e7\u00e3o de il\u00edcitos, a prote\u00e7\u00e3o de \u00e1reas portu\u00e1rias e a salvaguarda da vida humana em atividades n\u00e1uticas. A coopera\u00e7\u00e3o entre \u00f3rg\u00e3os civis e militares amplia a\u00a0<strong data-start=\"2588\" data-end=\"2614\">presen\u00e7a institucional<\/strong>\u00a0no litoral e melhora a capacidade de resposta a emerg\u00eancias.<\/p>\n<p data-start=\"2677\" data-end=\"3020\">Esse esfor\u00e7o conjunto fortalece a\u00a0<strong data-start=\"2711\" data-end=\"2735\">consci\u00eancia mar\u00edtima<\/strong>, promove maior organiza\u00e7\u00e3o das atividades econ\u00f4micas no ambiente costeiro e evidencia o papel estrat\u00e9gico do mar para o\u00a0<strong data-start=\"2856\" data-end=\"2884\">desenvolvimento nacional<\/strong>. A parceria tamb\u00e9m sinaliza avan\u00e7os na constru\u00e7\u00e3o de uma agenda integrada voltada \u00e0 valoriza\u00e7\u00e3o da chamada\u00a0<strong data-start=\"2992\" data-end=\"3009\">Economia Azul<\/strong>\u00a0no\u00a0Brasil.<\/p>\n<p data-start=\"2677\" data-end=\"3020\">Fonte: Defesa em Foco<\/p>\n","protected":false},"excerpt":{"rendered":"<p>O fortalecimento da\u00a0Economia do Mar\u00a0no estado do\u00a0Rio de Janeiro\u00a0ganhou novo impulso ap\u00f3s reuni\u00e3o estrat\u00e9gica entre representantes do\u00a0Governo do RJ\u00a0e da\u00a0Marinha do Brasil. O encontro reuniu&#8230;<\/p>\n","protected":false},"author":1527,"featured_media":64451,"comment_status":"closed","ping_status":"closed","sticky":false,"template":"","format":"standard","meta":{"footnotes":""},"categories":[6],"tags":[],"class_list":["post-64449","post","type-post","status-publish","format-standard","has-post-thumbnail","hentry","category-noticias"],"_links":{"self":[{"href":"https:\/\/www.sincomam.org.br\/index.php\/wp-json\/wp\/v2\/posts\/64449","targetHints":{"allow":["GET"]}}],"collection":[{"href":"https:\/\/www.sincomam.org.br\/index.php\/wp-json\/wp\/v2\/posts"}],"about":[{"href":"https:\/\/www.sincomam.org.br\/index.php\/wp-json\/wp\/v2\/types\/post"}],"author":[{"embeddable":true,"href":"https:\/\/www.sincomam.org.br\/index.php\/wp-json\/wp\/v2\/users\/1527"}],"replies":[{"embeddable":true,"href":"https:\/\/www.sincomam.org.br\/index.php\/wp-json\/wp\/v2\/comments?post=64449"}],"version-history":[{"count":1,"href":"https:\/\/www.sincomam.org.br\/index.php\/wp-json\/wp\/v2\/posts\/64449\/revisions"}],"predecessor-version":[{"id":64452,"href":"https:\/\/www.sincomam.org.br\/index.php\/wp-json\/wp\/v2\/posts\/64449\/revisions\/64452"}],"wp:featuredmedia":[{"embeddable":true,"href":"https:\/\/www.sincomam.org.br\/index.php\/wp-json\/wp\/v2\/media\/64451"}],"wp:attachment":[{"href":"https:\/\/www.sincomam.org.br\/index.php\/wp-json\/wp\/v2\/media?parent=64449"}],"wp:term":[{"taxonomy":"category","embeddable":true,"href":"https:\/\/www.sincomam.org.br\/index.php\/wp-json\/wp\/v2\/categories?post=64449"},{"taxonomy":"post_tag","embeddable":true,"href":"https:\/\/www.sincomam.org.br\/index.php\/wp-json\/wp\/v2\/tags?post=64449"}],"curies":[{"name":"wp","href":"https:\/\/api.w.org\/{rel}","templated":true}]}}