{"id":64446,"date":"2026-03-18T11:24:42","date_gmt":"2026-03-18T14:24:42","guid":{"rendered":"https:\/\/www.sincomam.org.br\/?p=64446"},"modified":"2026-03-18T11:24:42","modified_gmt":"2026-03-18T14:24:42","slug":"autoridade-portuaria-de-santos-sedia-startup-day-para-impulsionar-inovacao-e-economia-azul-no-setor-maritimo","status":"publish","type":"post","link":"https:\/\/www.sincomam.org.br\/index.php\/autoridade-portuaria-de-santos-sedia-startup-day-para-impulsionar-inovacao-e-economia-azul-no-setor-maritimo\/","title":{"rendered":"Autoridade Portu\u00e1ria de Santos sedia \u201cStartup Day\u201d para impulsionar inova\u00e7\u00e3o e Economia Azul no setor mar\u00edtimo"},"content":{"rendered":"<p>A Autoridade Portu\u00e1ria de Santos (APS), empresa do governo do Brasil respons\u00e1vel pela\u00a0infraestrutura p\u00fablica do Porto de Santos,\u00a0recebe,\u00a0no\u00a0dia 21 de mar\u00e7o,\u00a0s\u00e1bado,\u00a0o Startup Day Porto e Economia Azul. A iniciativa integra um movimento nacional promovido pelo Servi\u00e7o Brasileiro de Apoio \u00e0s Micro e Pequenas Empresas (Sebrae) com o objetivo de estimular o empreendedorismo e fortalecer a conex\u00e3o entre startups, institui\u00e7\u00f5es de ensino e o mercado.<\/p>\n<p>O evento, que ocorre em diversas cidades do Brasil, ganha uma abordagem estrat\u00e9gica em Santos ao focar nos desafios e oportunidades operacionais e ambientais do complexo portu\u00e1rio. A programa\u00e7\u00e3o inclui debates sobre inova\u00e7\u00e3o aplicada ao setor, efici\u00eancia operacional e o desenvolvimento de novos neg\u00f3cios ligados \u00e0 economia azul, que engloba as atividades relacionadas ao uso sustent\u00e1vel dos recursos marinhos<\/p>\n<p>Entre os destaques da programa\u00e7\u00e3o, representantes do setor compartilhar\u00e3o experi\u00eancias em um painel sobre desafios reais enfrentados por empresas portu\u00e1rias, apresentando como tecnologias v\u00eam sendo aplicadas para aumentar a sustentabilidade das opera\u00e7\u00f5es.<\/p>\n<p>O evento tamb\u00e9m contar\u00e1 com um painel dedicado \u00e0 aplica\u00e7\u00e3o de intelig\u00eancia artificial em opera\u00e7\u00f5es portu\u00e1rias, al\u00e9m de apresenta\u00e7\u00f5es r\u00e1pidas (pitches) de startups que desenvolvem solu\u00e7\u00f5es focadas em inova\u00e7\u00e3o mar\u00edtima. As inscri\u00e7\u00f5es s\u00e3o gratuitas pelo\u00a0<a href=\"https:\/\/www.sympla.com.br\/evento\/startup-day-2026-santos-porto-e-economia-azul\/3290543?referrer=www.google.com&amp;referrer=www.google.com\" target=\"_blank\" rel=\"noopener\" data-saferedirecturl=\"https:\/\/www.google.com\/url?q=https:\/\/www.sympla.com.br\/evento\/startup-day-2026-santos-porto-e-economia-azul\/3290543?referrer%3Dwww.google.com%26referrer%3Dwww.google.com&amp;source=gmail&amp;ust=1773914786985000&amp;usg=AOvVaw1hPIuE8_g72xu9Q2yLiFvw\">Sympla<\/a>.<u><\/u><u><\/u><\/p>\n<p><b>Novo Hub de Inova\u00e7\u00e3o<\/b>\u00a0<u><\/u><u><\/u><u><\/u><\/p>\n<p>Ao sediar o Startup Day, a Autoridade Portu\u00e1ria de Santos refor\u00e7a seu compromisso com a moderniza\u00e7\u00e3o, sustentabilidade e competitividade do setor portu\u00e1rio brasileiro. Como parte dessa estrat\u00e9gia, a empresa firmou uma parceria com a Associa\u00e7\u00e3o Parque Tecnol\u00f3gico de S\u00e3o Jos\u00e9 dos Campos (APTSJC). O contrato prev\u00ea a estrutura\u00e7\u00e3o do Hub de Inova\u00e7\u00e3o da APS, que prev\u00ea um espa\u00e7o f\u00edsico e uma s\u00e9rie de a\u00e7\u00f5es para transformar o Porto de Santos na maior refer\u00eancia em inova\u00e7\u00e3o da Am\u00e9rica Latina.<\/p>\n<p><b>Servi\u00e7o:<\/b><\/p>\n<p><b>O que<\/b>: Startup Day \u2013 Porto e Economia Azul<br \/>\n<b>Quando:\u00a0<\/b>21 de mar\u00e7o, das 8h30 \u00e0s 13h<br \/>\n<b>Onde:<\/b>\u00a0Audit\u00f3rio da APS (Av. Conselheiro Rodrigues Alves, s\/n \u2013 Macuco)<br \/>\n<b>Inscri\u00e7\u00f5es:<\/b>\u00a0<a href=\"https:\/\/www.sympla.com.br\/evento\/startup-day-2026-santos-porto-e-economia-azul\/3290543?referrer=www.google.com&amp;referrer=www.google.com\" target=\"_blank\" rel=\"noopener\" data-saferedirecturl=\"https:\/\/www.google.com\/url?q=https:\/\/www.sympla.com.br\/evento\/startup-day-2026-santos-porto-e-economia-azul\/3290543?referrer%3Dwww.google.com%26referrer%3Dwww.google.com&amp;source=gmail&amp;ust=1773914786985000&amp;usg=AOvVaw1hPIuE8_g72xu9Q2yLiFvw\">Sympla\u00a0<\/a><u><\/u><u><\/u><u><\/u><\/p>\n<p><b>Programa\u00e7\u00e3o:<\/b><\/p>\n<p><b>08h30 \u2013 09h00 \u2013 Credenciamento e\u00a0welcome\u00a0coffee<\/b>\u00a0<u><\/u><u><\/u><\/p>\n<p><b>09h00 \u2013 09h30 \u2013 Abertura Institucional<\/b>\u00a0<u><\/u><u><\/u><\/p>\n<p><b>Participa\u00e7\u00f5es:<\/b><br \/>\n\u2013 Marco Aur\u00e9lio Rosas- Gerente Sebrae Baixada Santista;<br \/>\n\u2013 Ricardo Maeshiro \u2013 Gerente de planejamento log\u00edstico da Autoridade Portu\u00e1ria de Santos;<br \/>\n\u2013 Andr\u00e9 Leme da Silva Fleury Bonini \u2013 Diretor Presidente do CENEP;<br \/>\n\u2013 Eduardo Bittencourt \u2013 Presidente do Parque Tecnol\u00f3gico de Santos;<br \/>\n\u2013 M\u00e1rcio Cruz \u2013 Consultor de inova\u00e7\u00e3o do Sebrae Baixada Santista.\u00a0<u><\/u><u><\/u><\/p>\n<p><b>09h30 \u2013 10h30 \u2013 Painel 1: Desafios reais de mercado das empresas portu\u00e1rias<\/b><br \/>\n<b>Media\u00e7\u00e3o:<\/b>\u00a0Caio Teissiere Moretti da Silva \u2013 Gerente de Carreira e Capacita\u00e7\u00e3o da Autoridade Portu\u00e1ria de Santos\u00a0<u><\/u><u><\/u><\/p>\n<p><b>Painelistas:<\/b><br \/>\n\u2013 Cristiane Lunardi \u2013 Diretora de Tecnologia da CLI \u2013 Corredor Log\u00edstica Infraestrutura;<br \/>\n\u2013 Vander Serra de Abreu \u2013\u00a0Founder\u00a0&amp; COO\/CCO da IPORT\u00a0Solutions;<br \/>\n\u2013 Marcelo Patr\u00edcio \u2013 Diretor de opera\u00e7\u00f5es da Santos Brasil;<br \/>\n\u2013 Evandro Schmidt Pause \u2013 Diretor Executivo do OGMO\/ Santos;<br \/>\n\u2013 Patrick Fernandes Costa \u2013 L\u00edder T\u00e9cnico do SENAI.\u00a0<u><\/u><u><\/u><\/p>\n<p><b>10h30 \u2013 11h00 \u2013\u00a0Keynote: Estrat\u00e9gias para captar fomento e impulsionar inova\u00e7\u00e3o no setor portu\u00e1rio<\/b>\u00a0<u><\/u><u><\/u><\/p>\n<p><b>Palestrante:<\/b>\u00a0Rodolfo Ribeiro\u00a0<u><\/u><u><\/u><\/p>\n<p><b>11h00 \u2013 11h30 \u2013\u00a0Pitch\u00a0de Startups<\/b>\u00a0<u><\/u><u><\/u><\/p>\n<p>\u2013 Fl\u00e1via do Valle \u2013 Diretora de estrat\u00e9gia e planejamento da Data Overseas<br \/>\n\u2013 Lucas Moreno \u2013 CEO da ELLOX<br \/>\n\u2013 Francisco Luca- CEO da Reefersys<br \/>\n\u2013 Douglas Oliveira- Diretor de desenvolvimento de sistemas da\u00a0Ecopilots\u00a0<u><\/u><u><\/u><\/p>\n<p><b>11h30 \u2013 12h30 \u2013 Painel 2: Intelig\u00eancia Artificial como ferramenta para desenvolvimento do setor portu\u00e1rio, transformando opera\u00e7\u00f5es<\/b>\u00a0<u><\/u><u><\/u><\/p>\n<p>\u2013\u00a0Regy\u00a0Andrade \u2013 CEO da Tetraryos<br \/>\n\u2013 Bruno Mello \u2013 CEO da Manycontent<br \/>\n\u2013 Brunno\u00a0Panfilo\u00a0\u2013 CEO da\u00a0Hopy\u00a0Pay<br \/>\n\u2013 M\u00e1rcio Cruz \u2013 Consultor de inova\u00e7\u00e3o do ER Baixada Santista\u00a0<u><\/u><u><\/u><\/p>\n<p><b>Realiza\u00e7\u00e3o:\u00a0<\/b>Sebrae Startups | APS | Parque Tecnol\u00f3gico de Santos |\u00a0UPLab\u00a0Senai | ILIS<\/p>\n<p>Fonte: Informativo dos Portos<\/p>\n","protected":false},"excerpt":{"rendered":"<p>A Autoridade Portu\u00e1ria de Santos (APS), empresa do governo do Brasil respons\u00e1vel pela\u00a0infraestrutura p\u00fablica do Porto de Santos,\u00a0recebe,\u00a0no\u00a0dia 21 de mar\u00e7o,\u00a0s\u00e1bado,\u00a0o Startup Day Porto e&#8230;<\/p>\n","protected":false},"author":1527,"featured_media":64447,"comment_status":"closed","ping_status":"closed","sticky":false,"template":"","format":"standard","meta":{"footnotes":""},"categories":[6],"tags":[],"class_list":["post-64446","post","type-post","status-publish","format-standard","has-post-thumbnail","hentry","category-noticias"],"_links":{"self":[{"href":"https:\/\/www.sincomam.org.br\/index.php\/wp-json\/wp\/v2\/posts\/64446","targetHints":{"allow":["GET"]}}],"collection":[{"href":"https:\/\/www.sincomam.org.br\/index.php\/wp-json\/wp\/v2\/posts"}],"about":[{"href":"https:\/\/www.sincomam.org.br\/index.php\/wp-json\/wp\/v2\/types\/post"}],"author":[{"embeddable":true,"href":"https:\/\/www.sincomam.org.br\/index.php\/wp-json\/wp\/v2\/users\/1527"}],"replies":[{"embeddable":true,"href":"https:\/\/www.sincomam.org.br\/index.php\/wp-json\/wp\/v2\/comments?post=64446"}],"version-history":[{"count":1,"href":"https:\/\/www.sincomam.org.br\/index.php\/wp-json\/wp\/v2\/posts\/64446\/revisions"}],"predecessor-version":[{"id":64448,"href":"https:\/\/www.sincomam.org.br\/index.php\/wp-json\/wp\/v2\/posts\/64446\/revisions\/64448"}],"wp:featuredmedia":[{"embeddable":true,"href":"https:\/\/www.sincomam.org.br\/index.php\/wp-json\/wp\/v2\/media\/64447"}],"wp:attachment":[{"href":"https:\/\/www.sincomam.org.br\/index.php\/wp-json\/wp\/v2\/media?parent=64446"}],"wp:term":[{"taxonomy":"category","embeddable":true,"href":"https:\/\/www.sincomam.org.br\/index.php\/wp-json\/wp\/v2\/categories?post=64446"},{"taxonomy":"post_tag","embeddable":true,"href":"https:\/\/www.sincomam.org.br\/index.php\/wp-json\/wp\/v2\/tags?post=64446"}],"curies":[{"name":"wp","href":"https:\/\/api.w.org\/{rel}","templated":true}]}}