{"id":64437,"date":"2026-03-18T11:20:11","date_gmt":"2026-03-18T14:20:11","guid":{"rendered":"https:\/\/www.sincomam.org.br\/?p=64437"},"modified":"2026-03-18T11:20:11","modified_gmt":"2026-03-18T14:20:11","slug":"projeto-em-barra-do-furado-preve-base-offshore-e-reciclagem-de-embarcacoes","status":"publish","type":"post","link":"https:\/\/www.sincomam.org.br\/index.php\/projeto-em-barra-do-furado-preve-base-offshore-e-reciclagem-de-embarcacoes\/","title":{"rendered":"Projeto em Barra do Furado prev\u00ea base offshore e reciclagem de embarca\u00e7\u00f5es"},"content":{"rendered":"<p>A BR Offshore anunciou, nesta ter\u00e7a-feira (17), que ser\u00e1 lan\u00e7ada, no pr\u00f3ximo s\u00e1bado (21), a pedra fundamental de empreendimento que desenvolver\u00e1 no Complexo Log\u00edstico e Industrial Farol\/Barra do Furado, entre as cidades de Campos dos Goytacazes e Quissam\u00e3, no norte fluminense. De acordo com a empresa, o espa\u00e7o ter\u00e1 cerca de um milh\u00e3o de metros quadrados (m\u00b2) e mais de 900 metros de cais e ser\u00e1 usado para apoio offshore, reciclagem de embarca\u00e7\u00f5es e demandas de projetos de explora\u00e7\u00e3o de energia e\u00f3lica em alto-mar.<\/p>\n<p>A companhia informou que s\u00e3o estimados investimentos de cerca de R$ 800 milh\u00f5es, que o in\u00edcio das obras da primeira fase est\u00e1 previsto para este ano e que a conclus\u00e3o total ser\u00e1 at\u00e9 2028. A expectativa \u00e9 de gera\u00e7\u00e3o de at\u00e9 800 empregos diretos e aproximadamente 3.200 indiretos quando as opera\u00e7\u00f5es estiverem em andamento.<\/p>\n<p>De acordo com a BR Offshore, o empreendimento ter\u00e1 instala\u00e7\u00e3o de reciclagem de embarca\u00e7\u00f5es projetada de acordo com as principais normas nacionais e internacionais de desmantelamento naval, al\u00e9m de base de apoio offshore voltada ao segmento de \u00f3leo e g\u00e1s (O&amp;G). A estrutura estar\u00e1 preparada tamb\u00e9m para atender \u00e0 demanda das usinas e\u00f3licas offshore, cujos leil\u00f5es dever\u00e3o ocorrer ap\u00f3s a regulamenta\u00e7\u00e3o da lei federal que disciplina o aproveitamento do potencial energ\u00e9tico offshore no pa\u00eds.<\/p>\n<p>Fonte: Portos e Navios<\/p>\n","protected":false},"excerpt":{"rendered":"<p>A BR Offshore anunciou, nesta ter\u00e7a-feira (17), que ser\u00e1 lan\u00e7ada, no pr\u00f3ximo s\u00e1bado (21), a pedra fundamental de empreendimento que desenvolver\u00e1 no Complexo Log\u00edstico e&#8230;<\/p>\n","protected":false},"author":1527,"featured_media":64438,"comment_status":"closed","ping_status":"closed","sticky":false,"template":"","format":"standard","meta":{"footnotes":""},"categories":[6],"tags":[],"class_list":["post-64437","post","type-post","status-publish","format-standard","has-post-thumbnail","hentry","category-noticias"],"_links":{"self":[{"href":"https:\/\/www.sincomam.org.br\/index.php\/wp-json\/wp\/v2\/posts\/64437","targetHints":{"allow":["GET"]}}],"collection":[{"href":"https:\/\/www.sincomam.org.br\/index.php\/wp-json\/wp\/v2\/posts"}],"about":[{"href":"https:\/\/www.sincomam.org.br\/index.php\/wp-json\/wp\/v2\/types\/post"}],"author":[{"embeddable":true,"href":"https:\/\/www.sincomam.org.br\/index.php\/wp-json\/wp\/v2\/users\/1527"}],"replies":[{"embeddable":true,"href":"https:\/\/www.sincomam.org.br\/index.php\/wp-json\/wp\/v2\/comments?post=64437"}],"version-history":[{"count":1,"href":"https:\/\/www.sincomam.org.br\/index.php\/wp-json\/wp\/v2\/posts\/64437\/revisions"}],"predecessor-version":[{"id":64439,"href":"https:\/\/www.sincomam.org.br\/index.php\/wp-json\/wp\/v2\/posts\/64437\/revisions\/64439"}],"wp:featuredmedia":[{"embeddable":true,"href":"https:\/\/www.sincomam.org.br\/index.php\/wp-json\/wp\/v2\/media\/64438"}],"wp:attachment":[{"href":"https:\/\/www.sincomam.org.br\/index.php\/wp-json\/wp\/v2\/media?parent=64437"}],"wp:term":[{"taxonomy":"category","embeddable":true,"href":"https:\/\/www.sincomam.org.br\/index.php\/wp-json\/wp\/v2\/categories?post=64437"},{"taxonomy":"post_tag","embeddable":true,"href":"https:\/\/www.sincomam.org.br\/index.php\/wp-json\/wp\/v2\/tags?post=64437"}],"curies":[{"name":"wp","href":"https:\/\/api.w.org\/{rel}","templated":true}]}}