{"id":64433,"date":"2026-03-17T10:20:03","date_gmt":"2026-03-17T13:20:03","guid":{"rendered":"https:\/\/www.sincomam.org.br\/?p=64433"},"modified":"2026-03-17T10:20:03","modified_gmt":"2026-03-17T13:20:03","slug":"pdv-por-que-empresas-oferecem-dinheiro-para-funcionarios-sairem-do-trabalho","status":"publish","type":"post","link":"https:\/\/www.sincomam.org.br\/index.php\/pdv-por-que-empresas-oferecem-dinheiro-para-funcionarios-sairem-do-trabalho\/","title":{"rendered":"PDV: por que empresas oferecem dinheiro para funcion\u00e1rios sa\u00edrem do trabalho"},"content":{"rendered":"<div id=\"chunk-19i77\">\n<div class=\"mc-column content-text active-extra-styles \" data-block-type=\"unstyled\" data-block-weight=\"41\" data-block-id=\"3\">\n<p class=\" content-text__container \" data-track-category=\"Link no Texto\" data-track-links=\"\" data-mrf-recirculation=\"Mat\u00e9ria - Links no Texto\">Receber uma indeniza\u00e7\u00e3o maior, manter benef\u00edcios por mais tempo e sair da empresa por escolha pr\u00f3pria. Essa \u00e9 a l\u00f3gica dos programas de demiss\u00e3o volunt\u00e1ria (PDV), mecanismo cada vez mais usado por empresas que precisam reduzir equipes ou reorganizar suas opera\u00e7\u00f5es.<\/p>\n<\/div>\n<\/div>\n<div class=\"wall protected-content\">\n<div id=\"chunk-48gj6\">\n<div class=\"mc-column content-text active-extra-styles \" data-block-type=\"unstyled\" data-block-weight=\"48\" data-block-id=\"5\">\n<p class=\" content-text__container \" data-track-category=\"Link no Texto\" data-track-links=\"\" data-mrf-recirculation=\"Mat\u00e9ria - Links no Texto\">Nos \u00faltimos meses, organiza\u00e7\u00f5es de diferentes setores voltaram a adotar com frequ\u00eancia esse tipo de estrat\u00e9gia. O Banco da Inglaterra, por exemplo, ofereceu pacotes de desligamento que chamou aten\u00e7\u00e3o no mundo todo:\u00a0<strong>\u00a3 150 mil (cerca de R$ 900 mil) para funcion\u00e1rios que aceitaram sair voluntariamente da institui\u00e7\u00e3o.<\/strong><\/p>\n<div id=\"chunk-8c42d\">\n<div class=\"mc-column content-text active-extra-styles \" data-block-type=\"unstyled\" data-block-weight=\"27\" data-block-id=\"7\">\n<p class=\" content-text__container \" data-track-category=\"Link no Texto\" data-track-links=\"\" data-mrf-recirculation=\"Mat\u00e9ria - Links no Texto\">Segundo reportagem da Bloomberg, cerca de 446 funcion\u00e1rios devem deixar o banco brit\u00e2nico e um em cada seis participantes do programa recebeu o valor m\u00e1ximo da indeniza\u00e7\u00e3o.<\/p>\n<\/div>\n<\/div>\n<div id=\"chunk-7d3n1\">\n<div class=\"content-ads content-ads--reveal\" data-block-type=\"ads\" data-block-id=\"8\">\n<div id=\"banner_materia2\" class=\"tag-manager-publicidade-container tag-manager-publicidade-banner_materia2 tag-manager-publicidade-container--carregado tag-manager-publicidade-container--visivel\" data-google-query-id=\"CO3_nbCCp5MDFf8l4AMdfhok9w\">\n<div id=\"chunk-4nq1v\">\n<div class=\"mc-column content-text active-extra-styles \" data-block-type=\"unstyled\" data-block-weight=\"35\" data-block-id=\"9\">\n<p class=\" content-text__container \" data-track-category=\"Link no Texto\" data-track-links=\"\" data-mrf-recirculation=\"Mat\u00e9ria - Links no Texto\">O ag\u00eancia tamb\u00e9m informou que os pagamentos foram calculados com base no sal\u00e1rio final e no tempo de servi\u00e7o de cada funcion\u00e1rio \u2014 o equivalente a um d\u00e9cimo do sal\u00e1rio anual multiplicado pelos anos trabalhados.<\/p>\n<\/div>\n<\/div>\n<div id=\"chunk-ku3g\">\n<div class=\"mc-column content-text active-extra-styles \" data-block-type=\"unstyled\" data-block-weight=\"28\" data-block-id=\"10\">\n<p class=\" content-text__container \" data-track-category=\"Link no Texto\" data-track-links=\"\" data-mrf-recirculation=\"Mat\u00e9ria - Links no Texto\">Em m\u00e9dia, os funcion\u00e1rios receberam cerca de \u00a3 81 mil (R$ 560 mil), o que levou a um custo total estimado em \u00a3 36 milh\u00f5es (R$ 251 milh\u00f5es).<\/p>\n<p data-track-category=\"Link no Texto\" data-track-links=\"\" data-mrf-recirculation=\"Mat\u00e9ria - Links no Texto\">Gigantes da tecnologia tamb\u00e9m t\u00eam recorrido a estrat\u00e9gias semelhantes. No in\u00edcio de 2026,\u00a0o Google passou a oferecer pacotes de sa\u00edda volunt\u00e1ria para parte dos funcion\u00e1rios\u00a0da sua organiza\u00e7\u00e3o global de neg\u00f3cios, conhecida como GBO, que re\u00fane \u00e1reas como vendas, solu\u00e7\u00f5es e desenvolvimento corporativo.<\/p>\n<div id=\"chunk-65pbf\">\n<div class=\"mc-column content-text active-extra-styles \" data-block-type=\"unstyled\" data-block-weight=\"46\" data-block-id=\"14\">\n<p class=\" content-text__container \" data-track-category=\"Link no Texto\" data-track-links=\"\" data-mrf-recirculation=\"Mat\u00e9ria - Links no Texto\">A iniciativa foi comunicada em um e-mail enviado pelo diretor de neg\u00f3cios da empresa, Philipp Schindler. O executivo afirmou que a companhia entra em 2026 \u201cem posi\u00e7\u00e3o forte\u201d, mas que o cen\u00e1rio continua din\u00e2mico e exige adapta\u00e7\u00e3o constante \u2014 especialmente diante da expans\u00e3o da intelig\u00eancia artificial.<\/p>\n<\/div>\n<\/div>\n<div id=\"chunk-3qep5\">\n<div class=\"mc-column content-text active-extra-styles \" data-block-type=\"unstyled\" data-block-weight=\"38\" data-block-id=\"15\">\n<p class=\" content-text__container \" data-track-category=\"Link no Texto\" data-track-links=\"\" data-mrf-recirculation=\"Mat\u00e9ria - Links no Texto\">De acordo com o Business Insider, o programa foi direcionado apenas a determinadas fun\u00e7\u00f5es nos Estados Unidos. Equipes que atuam diretamente no atendimento a clientes ficaram de fora da iniciativa para evitar impactos na rela\u00e7\u00e3o com os consumidores.<\/p>\n<\/div>\n<\/div>\n<div id=\"chunk-fumfp\">\n<div class=\"mc-column content-text active-extra-styles \" data-block-type=\"unstyled\" data-block-weight=\"34\" data-block-id=\"16\">\n<p class=\" content-text__container \" data-track-category=\"Link no Texto\" data-track-links=\"\" data-mrf-recirculation=\"Mat\u00e9ria - Links no Texto\">Esses exemplos ilustram uma estrat\u00e9gia cada vez mais comum no mundo corporativo:\u00a0<span class=\"highlight highlighted\">usar programas de demiss\u00e3o volunt\u00e1ria para ajustar o tamanho das equipes ou o perfil dos funcion\u00e1rios sem recorrer diretamente a cortes obrigat\u00f3rios.<\/span><\/p>\n<\/div>\n<\/div>\n<div id=\"chunk-98oqc\">\n<div class=\"mc-column content-text active-extra-styles\" data-block-type=\"raw\" data-block-weight=\"31\" data-block-id=\"17\">\n<p class=\"content-text__container\" data-mrf-recirculation=\"Mat\u00e9ria - Links no Texto\">\n<ul class=\"content-unordered-list\" data-mrf-recirculation=\"Mat\u00e9ria - Leia Tamb\u00e9m (Lista)\">\n<li><em>&#x1f50d; O programa de\u00a0<\/em><strong><em>demiss\u00e3o volunt\u00e1ria<\/em><\/strong><em>\u00a0\u00e9 um mecanismo pelo qual a empresa oferece incentivos financeiros ou benef\u00edcios adicionais para que o pr\u00f3prio funcion\u00e1rio opte por encerrar o v\u00ednculo de trabalho.<\/em><\/li>\n<\/ul>\n<p>&nbsp;<\/p>\n<\/div>\n<\/div>\n<div id=\"chunk-11spc\">\n<div class=\"mc-column content-text active-extra-styles \" data-block-type=\"unstyled\" data-block-weight=\"29\" data-block-id=\"18\">\n<p class=\" content-text__container \" data-track-category=\"Link no Texto\" data-track-links=\"\" data-mrf-recirculation=\"Mat\u00e9ria - Links no Texto\">Na pr\u00e1tica, ele funciona como uma alternativa \u00e0s demiss\u00f5es obrigat\u00f3rias. Segundo Daniel Consani, CEO do Grupo Top RH, esse tipo de programa costuma aparecer em momentos de transforma\u00e7\u00e3o organizacional.<\/p>\n<\/div>\n<\/div>\n<div id=\"chunk-3j7hd\">\n<div class=\"mc-column content-text active-extra-styles\" data-block-type=\"raw\" data-block-weight=\"22\" data-block-id=\"19\">\n<p class=\"content-text__container\" data-mrf-recirculation=\"Mat\u00e9ria - Links no Texto\">\n<blockquote class=\"content-blockquote theme-border-color-primary-before\"><p>\u201cNormalmente ele surge em contextos de reestrutura\u00e7\u00e3o, queda de receita, fus\u00f5es ou mudan\u00e7as estrat\u00e9gicas que exigem reorganiza\u00e7\u00e3o da for\u00e7a de trabalho\u201d, afirma.<\/p><\/blockquote>\n<\/div>\n<blockquote>\n<div id=\"chunk-3rqee\">\n<div class=\"mc-column content-text active-extra-styles \" data-block-type=\"unstyled\" data-block-weight=\"24\" data-block-id=\"21\">\n<p class=\" content-text__container \" data-track-category=\"Link no Texto\" data-track-links=\"\" data-mrf-recirculation=\"Mat\u00e9ria - Links no Texto\">Embora a redu\u00e7\u00e3o de custos seja um fator importante, Consani explica que o PDV geralmente faz parte de mudan\u00e7as mais amplas dentro das empresas.<\/p>\n<\/div>\n<\/div>\n<div id=\"chunk-dvei7\">\n<div class=\"mc-column content-text active-extra-styles \" data-block-type=\"unstyled\" data-block-weight=\"20\" data-block-id=\"22\">\n<p class=\" content-text__container \" data-track-category=\"Link no Texto\" data-track-links=\"\" data-mrf-recirculation=\"Mat\u00e9ria - Links no Texto\">\u201cMuitas organiza\u00e7\u00f5es utilizam o programa para redesenhar estruturas, reduzir fun\u00e7\u00f5es sobrepostas ou adaptar a equipe a novas prioridades estrat\u00e9gicas\u201d, diz.<\/p>\n<\/div>\n<\/div>\n<div id=\"chunk-craap\">\n<div class=\"mc-column content-text active-extra-styles \" data-block-type=\"unstyled\" data-block-weight=\"21\" data-block-id=\"23\">\n<p class=\" content-text__container \" data-track-category=\"Link no Texto\" data-track-links=\"\" data-mrf-recirculation=\"Mat\u00e9ria - Links no Texto\">Em setores que passam por mudan\u00e7as tecnol\u00f3gicas r\u00e1pidas, por exemplo, o mecanismo pode facilitar a transi\u00e7\u00e3o para novos modelos de neg\u00f3cio.<\/p>\n<\/div>\n<\/div>\n<div id=\"chunk-93rt0\">\n<div class=\"mc-column content-text active-extra-styles \" data-block-type=\"unstyled\" data-block-weight=\"41\" data-block-id=\"24\">\n<p class=\" content-text__container \" data-track-category=\"Link no Texto\" data-track-links=\"\" data-mrf-recirculation=\"Mat\u00e9ria - Links no Texto\">Ou seja, nem sempre o PDV \u00e9 aberto a todos os funcion\u00e1rios. Em muitos casos, a empresa direciona o programa para \u00e1reas ou cargos espec\u00edficos. Segundo Consani, isso acontece porque o instrumento normalmente est\u00e1 ligado a um reposicionamento estrat\u00e9gico da organiza\u00e7\u00e3o.<\/p>\n<\/div>\n<\/div>\n<div id=\"chunk-ekfuq\">\n<div class=\"mc-column content-text active-extra-styles\" data-block-type=\"raw\" data-block-weight=\"17\" data-block-id=\"25\">\n<p class=\"content-text__container\" data-mrf-recirculation=\"Mat\u00e9ria - Links no Texto\">\n<blockquote class=\"content-blockquote theme-border-color-primary-before\"><p>\u201cEmpresas tendem a oferecer pacotes volunt\u00e1rios em departamentos que ser\u00e3o reduzidos, automatizados ou substitu\u00eddos por novas compet\u00eancias.\u201d<\/p><\/blockquote>\n<p>&nbsp;<\/p>\n<\/div>\n<\/div>\n<div id=\"chunk-esgv2\">\n<div class=\"mc-column content-text active-extra-styles \" data-block-type=\"unstyled\" data-block-weight=\"29\" data-block-id=\"26\">\n<p class=\" content-text__container \" data-track-category=\"Link no Texto\" data-track-links=\"\" data-mrf-recirculation=\"Mat\u00e9ria - Links no Texto\">O caso do Google ilustra essa l\u00f3gica. A empresa direcionou o programa para determinadas fun\u00e7\u00f5es dentro da sua organiza\u00e7\u00e3o global de neg\u00f3cios, enquanto manteve outras equipes fora da iniciativa.<\/p>\n<\/div>\n<\/div>\n<div id=\"chunk-eu2oc\">\n<div class=\"mc-column content-text active-extra-styles \" data-block-type=\"unstyled\" data-block-weight=\"25\" data-block-id=\"27\">\n<p class=\" content-text__container \" data-track-category=\"Link no Texto\" data-track-links=\"\" data-mrf-recirculation=\"Mat\u00e9ria - Links no Texto\">Segundo o Business Insider, cargos ligados diretamente ao atendimento de clientes n\u00e3o foram inclu\u00eddos no programa justamente para evitar impactos na rela\u00e7\u00e3o com os consumidores.<\/p>\n<\/div>\n<\/div>\n<div id=\"chunk-fc81r\">\n<div class=\"mc-column content-text active-extra-styles \" data-block-type=\"unstyled\" data-block-weight=\"19\" data-block-id=\"28\">\n<p class=\" content-text__container \" data-track-category=\"Link no Texto\" data-track-links=\"\" data-mrf-recirculation=\"Mat\u00e9ria - Links no Texto\">Esse tipo de segmenta\u00e7\u00e3o permite que a empresa ajuste sua estrutura sem comprometer \u00e1reas consideradas cr\u00edticas para o futuro.<\/p>\n<\/div>\n<\/div>\n<div id=\"chunk-2tepc\">\n<div class=\"mc-column content-text active-extra-styles \" data-block-type=\"unstyled\" data-block-weight=\"36\" data-block-id=\"29\">\n<p class=\" content-text__container \" data-track-category=\"Link no Texto\" data-track-links=\"\" data-mrf-recirculation=\"Mat\u00e9ria - Links no Texto\">No Brasil, a implementa\u00e7\u00e3o desse tipo de iniciativa segue regras espec\u00edficas.\u00a0<span class=\"highlight highlighted\">Para que o PDV seja oferecido, o plano deve estar previsto em acordo ou conven\u00e7\u00e3o coletiva firmados entre a empresa e o sindicato da categoria.<\/span><\/p>\n<\/div>\n<div id=\"chunk-7bkko\">\n<div class=\"mc-column content-text active-extra-styles \" data-block-type=\"unstyled\" data-block-weight=\"27\" data-block-id=\"31\">\n<p class=\" content-text__container \" data-track-category=\"Link no Texto\" data-track-links=\"\" data-mrf-recirculation=\"Mat\u00e9ria - Links no Texto\">O programa tamb\u00e9m precisa ser formalizado por escrito. Al\u00e9m disso, a ades\u00e3o deve partir do pr\u00f3prio trabalhador \u2014 ou seja, cabe ao funcion\u00e1rio manifestar interesse em participar.<\/p>\n<\/div>\n<\/div>\n<div id=\"chunk-a3n6b\">\n<div class=\"mc-column content-text active-extra-styles \" data-block-type=\"unstyled\" data-block-weight=\"19\" data-block-id=\"32\">\n<p class=\" content-text__container \" data-track-category=\"Link no Texto\" data-track-links=\"\" data-mrf-recirculation=\"Mat\u00e9ria - Links no Texto\">Essa caracter\u00edstica refor\u00e7a o objetivo do mecanismo: transformar um momento delicado em uma negocia\u00e7\u00e3o estruturada entre empresa e trabalhador.<\/p>\n<\/div>\n<\/div>\n<div id=\"chunk-56hh0\">\n<div class=\"mc-column content-text active-extra-styles\" data-block-type=\"raw\" data-block-weight=\"3\" data-block-id=\"34\">\n<div class=\"content-intertitle\">\n<h2>Vantagens e desvantagens<\/h2>\n<\/div>\n<p>&nbsp;<\/p>\n<\/div>\n<\/div>\n<div id=\"chunk-3ni9\">\n<div class=\"mc-column content-text active-extra-styles \" data-block-type=\"unstyled\" data-block-weight=\"42\" data-block-id=\"35\">\n<p class=\" content-text__container \" data-track-category=\"Link no Texto\" data-track-links=\"\" data-mrf-recirculation=\"Mat\u00e9ria - Links no Texto\">Uma das principais vantagens do programa de demiss\u00e3o volunt\u00e1ria \u00e9 reduzir o impacto social e organizacional das demiss\u00f5es.\u00a0<span class=\"highlight highlighted\">Quando o desligamento ocorre por ades\u00e3o volunt\u00e1ria, o processo tende a gerar menos conflitos trabalhistas e menos desgaste na rela\u00e7\u00e3o entre empresa e colaboradores.<\/span><\/p>\n<\/div>\n<\/div>\n<div id=\"chunk-fvssp\">\n<div class=\"mc-column content-text active-extra-styles \" data-block-type=\"unstyled\" data-block-weight=\"30\" data-block-id=\"36\">\n<p class=\" content-text__container \" data-track-category=\"Link no Texto\" data-track-links=\"\" data-mrf-recirculation=\"Mat\u00e9ria - Links no Texto\">Outro benef\u00edcio importante \u00e9 a previsibilidade financeira.\u00a0<span class=\"highlight highlighted\">Ao oferecer incentivos previamente definidos, a empresa consegue estimar melhor o custo das sa\u00eddas e planejar com mais clareza a reorganiza\u00e7\u00e3o das equipes.<\/span><\/p>\n<\/div>\n<div id=\"chunk-a0hah\">\n<div class=\"mc-column content-text active-extra-styles \" data-block-type=\"unstyled\" data-block-weight=\"15\" data-block-id=\"38\">\n<p class=\" content-text__container \" data-track-category=\"Link no Texto\" data-track-links=\"\" data-mrf-recirculation=\"Mat\u00e9ria - Links no Texto\">Al\u00e9m disso, programas desse tipo costumam reduzir o risco de disputas judiciais ligadas aos desligamentos.<\/p>\n<\/div>\n<\/div>\n<div id=\"chunk-1i82j\">\n<div class=\"mc-column content-text active-extra-styles \" data-block-type=\"unstyled\" data-block-weight=\"29\" data-block-id=\"39\">\n<p class=\" content-text__container \" data-track-category=\"Link no Texto\" data-track-links=\"\" data-mrf-recirculation=\"Mat\u00e9ria - Links no Texto\">Para que isso funcione, por\u00e9m, a forma como o processo \u00e9 conduzido faz diferen\u00e7a. Segundo Consani, o papel do RH \u00e9 fundamental para garantir que o programa seja transparente.<\/p>\n<\/div>\n<\/div>\n<div id=\"chunk-edria\">\n<div class=\"mc-column content-text active-extra-styles\" data-block-type=\"raw\" data-block-weight=\"29\" data-block-id=\"40\">\n<p class=\"content-text__container\" data-mrf-recirculation=\"Mat\u00e9ria - Links no Texto\">\n<blockquote class=\"content-blockquote theme-border-color-primary-before\"><p>\u201cO colaborador precisa entender exatamente o que est\u00e1 sendo oferecido e n\u00e3o pode se sentir pressionado a aderir. Tamb\u00e9m \u00e9 importante que exista suporte ao funcion\u00e1rio durante o processo.\u201d<\/p><\/blockquote>\n<p>&nbsp;<\/p>\n<\/div>\n<\/div>\n<div id=\"chunk-7pdi7\">\n<div class=\"mc-column content-text active-extra-styles \" data-block-type=\"unstyled\" data-block-weight=\"36\" data-block-id=\"41\">\n<p class=\" content-text__container \" data-track-category=\"Link no Texto\" data-track-links=\"\" data-mrf-recirculation=\"Mat\u00e9ria - Links no Texto\">Essa abordagem tamb\u00e9m ajuda a evitar interpreta\u00e7\u00f5es equivocadas sobre a iniciativa. \u201cQuando o processo \u00e9 conduzido de forma humanizada, fica claro que n\u00e3o se trata de uma decis\u00e3o em que apenas a empresa sai ganhando\u201d, afirma.<\/p>\n<\/div>\n<\/div>\n<div id=\"chunk-77ibg\">\n<div class=\"mc-column content-text active-extra-styles \" data-block-type=\"unstyled\" data-block-weight=\"10\" data-block-id=\"42\">\n<p class=\" content-text__container \" data-track-category=\"Link no Texto\" data-track-links=\"\" data-mrf-recirculation=\"Mat\u00e9ria - Links no Texto\"><span class=\"highlight highlighted\">Apesar disso, programas de demiss\u00e3o volunt\u00e1ria tamb\u00e9m apresentam riscos.<\/span><\/p>\n<\/div>\n<\/div>\n<div id=\"chunk-ao1qj\">\n<div class=\"mc-column content-text active-extra-styles \" data-block-type=\"unstyled\" data-block-weight=\"35\" data-block-id=\"43\">\n<p class=\" content-text__container \" data-track-category=\"Link no Texto\" data-track-links=\"\" data-mrf-recirculation=\"Mat\u00e9ria - Links no Texto\">Um dos principais \u00e9 a perda inesperada de profissionais estrat\u00e9gicos. Em muitos casos, trabalhadores mais qualificados ou com maior empregabilidade s\u00e3o justamente os que t\u00eam mais facilidade para aderir ao programa e encontrar novas oportunidades.<\/p>\n<\/div>\n<\/div>\n<div id=\"chunk-ff2rb\">\n<div class=\"mc-column content-text active-extra-styles\" data-block-type=\"raw\" data-block-weight=\"33\" data-block-id=\"44\">\n<p class=\"content-text__container\" data-mrf-recirculation=\"Mat\u00e9ria - Links no Texto\">\n<blockquote class=\"content-blockquote theme-border-color-primary-before\"><p>\u201cExiste o risco de sa\u00edda de talentos importantes e de perda de conhecimento estrat\u00e9gico\u201d, afirma Consani. Isso pode gerar impactos na continuidade operacional da empresa e dificultar a transfer\u00eancia de conhecimento entre equipes.<\/p><\/blockquote>\n<p>&nbsp;<\/p>\n<\/div>\n<\/div>\n<div id=\"chunk-eell5\">\n<div class=\"mc-column content-text active-extra-styles \" data-block-type=\"unstyled\" data-block-weight=\"38\" data-block-id=\"45\">\n<p class=\" content-text__container \" data-track-category=\"Link no Texto\" data-track-links=\"\" data-mrf-recirculation=\"Mat\u00e9ria - Links no Texto\">Outro problema poss\u00edvel \u00e9 a perda da chamada mem\u00f3ria organizacional \u2014 o conjunto de experi\u00eancias acumuladas pelos profissionais ao longo dos anos. Esse fator pode ser especialmente cr\u00edtico em empresas com processos t\u00e9cnicos ou regulat\u00f3rios complexos, explica Consani.<\/p>\n<\/div>\n<div id=\"chunk-agqi1\">\n<div class=\"mc-column content-text active-extra-styles \" data-block-type=\"unstyled\" data-block-weight=\"29\" data-block-id=\"47\">\n<p class=\" content-text__container \" data-track-category=\"Link no Texto\" data-track-links=\"\" data-mrf-recirculation=\"Mat\u00e9ria - Links no Texto\">Programas de demiss\u00e3o volunt\u00e1ria tamb\u00e9m podem influenciar o ambiente de trabalho. \u201cQuando existe transpar\u00eancia e comunica\u00e7\u00e3o clara sobre os motivos da decis\u00e3o, o efeito tende a ser mais controlado.\u201d<\/p>\n<\/div>\n<\/div>\n<div id=\"chunk-a6f6\">\n<div class=\"mc-column content-text active-extra-styles \" data-block-type=\"unstyled\" data-block-weight=\"42\" data-block-id=\"48\">\n<p class=\" content-text__container \" data-track-category=\"Link no Texto\" data-track-links=\"\" data-mrf-recirculation=\"Mat\u00e9ria - Links no Texto\">Por outro lado, quando o programa \u00e9 percebido apenas como uma tentativa de reduzir custos, ele pode gerar inseguran\u00e7a entre os funcion\u00e1rios que permanecem na empresa. Isso acontece porque o PDV frequentemente sinaliza um per\u00edodo de mudan\u00e7as e incertezas dentro da empresa.<\/p>\n<\/div>\n<\/div>\n<div id=\"chunk-7oiqp\">\n<div class=\"mc-column content-text active-extra-styles\" data-block-type=\"raw\" data-block-weight=\"7\" data-block-id=\"49\">\n<p class=\"content-text__container\" data-mrf-recirculation=\"Mat\u00e9ria - Links no Texto\">\n<div class=\"content-intertitle\">\n<h2>Quando o PDV pode n\u00e3o fazer sentido<\/h2>\n<\/div>\n<p>&nbsp;<\/p>\n<\/div>\n<\/div>\n<div id=\"chunk-far8s\">\n<div class=\"mc-column content-text active-extra-styles \" data-block-type=\"unstyled\" data-block-weight=\"34\" data-block-id=\"50\">\n<p class=\" content-text__container \" data-track-category=\"Link no Texto\" data-track-links=\"\" data-mrf-recirculation=\"Mat\u00e9ria - Links no Texto\">O programa tamb\u00e9m n\u00e3o \u00e9 uma solu\u00e7\u00e3o universal. Em empresas que enfrentam problemas estruturais de gest\u00e3o ou produtividade, um PDV pode apenas reduzir custos no curto prazo sem resolver as causas reais da inefici\u00eancia.<\/p>\n<\/div>\n<\/div>\n<div id=\"chunk-2g5d4\">\n<div class=\"mc-column content-text active-extra-styles \" data-block-type=\"unstyled\" data-block-weight=\"27\" data-block-id=\"51\">\n<p class=\" content-text__container \" data-track-category=\"Link no Texto\" data-track-links=\"\" data-mrf-recirculation=\"Mat\u00e9ria - Links no Texto\">Em empresas que enfrentam problemas estruturais de gest\u00e3o ou produtividade, um<strong>\u00a0PDV pode apenas reduzir custos no curto prazo sem resolver as causas reais da inefici\u00eancia<\/strong>.<\/p>\n<\/div>\n<\/div>\n<div id=\"chunk-9ebc1\">\n<div class=\"mc-column content-text active-extra-styles \" data-block-type=\"unstyled\" data-block-weight=\"18\" data-block-id=\"52\">\n<p class=\" content-text__container \" data-track-category=\"Link no Texto\" data-track-links=\"\" data-mrf-recirculation=\"Mat\u00e9ria - Links no Texto\">Al\u00e9m disso, o instrumento pode ser inadequado em setores que j\u00e1 enfrentam escassez de m\u00e3o de obra qualificada.<\/p>\n<\/div>\n<\/div>\n<div id=\"chunk-70fr6\">\n<div class=\"mc-column content-text active-extra-styles \" data-block-type=\"unstyled\" data-block-weight=\"37\" data-block-id=\"53\">\n<p class=\" content-text__container \" data-track-category=\"Link no Texto\" data-track-links=\"\" data-mrf-recirculation=\"Mat\u00e9ria - Links no Texto\">Dados do Minist\u00e9rio do Trabalho e Emprego (MTE) indicam que\u00a0\u00e1reas como tecnologia, engenharia e sa\u00fade convivem com d\u00e9ficit de profissionais.\u00a0Nesses casos, estimular sa\u00eddas volunt\u00e1rias pode gerar mais dificuldade para repor talentos do que economia efetiva.<\/p>\n<\/div>\n<\/div>\n<div id=\"chunk-e3bts\">\n<div class=\"mc-column content-text active-extra-styles\" data-block-type=\"raw\" data-block-weight=\"6\" data-block-id=\"54\">\n<p class=\"content-text__container\" data-mrf-recirculation=\"Mat\u00e9ria - Links no Texto\">\n<div class=\"content-intertitle\">\n<h2>O que avaliar antes de aceitar?<\/h2>\n<\/div>\n<div id=\"chunk-65rne\">\n<div class=\"mc-column content-text active-extra-styles \" data-block-type=\"unstyled\" data-block-weight=\"35\" data-block-id=\"56\">\n<p class=\" content-text__container \" data-track-category=\"Link no Texto\" data-track-links=\"\" data-mrf-recirculation=\"Mat\u00e9ria - Links no Texto\">Para os trabalhadores, a decis\u00e3o de aderir a um programa de demiss\u00e3o volunt\u00e1ria exige an\u00e1lise cuidadosa. Segundo Consani,\u00a0<strong>o ideal \u00e9 avaliar o pacote com uma vis\u00e3o estrat\u00e9gica de carreira<\/strong>\u00a0\u2014 e n\u00e3o apenas financeira.<\/p>\n<\/div>\n<\/div>\n<div id=\"chunk-ahp0k\">\n<div class=\"mc-column content-text active-extra-styles \" data-block-type=\"unstyled\" data-block-weight=\"22\" data-block-id=\"57\">\n<p class=\" content-text__container \" data-track-category=\"Link no Texto\" data-track-links=\"\" data-mrf-recirculation=\"Mat\u00e9ria - Links no Texto\">\u201cMuitas pessoas olham primeiro para o valor da indeniza\u00e7\u00e3o. Mas \u00e9 fundamental considerar quanto tempo pode levar para se recolocar no mercado.\u201d<\/p>\n<\/div>\n<\/div>\n<div id=\"chunk-7jvlp\">\n<div class=\"mc-column content-text active-extra-styles \" data-block-type=\"unstyled\" data-block-weight=\"25\" data-block-id=\"58\">\n<p class=\" content-text__container \" data-track-category=\"Link no Texto\" data-track-links=\"\" data-mrf-recirculation=\"Mat\u00e9ria - Links no Texto\">Ainda de acordo com o CEO do Grupo Top, o trabalhador deve considerar fatores como plano de sa\u00fade, previd\u00eancia complementar e estabilidade financeira da fam\u00edlia.<\/p>\n<\/div>\n<\/div>\n<div id=\"chunk-9k9vs\">\n<div class=\"mc-column content-text active-extra-styles\" data-block-type=\"raw\" data-block-weight=\"25\" data-block-id=\"59\">\n<p class=\"content-text__container\" data-mrf-recirculation=\"Mat\u00e9ria - Links no Texto\">\n<blockquote class=\"content-blockquote theme-border-color-primary-before\"><p>\u201cUm pacote que parece vantajoso no curto prazo pode n\u00e3o ser suficiente se o profissional n\u00e3o tiver um plano claro de transi\u00e7\u00e3o de carreira\u201d, afirma.<\/p><\/blockquote>\n<p>&nbsp;<\/p>\n<\/div>\n<\/div>\n<div id=\"chunk-d360f\">\n<div class=\"mc-column content-text active-extra-styles \" data-block-type=\"unstyled\" data-block-weight=\"40\" data-block-id=\"60\">\n<p class=\" content-text__container \" data-track-category=\"Link no Texto\" data-track-links=\"\" data-mrf-recirculation=\"Mat\u00e9ria - Links no Texto\">Por outro lado, h\u00e1 grupos que tendem a ser mais beneficiados por esse tipo de programa. Profissionais pr\u00f3ximos da aposentadoria, por exemplo, costumam avaliar o programa como uma oportunidade de antecipar a sa\u00edda do mercado de trabalho com seguran\u00e7a financeira.<\/p>\n<\/div>\n<\/div>\n<div id=\"chunk-bjbfm\">\n<div class=\"mc-column content-text active-extra-styles \" data-block-type=\"unstyled\" data-block-weight=\"37\" data-block-id=\"61\">\n<p class=\" content-text__container \" data-track-category=\"Link no Texto\" data-track-links=\"\" data-mrf-recirculation=\"Mat\u00e9ria - Links no Texto\">O pacote tamb\u00e9m pode ser interessante para trabalhadores que j\u00e1 planejavam mudar de carreira ou abrir um neg\u00f3cio pr\u00f3prio. Em muitos casos, profissionais utilizam os recursos da rescis\u00e3o como capital inicial para iniciar um novo projeto profissional.<\/p>\n<\/div>\n<\/div>\n<div id=\"chunk-3v9id\">\n<div class=\"mc-column content-text active-extra-styles \" data-block-type=\"unstyled\" data-block-weight=\"10\" data-block-id=\"62\">\n<p class=\" content-text__container \" data-track-category=\"Link no Texto\" data-track-links=\"\" data-mrf-recirculation=\"Mat\u00e9ria - Links no Texto\">Ainda assim, especialistas recomendam planejamento antes de tomar a decis\u00e3o.<\/p>\n<\/div>\n<\/div>\n<div id=\"chunk-37toj\">\n<div class=\"mc-column content-text active-extra-styles \" data-block-type=\"unstyled\" data-block-weight=\"39\" data-block-id=\"63\">\n<p class=\" content-text__container \" data-track-category=\"Link no Texto\" data-track-links=\"\" data-mrf-recirculation=\"Mat\u00e9ria - Links no Texto\">Consani afirma que o erro mais comum \u00e9 tomar a decis\u00e3o de forma precipitada. Muitos se concentram apenas no valor imediato da indeniza\u00e7\u00e3o e deixam de avaliar fatores importantes, como planejamento financeiro, custo de vida e chances de recoloca\u00e7\u00e3o.<\/p>\n<\/div>\n<\/div>\n<div id=\"chunk-7jhu0\">\n<div class=\"content-ads content-ads--reveal\" data-block-type=\"ads\" data-block-id=\"64\">\n<div id=\"banner_materia__b00fb365-6e6f-47c7-8c54-42c000c760bb\">\n<div id=\"google_ads_iframe_\/95377733\/tvg_G1\/Trabalho_e_Carreira_13__container__\"><\/div>\n<\/div>\n<\/div>\n<\/div>\n<div id=\"chunk-fp6hc\">\n<div class=\"mc-column content-text active-extra-styles \" data-block-type=\"unstyled\" data-block-weight=\"17\" data-block-id=\"65\">\n<p class=\" content-text__container \" data-track-category=\"Link no Texto\" data-track-links=\"\" data-mrf-recirculation=\"Mat\u00e9ria - Links no Texto\">\u201cEm momentos de transi\u00e7\u00e3o profissional, decis\u00f5es impulsivas podem gerar impactos duradouros na trajet\u00f3ria de carreira\u201d, afirma Consani.<\/p>\n<\/div>\n<p data-track-category=\"Link no Texto\" data-track-links=\"\" data-mrf-recirculation=\"Mat\u00e9ria - Links no Texto\">Fonte: G1<\/p>\n<\/div>\n<\/div>\n<\/div>\n<div id=\"chunk-2me0g\">\n<div class=\"tag-manager-publicidade-container tag-manager-publicidade-banner_materia__d8ae0899-0a86-414a-a9fc-a9310025d146 tag-manager-publicidade-container--carregado tag-manager-publicidade-container--visivel\" data-google-query-id=\"CMP93eqCp5MDFc5U3QIdt7oHhw\"><\/div>\n<\/div>\n<\/div>\n<\/div>\n<\/div>\n<\/blockquote>\n<\/div>\n<\/div>\n<\/div>\n<\/div>\n<\/div>\n<\/div>\n<\/div>\n<\/div>\n<\/div>\n","protected":false},"excerpt":{"rendered":"<p>Receber uma indeniza\u00e7\u00e3o maior, manter benef\u00edcios por mais tempo e sair da empresa por escolha pr\u00f3pria. Essa \u00e9 a l\u00f3gica dos programas de demiss\u00e3o volunt\u00e1ria&#8230;<\/p>\n","protected":false},"author":1527,"featured_media":64434,"comment_status":"closed","ping_status":"closed","sticky":false,"template":"","format":"standard","meta":{"footnotes":""},"categories":[6],"tags":[],"class_list":["post-64433","post","type-post","status-publish","format-standard","has-post-thumbnail","hentry","category-noticias"],"_links":{"self":[{"href":"https:\/\/www.sincomam.org.br\/index.php\/wp-json\/wp\/v2\/posts\/64433","targetHints":{"allow":["GET"]}}],"collection":[{"href":"https:\/\/www.sincomam.org.br\/index.php\/wp-json\/wp\/v2\/posts"}],"about":[{"href":"https:\/\/www.sincomam.org.br\/index.php\/wp-json\/wp\/v2\/types\/post"}],"author":[{"embeddable":true,"href":"https:\/\/www.sincomam.org.br\/index.php\/wp-json\/wp\/v2\/users\/1527"}],"replies":[{"embeddable":true,"href":"https:\/\/www.sincomam.org.br\/index.php\/wp-json\/wp\/v2\/comments?post=64433"}],"version-history":[{"count":1,"href":"https:\/\/www.sincomam.org.br\/index.php\/wp-json\/wp\/v2\/posts\/64433\/revisions"}],"predecessor-version":[{"id":64435,"href":"https:\/\/www.sincomam.org.br\/index.php\/wp-json\/wp\/v2\/posts\/64433\/revisions\/64435"}],"wp:featuredmedia":[{"embeddable":true,"href":"https:\/\/www.sincomam.org.br\/index.php\/wp-json\/wp\/v2\/media\/64434"}],"wp:attachment":[{"href":"https:\/\/www.sincomam.org.br\/index.php\/wp-json\/wp\/v2\/media?parent=64433"}],"wp:term":[{"taxonomy":"category","embeddable":true,"href":"https:\/\/www.sincomam.org.br\/index.php\/wp-json\/wp\/v2\/categories?post=64433"},{"taxonomy":"post_tag","embeddable":true,"href":"https:\/\/www.sincomam.org.br\/index.php\/wp-json\/wp\/v2\/tags?post=64433"}],"curies":[{"name":"wp","href":"https:\/\/api.w.org\/{rel}","templated":true}]}}