{"id":64427,"date":"2026-03-17T10:14:14","date_gmt":"2026-03-17T13:14:14","guid":{"rendered":"https:\/\/www.sincomam.org.br\/?p=64427"},"modified":"2026-03-17T10:14:14","modified_gmt":"2026-03-17T13:14:14","slug":"fragata-tamandare-chega-pela-primeira-vez-ao-rio-de-janeiro","status":"publish","type":"post","link":"https:\/\/www.sincomam.org.br\/index.php\/fragata-tamandare-chega-pela-primeira-vez-ao-rio-de-janeiro\/","title":{"rendered":"Fragata \u201cTamandar\u00e9\u201d chega pela primeira vez ao Rio de Janeiro"},"content":{"rendered":"<p class=\"text-align-justify\">A Fragata \u201cTamandar\u00e9\u201d (F200) chegou pela primeira vez ao Rio de Janeiro (RJ) nesta segunda-feira (16), ap\u00f3s partir de Itaja\u00ed (SC), onde foi constru\u00edda. O navio percorreu cerca de 765 quil\u00f4metros at\u00e9 a capital fluminense e ser\u00e1 preparado para a Cerim\u00f4nia de Mostra de Armamento, prevista para 24 de abril, data que marcar\u00e1 sua incorpora\u00e7\u00e3o oficial \u00e0 Marinha do Brasil (MB). A fragata integra o Programa Fragatas Classe Tamandar\u00e9 (PFCT), voltado \u00e0 renova\u00e7\u00e3o dos meios de superf\u00edcie da For\u00e7a.<\/p>\n<p class=\"text-align-justify\">A viagem marca a conclus\u00e3o da fase de constru\u00e7\u00e3o da fragata, iniciada em 2022 com o corte da primeira chapa de a\u00e7o. O navio foi lan\u00e7ado ao mar em 9 de agosto de 2024 e passou por testes de mar em 2025.<\/p>\n<figure><\/figure>\n<p class=\"text-align-justify\">De acordo com o Comandante de Opera\u00e7\u00f5es Navais, Almirante de Esquadra Eduardo Machado Vazquez, o dia \u00e9 motivo de orgulho para os brasileiros.<\/p>\n<figure class=\"bg-light p-3 p-md-5 my-3 rounded\">\n<blockquote class=\"blockquote\"><p>N\u00f3s estamos renovando o Poder Naval com a nossa ind\u00fastria, isso \u00e9 um fato marcante. \u00c9 uma conquista de todos n\u00f3s, marinheiros e n\u00e3o marinheiros, todos que amamos a nossa p\u00e1tria. Dentro desse esp\u00edrito de comprometimento total, a \u201cTamandar\u00e9\u201d chega para mudar a hist\u00f3ria da Marinha. Hoje \u00e9 um momento hist\u00f3rico para a Marinha e para o Pa\u00eds\u201d, destaca.<\/p><\/blockquote>\n<\/figure>\n<p class=\"text-align-justify\">Para o Comandante da F200, Capit\u00e3o de Fragata Gustavo Cabral Thom\u00e9, esse momento n\u00e3o se trata apenas da incorpora\u00e7\u00e3o de um novo meio, mas um passo importante para renovar o n\u00facleo do Poder Naval.<\/p>\n<figure class=\"bg-light p-3 p-md-5 my-3 rounded\">\n<blockquote class=\"blockquote\"><p>Temos o papel central na prote\u00e7\u00e3o da nossa Amaz\u00f4nia Azul. Essas fragatas ser\u00e3o essenciais para o monitoramento e controle do espa\u00e7o mar\u00edtimo, para a defesa das ilhas oce\u00e2nicas, para prote\u00e7\u00e3o de estruturas cr\u00edticas e para salvaguarda das comunica\u00e7\u00f5es mar\u00edtimas de interesse nacional. Nessa segunda-feira, ap\u00f3s a atraca\u00e7\u00e3o, iniciamos oficialmente a nossa hist\u00f3ria na Esquadra brasileira e, em breve, estaremos prontos para cumprir qualquer miss\u00e3o que seja atrib\u00edda ao navio\u201d, ressalta.<\/p><\/blockquote>\n<\/figure>\n<p class=\"text-align-justify\">No mesmo dia, na Base Naval do Rio de Janeiro, foram entregues novas instala\u00e7\u00f5es para que parte dos 154 militares da tripula\u00e7\u00e3o possa atuar tamb\u00e9m em terra. A Fragata \u201cTamandar\u00e9\u201d representa um marco para a moderniza\u00e7\u00e3o da Esquadra, \u00e9 a primeira fragata desse projeto nacional de constru\u00e7\u00e3o naval, que faz parte do Novo PAC do Governo Federal. A F200 foi integralmente constru\u00edda no Brasil, no TKMS Estaleiro Brasil Sul, em Itaja\u00ed (SC), com utiliza\u00e7\u00e3o de m\u00e3o de obra local e por meio de um processo de transfer\u00eancia de tecnologia, que contribui para o fortalecimento da Ind\u00fastria Naval Nacional.<\/p>\n<h5 class=\"text-align-justify\">\nSistemas Navais<\/h5>\n<p class=\"text-align-justify\">No contexto das opera\u00e7\u00f5es, a Fragata \u201cTamandar\u00e9\u201d est\u00e1 preparada para conduzir miss\u00f5es de guerra antia\u00e9rea, antissubmarino e de superf\u00edcie de forma simult\u00e2nea. De acordo com o Chefe de Opera\u00e7\u00f5es da Fragata \u201cTamandar\u00e9\u201d, o Capit\u00e3o de Corveta Tiago Lino Henriques, essa capacidade se d\u00e1 por alguns motivos principais.<\/p>\n<figure class=\"bg-light p-3 p-md-5 my-3 rounded\">\n<blockquote class=\"blockquote\"><p>O navio possui sensores com alta capacidade de detec\u00e7\u00e3o e acompanhamento de contatos, destaca-se o radar de busca volum\u00e9trica &#8211; principal sensor do navio para contatos acima d\u2019\u00e1gua, como embarca\u00e7\u00f5es a longas dist\u00e2ncias, aeronaves e drones. Outra gama de sensores do qual o navio \u00e9 dotado s\u00e3o os de monitoramento de guerra eletr\u00f4nica. Com eles, a F200 consegue monitorar emiss\u00f5es eletromagn\u00e9ticas e de radiofrequ\u00eancia. Isso permite uma consci\u00eancia situacional mais aprimorada e uma detec\u00e7\u00e3o maior na antecipa\u00e7\u00e3o desses contatos\u201d, destaca.<\/p><\/blockquote>\n<\/figure>\n<p class=\"text-align-justify\">Essas capacidades s\u00e3o integradas pelo Sistema de Gerenciamento de Combate (CMS) das Fragatas Classe Tamandar\u00e9, desenvolvido em parceria pela brasileira <em>Atech<\/em> e pela alem\u00e3 <em>Atlas Elektronik GmbH<\/em>. O sistema re\u00fane dados provenientes dos sensores e dos armamentos, consolidando informa\u00e7\u00f5es para manter a consci\u00eancia situacional e garantir o emprego eficiente dos sistemas de armas. O CMS utiliza algoritmos avan\u00e7ados para identificar e classificar amea\u00e7as, definindo a melhor combina\u00e7\u00e3o de sensores e armamentos para neutraliza\u00e7\u00e3o.<\/p>\n<figure class=\"bg-light p-3 p-md-5 my-3 rounded\">\n<blockquote class=\"blockquote\"><p>Ele integra sensores e armas e possui um algoritmo que, ao processar essas informa\u00e7\u00f5es, auxilia o operador no processo decis\u00f3rio, permitindo identificar, classificar e engajar contatos com grande rapidez\u201d, ressalta.<\/p><\/blockquote>\n<\/figure>\n<h5 class=\"text-align-justify\">Muni\u00e7\u00f5es nacionais nos sistemas de armas das Fragatas Classe Tamandar\u00e9<\/h5>\n<p class=\"text-align-justify\">Alinhada \u00e0s iniciativas de fortalecimento da Base Industrial de Defesa, a MB firmou um protocolo de inten\u00e7\u00f5es com a Companhia Brasileira de Cartuchos (CBC). O objetivo \u00e9 avaliar a compatibilidade de muni\u00e7\u00f5es nacionais com os sistemas de armas das Fragatas Classe &#8220;Tamandar\u00e9&#8221;, incluindo a F200.<\/p>\n<p class=\"text-align-justify\">A a\u00e7\u00e3o busca promover coopera\u00e7\u00e3o t\u00e9cnica voltada ao desenvolvimento de muni\u00e7\u00f5es compat\u00edveis com sistemas navais contempor\u00e2neos, reduzindo a depend\u00eancia de fornecedores externos e fortalecendo a cadeia log\u00edstica necess\u00e1ria para a prontid\u00e3o da For\u00e7a Naval.<\/p>\n<h5 class=\"text-align-justify\"><\/h5>\n<h5 class=\"text-align-justify\">Prote\u00e7\u00e3o da Amaz\u00f4nia Azul<\/h5>\n<p class=\"text-align-justify\">As Fragatas Classe &#8220;Tamandar\u00e9&#8221; s\u00e3o consideradas estrat\u00e9gicas para as atividades de controle e monitoramento da \u00e1rea mar\u00edtima sob jurisdi\u00e7\u00e3o brasileira, conhecida como Amaz\u00f4nia Azul, que abrange mais de 5,7 milh\u00f5es de quil\u00f4metros quadrados.<\/p>\n<p class=\"text-align-justify\">Os navios tamb\u00e9m contribuem para o apoio \u00e0 pol\u00edtica externa brasileira e para a presen\u00e7a naval em \u00e1reas de interesse estrat\u00e9gico, reafirmando o compromisso da Marinha do Brasil com a defesa da soberania nacional e a seguran\u00e7a mar\u00edtima.<\/p>\n<h5 class=\"text-align-justify\">Pr\u00f3ximos passos do Programa Fragatas Classe &#8220;Tamandar\u00e9&#8221;<\/h5>\n<p class=\"text-align-justify\">Al\u00e9m da F200, outros tr\u00eas navios est\u00e3o sendo constru\u00eddos concomitantemente no estaleiro: As Fragatas \u201cJer\u00f4nimo de Albuquerque\u201d (F201), \u201cCunha Moreira\u201d (F202) e \u201cMariz e Barros\u201d (F203).<\/p>\n<p class=\"text-align-justify\">A F201 iniciar\u00e1 a etapa de testes de mar no segundo semestre de 2026; j\u00e1 a F202 est\u00e1 na fase de conclus\u00e3o da montagem do casco e a cerim\u00f4nia de Lan\u00e7amento ao Mar est\u00e1 prevista para o dia 17 de junho deste ano. A F203 come\u00e7ou a ser constru\u00edda em janeiro de 2026 e o batimento de quilha da embarca\u00e7\u00e3o ser\u00e1 feito ainda este ano.<\/p>\n<p>Com o in\u00edcio da constru\u00e7\u00e3o da Fragata \u201cMariz e Barros\u201d, a TKMS Estaleiro Brasil Sul atinge o auge da produ\u00e7\u00e3o do PFCT. As quatro primeiras embarca\u00e7\u00f5es do programa passam a ser constru\u00eddas simultaneamente em territ\u00f3rio brasileiro, com alto \u00edndice de conte\u00fado local. A iniciativa contribui para consolidar a expertise nacional em tecnologia de defesa naval e abre caminho para entregas escalonadas at\u00e9 2029.<\/p>\n<p>Fonte: Ag\u00eancia Marinha de Not\u00edcias<\/p>\n<p>&nbsp;<\/p>\n","protected":false},"excerpt":{"rendered":"<p>A Fragata \u201cTamandar\u00e9\u201d (F200) chegou pela primeira vez ao Rio de Janeiro (RJ) nesta segunda-feira (16), ap\u00f3s partir de Itaja\u00ed (SC), onde foi constru\u00edda. O&#8230;<\/p>\n","protected":false},"author":1527,"featured_media":64428,"comment_status":"closed","ping_status":"closed","sticky":false,"template":"","format":"standard","meta":{"footnotes":""},"categories":[6],"tags":[],"class_list":["post-64427","post","type-post","status-publish","format-standard","has-post-thumbnail","hentry","category-noticias"],"_links":{"self":[{"href":"https:\/\/www.sincomam.org.br\/index.php\/wp-json\/wp\/v2\/posts\/64427","targetHints":{"allow":["GET"]}}],"collection":[{"href":"https:\/\/www.sincomam.org.br\/index.php\/wp-json\/wp\/v2\/posts"}],"about":[{"href":"https:\/\/www.sincomam.org.br\/index.php\/wp-json\/wp\/v2\/types\/post"}],"author":[{"embeddable":true,"href":"https:\/\/www.sincomam.org.br\/index.php\/wp-json\/wp\/v2\/users\/1527"}],"replies":[{"embeddable":true,"href":"https:\/\/www.sincomam.org.br\/index.php\/wp-json\/wp\/v2\/comments?post=64427"}],"version-history":[{"count":1,"href":"https:\/\/www.sincomam.org.br\/index.php\/wp-json\/wp\/v2\/posts\/64427\/revisions"}],"predecessor-version":[{"id":64429,"href":"https:\/\/www.sincomam.org.br\/index.php\/wp-json\/wp\/v2\/posts\/64427\/revisions\/64429"}],"wp:featuredmedia":[{"embeddable":true,"href":"https:\/\/www.sincomam.org.br\/index.php\/wp-json\/wp\/v2\/media\/64428"}],"wp:attachment":[{"href":"https:\/\/www.sincomam.org.br\/index.php\/wp-json\/wp\/v2\/media?parent=64427"}],"wp:term":[{"taxonomy":"category","embeddable":true,"href":"https:\/\/www.sincomam.org.br\/index.php\/wp-json\/wp\/v2\/categories?post=64427"},{"taxonomy":"post_tag","embeddable":true,"href":"https:\/\/www.sincomam.org.br\/index.php\/wp-json\/wp\/v2\/tags?post=64427"}],"curies":[{"name":"wp","href":"https:\/\/api.w.org\/{rel}","templated":true}]}}