{"id":64424,"date":"2026-03-17T10:11:59","date_gmt":"2026-03-17T13:11:59","guid":{"rendered":"https:\/\/www.sincomam.org.br\/?p=64424"},"modified":"2026-03-17T10:11:59","modified_gmt":"2026-03-17T13:11:59","slug":"potencial-maritimo-coloca-brasil-no-centro-da-geopolitica","status":"publish","type":"post","link":"https:\/\/www.sincomam.org.br\/index.php\/potencial-maritimo-coloca-brasil-no-centro-da-geopolitica\/","title":{"rendered":"Potencial mar\u00edtimo coloca Brasil no centro da geopol\u00edtica"},"content":{"rendered":"<p data-start=\"66\" data-end=\"404\">A expans\u00e3o da chamada\u00a0<strong data-start=\"88\" data-end=\"105\">Economia Azul<\/strong>\u00a0coloca o\u00a0<strong data-start=\"115\" data-end=\"125\">Brasil<\/strong>\u00a0em posi\u00e7\u00e3o de destaque global, impulsionada pelo potencial de explora\u00e7\u00e3o de\u00a0<strong data-start=\"202\" data-end=\"263\">recursos minerais, energias renov\u00e1veis e turismo mar\u00edtimo<\/strong>. O avan\u00e7o tecnol\u00f3gico e os investimentos em pesquisa oce\u00e2nica t\u00eam ampliado as perspectivas de crescimento e de gera\u00e7\u00e3o de empregos no setor.<\/p>\n<p data-start=\"476\" data-end=\"910\">A chamada\u00a0<strong data-start=\"486\" data-end=\"503\">Amaz\u00f4nia Azul<\/strong>, que abrange cerca de\u00a0<strong data-start=\"526\" data-end=\"584\">5,7 milh\u00f5es de km\u00b2 de \u00e1guas jurisdicionais brasileiras<\/strong>, re\u00fane um conjunto de riquezas ainda pouco exploradas, incluindo\u00a0<strong data-start=\"650\" data-end=\"722\">petr\u00f3leo e g\u00e1s offshore, recursos pesqueiros e minerais estrat\u00e9gicos<\/strong>. Entre esses minerais, destacam-se as\u00a0<strong data-start=\"761\" data-end=\"777\">terras raras<\/strong>, insumos fundamentais para a produ\u00e7\u00e3o de equipamentos eletr\u00f4nicos, baterias e tecnologias ligadas \u00e0\u00a0<strong data-start=\"878\" data-end=\"909\">transi\u00e7\u00e3o energ\u00e9tica global<\/strong>.<\/p>\n<p data-start=\"912\" data-end=\"1131\">O aproveitamento sustent\u00e1vel desses recursos pode reposicionar o\u00a0Brasil\u00a0como ator relevante em cadeias produtivas internacionais, ampliando a\u00a0<strong data-start=\"1054\" data-end=\"1078\">seguran\u00e7a energ\u00e9tica<\/strong>\u00a0e o potencial de desenvolvimento industrial do Pa\u00eds.<\/p>\n<h3 data-section-id=\"b05ccc\" data-start=\"1133\" data-end=\"1204\"><strong data-start=\"1137\" data-end=\"1204\">Energia, turismo e novas fronteiras de desenvolvimento mar\u00edtimo<\/strong><\/h3>\n<p data-start=\"1206\" data-end=\"1611\">A explora\u00e7\u00e3o de\u00a0<strong data-start=\"1222\" data-end=\"1240\">petr\u00f3leo e g\u00e1s<\/strong>\u00a0na chamada\u00a0<strong data-start=\"1252\" data-end=\"1273\">Margem Equatorial<\/strong>\u00a0surge como uma nova fronteira energ\u00e9tica com potencial produtivo significativo, despertando interesse de investidores nacionais e estrangeiros. Paralelamente, o\u00a0<strong data-start=\"1435\" data-end=\"1466\">turismo mar\u00edtimo e costeiro<\/strong>\u00a0segue como um dos principais vetores de gera\u00e7\u00e3o de emprego e renda, demonstrando capacidade de recupera\u00e7\u00e3o mesmo em per\u00edodos de crise econ\u00f4mica.<\/p>\n<p data-start=\"1613\" data-end=\"1959\">Outro segmento em expans\u00e3o \u00e9 o das\u00a0<strong data-start=\"1648\" data-end=\"1680\">energias renov\u00e1veis offshore<\/strong>, como os\u00a0<strong data-start=\"1690\" data-end=\"1719\">parques e\u00f3licos mar\u00edtimos<\/strong>, a gera\u00e7\u00e3o por ondas e mar\u00e9s e tecnologias associadas ao\u00a0<strong data-start=\"1777\" data-end=\"1797\">hidrog\u00eanio verde<\/strong>. Essas iniciativas podem contribuir para a\u00a0<strong data-start=\"1841\" data-end=\"1872\">descarboniza\u00e7\u00e3o da economia<\/strong>, al\u00e9m de impulsionar a inova\u00e7\u00e3o tecnol\u00f3gica e a forma\u00e7\u00e3o de m\u00e3o de obra especializada.<\/p>\n<h3 data-section-id=\"gtlkq1\" data-start=\"1961\" data-end=\"2025\"><strong data-start=\"1965\" data-end=\"2025\">Desafios cient\u00edficos, ambientais e de soberania mar\u00edtima<\/strong><\/h3>\n<p data-start=\"2027\" data-end=\"2437\">Apesar das oportunidades, a explora\u00e7\u00e3o da economia oce\u00e2nica enfrenta desafios como a\u00a0<strong data-start=\"2112\" data-end=\"2163\">escassez de dados geol\u00f3gicos em \u00e1guas profundas<\/strong>, a necessidade de investimentos em infraestrutura cient\u00edfica e tecnol\u00f3gica e a forma\u00e7\u00e3o de profissionais qualificados. A inexist\u00eancia de marcos regulat\u00f3rios espec\u00edficos para determinadas atividades tamb\u00e9m pode gerar\u00a0<strong data-start=\"2380\" data-end=\"2404\">inseguran\u00e7a jur\u00eddica<\/strong>\u00a0e atrasar projetos estrat\u00e9gicos.<\/p>\n<p data-start=\"2439\" data-end=\"2849\">Programas como o\u00a0<strong data-start=\"2456\" data-end=\"2527\">Plano de Levantamento da\u00a0Plataforma Continental\u00a0Brasileira (LEPLAC)<\/strong>\u00a0e iniciativas voltadas \u00e0 pesquisa oceanogr\u00e1fica refor\u00e7am a import\u00e2ncia do conhecimento cient\u00edfico para a\u00a0<strong data-start=\"2633\" data-end=\"2665\">defesa da soberania nacional<\/strong>\u00a0e o uso sustent\u00e1vel do espa\u00e7o mar\u00edtimo. A consolida\u00e7\u00e3o da\u00a0<strong data-start=\"2724\" data-end=\"2741\">Economia Azul<\/strong>\u00a0tende a posicionar o mar como um dos principais motores do desenvolvimento brasileiro nas pr\u00f3ximas d\u00e9cadas.<\/p>\n<p data-start=\"2439\" data-end=\"2849\">Fonte: Defesa em Foco<\/p>\n","protected":false},"excerpt":{"rendered":"<p>A expans\u00e3o da chamada\u00a0Economia Azul\u00a0coloca o\u00a0Brasil\u00a0em posi\u00e7\u00e3o de destaque global, impulsionada pelo potencial de explora\u00e7\u00e3o de\u00a0recursos minerais, energias renov\u00e1veis e turismo mar\u00edtimo. O avan\u00e7o tecnol\u00f3gico&#8230;<\/p>\n","protected":false},"author":1527,"featured_media":64425,"comment_status":"closed","ping_status":"closed","sticky":false,"template":"","format":"standard","meta":{"footnotes":""},"categories":[6],"tags":[],"class_list":["post-64424","post","type-post","status-publish","format-standard","has-post-thumbnail","hentry","category-noticias"],"_links":{"self":[{"href":"https:\/\/www.sincomam.org.br\/index.php\/wp-json\/wp\/v2\/posts\/64424","targetHints":{"allow":["GET"]}}],"collection":[{"href":"https:\/\/www.sincomam.org.br\/index.php\/wp-json\/wp\/v2\/posts"}],"about":[{"href":"https:\/\/www.sincomam.org.br\/index.php\/wp-json\/wp\/v2\/types\/post"}],"author":[{"embeddable":true,"href":"https:\/\/www.sincomam.org.br\/index.php\/wp-json\/wp\/v2\/users\/1527"}],"replies":[{"embeddable":true,"href":"https:\/\/www.sincomam.org.br\/index.php\/wp-json\/wp\/v2\/comments?post=64424"}],"version-history":[{"count":1,"href":"https:\/\/www.sincomam.org.br\/index.php\/wp-json\/wp\/v2\/posts\/64424\/revisions"}],"predecessor-version":[{"id":64426,"href":"https:\/\/www.sincomam.org.br\/index.php\/wp-json\/wp\/v2\/posts\/64424\/revisions\/64426"}],"wp:featuredmedia":[{"embeddable":true,"href":"https:\/\/www.sincomam.org.br\/index.php\/wp-json\/wp\/v2\/media\/64425"}],"wp:attachment":[{"href":"https:\/\/www.sincomam.org.br\/index.php\/wp-json\/wp\/v2\/media?parent=64424"}],"wp:term":[{"taxonomy":"category","embeddable":true,"href":"https:\/\/www.sincomam.org.br\/index.php\/wp-json\/wp\/v2\/categories?post=64424"},{"taxonomy":"post_tag","embeddable":true,"href":"https:\/\/www.sincomam.org.br\/index.php\/wp-json\/wp\/v2\/tags?post=64424"}],"curies":[{"name":"wp","href":"https:\/\/api.w.org\/{rel}","templated":true}]}}