{"id":64337,"date":"2026-03-12T10:37:18","date_gmt":"2026-03-12T13:37:18","guid":{"rendered":"https:\/\/www.sincomam.org.br\/?p=64337"},"modified":"2026-03-12T10:37:18","modified_gmt":"2026-03-12T13:37:18","slug":"wsc-alerta-para-riscos-vividos-por-maritimos-e-para-navegacao-no-oriente-medio","status":"publish","type":"post","link":"https:\/\/www.sincomam.org.br\/index.php\/wsc-alerta-para-riscos-vividos-por-maritimos-e-para-navegacao-no-oriente-medio\/","title":{"rendered":"WSC alerta para riscos vividos por mar\u00edtimos e para navega\u00e7\u00e3o no Oriente M\u00e9dio"},"content":{"rendered":"<p>O presidente e CEO do Conselho Mundial de Navega\u00e7\u00e3o (<em>World Shipping Council<\/em>), Joe Kramek alertou, nesta quarta-feira (11), para os riscos que embarca\u00e7\u00f5es e seus tripulantes correm ao navegar pelo Oriente M\u00e9dio. Ele disse que cerca de 20.000 mar\u00edtimos que est\u00e3o na regi\u00e3o enfrentam situa\u00e7\u00e3o de seguran\u00e7a altamente incerta por causa da guerra entre Estados Unidos, Israel e Ir\u00e3 e que envolve outors pa\u00edses.<\/p>\n<p>Kramek lembrou que diversas embarca\u00e7\u00f5es comerciais foram atingidas desde o in\u00edcio do conflito e que v\u00e1rios tripulantes foram mortos. \u201cOs mar\u00edtimos n\u00e3o fazem parte deste conflito, mas est\u00e3o cada vez mais envolvidos nele. S\u00e3o homens e mulheres que est\u00e3o simplesmente fazendo seu trabalho no mar\u201d, afirmou o l\u00edder do WSC.<\/p>\n<p>Ele pediu que Organiza\u00e7\u00e3o Mar\u00edtima Internacional (IMO) tome medidas para garantir a prote\u00e7\u00e3o dos mar\u00edtimos e o respeito \u00e0 liberdade de navega\u00e7\u00e3o e afirmou que a seguran\u00e7a das tripula\u00e7\u00f5es deve ser a prioridade absoluta. \u201cNossos pensamentos est\u00e3o com os marinheiros que perderam suas vidas, suas fam\u00edlias e as tripula\u00e7\u00f5es que ainda operam na regi\u00e3o em condi\u00e7\u00f5es extremamente dif\u00edceis e perigosas\u201d, disse Kramek.<\/p>\n<div class=\"addtoany_container\">Fonte: Portos e Navios<\/div>\n","protected":false},"excerpt":{"rendered":"<p>O presidente e CEO do Conselho Mundial de Navega\u00e7\u00e3o (World Shipping Council), Joe Kramek alertou, nesta quarta-feira (11), para os riscos que embarca\u00e7\u00f5es e seus&#8230;<\/p>\n","protected":false},"author":1527,"featured_media":64338,"comment_status":"closed","ping_status":"closed","sticky":false,"template":"","format":"standard","meta":{"footnotes":""},"categories":[6],"tags":[],"class_list":["post-64337","post","type-post","status-publish","format-standard","has-post-thumbnail","hentry","category-noticias"],"_links":{"self":[{"href":"https:\/\/www.sincomam.org.br\/index.php\/wp-json\/wp\/v2\/posts\/64337","targetHints":{"allow":["GET"]}}],"collection":[{"href":"https:\/\/www.sincomam.org.br\/index.php\/wp-json\/wp\/v2\/posts"}],"about":[{"href":"https:\/\/www.sincomam.org.br\/index.php\/wp-json\/wp\/v2\/types\/post"}],"author":[{"embeddable":true,"href":"https:\/\/www.sincomam.org.br\/index.php\/wp-json\/wp\/v2\/users\/1527"}],"replies":[{"embeddable":true,"href":"https:\/\/www.sincomam.org.br\/index.php\/wp-json\/wp\/v2\/comments?post=64337"}],"version-history":[{"count":1,"href":"https:\/\/www.sincomam.org.br\/index.php\/wp-json\/wp\/v2\/posts\/64337\/revisions"}],"predecessor-version":[{"id":64339,"href":"https:\/\/www.sincomam.org.br\/index.php\/wp-json\/wp\/v2\/posts\/64337\/revisions\/64339"}],"wp:featuredmedia":[{"embeddable":true,"href":"https:\/\/www.sincomam.org.br\/index.php\/wp-json\/wp\/v2\/media\/64338"}],"wp:attachment":[{"href":"https:\/\/www.sincomam.org.br\/index.php\/wp-json\/wp\/v2\/media?parent=64337"}],"wp:term":[{"taxonomy":"category","embeddable":true,"href":"https:\/\/www.sincomam.org.br\/index.php\/wp-json\/wp\/v2\/categories?post=64337"},{"taxonomy":"post_tag","embeddable":true,"href":"https:\/\/www.sincomam.org.br\/index.php\/wp-json\/wp\/v2\/tags?post=64337"}],"curies":[{"name":"wp","href":"https:\/\/api.w.org\/{rel}","templated":true}]}}