{"id":64329,"date":"2026-03-11T11:10:08","date_gmt":"2026-03-11T14:10:08","guid":{"rendered":"https:\/\/www.sincomam.org.br\/?p=64329"},"modified":"2026-03-11T11:10:08","modified_gmt":"2026-03-11T14:10:08","slug":"petrobras-diz-que-pode-reduzir-impacto-da-alta-do-petroleo-no-brasil","status":"publish","type":"post","link":"https:\/\/www.sincomam.org.br\/index.php\/petrobras-diz-que-pode-reduzir-impacto-da-alta-do-petroleo-no-brasil\/","title":{"rendered":"Petrobras diz que pode reduzir impacto da alta do petr\u00f3leo no Brasil"},"content":{"rendered":"<p><strong>A Petrobras informou que pode reduzir o impacto da alta do petr\u00f3leo no Brasil ao mesmo tempo que mant\u00e9m a rentabilidade da companhia.<\/strong><img decoding=\"async\" src=\"https:\/\/agenciabrasil.ebc.com.br\/ebc.png?id=1681344&amp;o=node\" \/><img decoding=\"async\" src=\"https:\/\/agenciabrasil.ebc.com.br\/ebc.gif?id=1681344&amp;o=node\" \/><\/p>\n<p>\u201cEm um cen\u00e1rio em que guerras e tens\u00f5es geopol\u00edticas ampliam a volatilidade do mercado internacional de energia, a Petrobras reafirma seu compromisso com a mitiga\u00e7\u00e3o desses efeitos sobre o Brasil\u201d, disse a estatal, em nota encaminhada \u00e0\u00a0<strong>Ag\u00eancia Brasil<\/strong>.<\/p>\n<p>A Petrobras acrescentou que \u00e9 poss\u00edvel reduzir os efeitos da infla\u00e7\u00e3o global em decorr\u00eancia da alta do petr\u00f3leo porque a empresa passou a considerar, em sua estrat\u00e9gia comercial, \u201cas melhores condi\u00e7\u00f5es de refino e log\u00edstica\u201d.<\/p>\n<blockquote><p>\u201cO que nos permite promover per\u00edodos de estabilidade nos pre\u00e7os ao mesmo tempo que resguarda a nossa rentabilidade de maneira sustent\u00e1vel. Essa abordagem reduz a transmiss\u00e3o imediata das varia\u00e7\u00f5es internacionais para o mercado brasileiro\u201d, diz o comunicado.<\/p><\/blockquote>\n<p>A Petrobras acrescentou que, por quest\u00f5es concorrenciais, n\u00e3o pode antecipar decis\u00f5es, mas que segue comprometida com atua\u00e7\u00e3o \u201crespons\u00e1vel, equilibrada e transparente para a sociedade brasileira\u201d<\/p>\n<h2>Alta do petr\u00f3leo<\/h2>\n<p>A guerra no Ir\u00e3, e o\u00a0fechamento do Estreito de Ormuz, no Oriente M\u00e9dio, por onde trafegam cerca de 25% do petr\u00f3leo mundial,\u00a0tem elevado o pre\u00e7o do barril\u00a0no mercado global, chegando a US$ 120 na segunda-feira (9).<\/p>\n<p>Por\u00e9m, ap\u00f3s o presidente Donald Trump, dos Estados Unidos (EUA), afirmar que a\u00a0guerra estaria pr\u00f3xima do fim, os pre\u00e7os voltaram a cair, e hoje o barril Brent \u00e9 comercializado abaixo dos USS 100, por\u00e9m ainda acima dos cerca de US$ 70, valor m\u00e9dio antes do conflito.<\/p>\n<p>Ap\u00f3s o fechamento dos mercados, Trump voltou a amea\u00e7ar o Ir\u00e3 ontem com ataques \u201cvinte vezes mais forte\u201d que \u201ctornar\u00e3o praticamente imposs\u00edvel a reconstru\u00e7\u00e3o do Ir\u00e3 como na\u00e7\u00e3o\u201d caso Teer\u00e3 continue bloqueando o Estreito de Ormuz.<\/p>\n<h2>Pol\u00edtica de pre\u00e7os<\/h2>\n<p><strong>A diretora t\u00e9cnica do Instituto de Estudos Estrat\u00e9gicos em Petr\u00f3leo,\u00a0G\u00e1s Natural e Biocombust\u00edveis\u00a0Z\u00e9 Eduardo Dutra\u00a0(Ineep), Ticiana \u00c1lvares, destaca que a capacidade da Petrobras de mitigar, ao menos em parte, os efeito da alta do petr\u00f3leo \u00e9 poss\u00edvel porque a companhia abandonou, em 2023, a pol\u00edtica de paridade do pre\u00e7o internacional (PPI).<\/strong>\u00a0Essa pol\u00edtica determinava a revenda de acordo com os pre\u00e7os globais.<\/p>\n<blockquote><p>\u201cA pol\u00edtica da Petrobras acompanhava 100% a trajet\u00f3ria dos pre\u00e7os internacionais. Essa pol\u00edtica modificou e agora leva em considera\u00e7\u00e3o fatores internos, que \u00e9 essa margem de manobra que a Petrobras tem\u201d, disse a especialista.<\/p><\/blockquote>\n<p>Apesar dessa margem de manobra, Ticiana acrescentou que a a\u00e7\u00e3o da Petrobras tem efeito limitado e tempor\u00e1rio, em especial, porque o Brasil ainda \u00e9 um grande importador de derivados, como gasolina e diesel, al\u00e9m de ter refinarias privatizadas.<\/p>\n<p>\u201cA refinaria da Bahia, a Rlam, foi privatizada. Logo, voc\u00ea tem menos mecanismos de segurar o pre\u00e7o dessas refinarias que foram privatizadas do que, por exemplo, a Petrobras tem\u201d, finalizou.<\/p>\n<p>Fonte: Ag\u00eancia Brasil<\/p>\n","protected":false},"excerpt":{"rendered":"<p>A Petrobras informou que pode reduzir o impacto da alta do petr\u00f3leo no Brasil ao mesmo tempo que mant\u00e9m a rentabilidade da companhia. \u201cEm um&#8230;<\/p>\n","protected":false},"author":1527,"featured_media":64330,"comment_status":"closed","ping_status":"closed","sticky":false,"template":"","format":"standard","meta":{"footnotes":""},"categories":[6],"tags":[],"class_list":["post-64329","post","type-post","status-publish","format-standard","has-post-thumbnail","hentry","category-noticias"],"_links":{"self":[{"href":"https:\/\/www.sincomam.org.br\/index.php\/wp-json\/wp\/v2\/posts\/64329","targetHints":{"allow":["GET"]}}],"collection":[{"href":"https:\/\/www.sincomam.org.br\/index.php\/wp-json\/wp\/v2\/posts"}],"about":[{"href":"https:\/\/www.sincomam.org.br\/index.php\/wp-json\/wp\/v2\/types\/post"}],"author":[{"embeddable":true,"href":"https:\/\/www.sincomam.org.br\/index.php\/wp-json\/wp\/v2\/users\/1527"}],"replies":[{"embeddable":true,"href":"https:\/\/www.sincomam.org.br\/index.php\/wp-json\/wp\/v2\/comments?post=64329"}],"version-history":[{"count":1,"href":"https:\/\/www.sincomam.org.br\/index.php\/wp-json\/wp\/v2\/posts\/64329\/revisions"}],"predecessor-version":[{"id":64331,"href":"https:\/\/www.sincomam.org.br\/index.php\/wp-json\/wp\/v2\/posts\/64329\/revisions\/64331"}],"wp:featuredmedia":[{"embeddable":true,"href":"https:\/\/www.sincomam.org.br\/index.php\/wp-json\/wp\/v2\/media\/64330"}],"wp:attachment":[{"href":"https:\/\/www.sincomam.org.br\/index.php\/wp-json\/wp\/v2\/media?parent=64329"}],"wp:term":[{"taxonomy":"category","embeddable":true,"href":"https:\/\/www.sincomam.org.br\/index.php\/wp-json\/wp\/v2\/categories?post=64329"},{"taxonomy":"post_tag","embeddable":true,"href":"https:\/\/www.sincomam.org.br\/index.php\/wp-json\/wp\/v2\/tags?post=64329"}],"curies":[{"name":"wp","href":"https:\/\/api.w.org\/{rel}","templated":true}]}}